{"id":615063,"date":"2025-12-22T03:58:23","date_gmt":"2025-12-22T03:58:23","guid":{"rendered":"https:\/\/www.europesays.com\/fr\/615063\/"},"modified":"2025-12-22T03:58:23","modified_gmt":"2025-12-22T03:58:23","slug":"les-bons-plans-max-radio-du-22-12-au-28-12","status":"publish","type":"post","link":"https:\/\/www.europesays.com\/fr\/615063\/","title":{"rendered":"Les Bons Plans Max Radio du 22\/12 au 28\/12"},"content":{"rendered":"<p>Chaque semaine, retrouvez les meilleurs bons plans de Grenoble et Chamb\u00e9ry ! <br \/>Que vous soyez \u00e0 la recherche d&rsquo;activit\u00e9s, de sorties, d&rsquo;\u00e9v\u00e9nements ou de bonnes adresses, nous vous partageons tout ce qu&rsquo;il ne faut pas manquer.<\/p>\n<p>Les Bons Plans \u00e0 Grenoble :<\/p>\n<p> <b>Rendez-vous : le 24 d\u00e9cembre, de 17h30 \u00e0 17h45, au Front de neige \/ pied des pistes &#8211; Chamrousse 1650n REcoin.<\/b><\/p>\n<p>Venez d\u00e9couvrir la descente aux flambeaux des moniteurs de l&rsquo;\u00c9cole de Ski Fran\u00e7ais (ESF) pendant les \u00e9v\u00e9nements de fin d&rsquo;ann\u00e9e et lors des vacances d&rsquo;hiver.<br \/>Arriv\u00e9e de la descente sur le front de neige, plus d&rsquo;informations aupr\u00e8s des bureaux ESF.<\/p>\n<p>Vous avez la possibilit\u00e9 de rentrer en navette gratuite station (selon les heures indiqu\u00e9es sur le d\u00e9pliant). <br \/>Descente annul\u00e9e en cas de mauvaises conditions m\u00e9t\u00e9orologiques. Renseignements aupr\u00e8s de l&rsquo;ESF.<br \/>Une chamallow party pr\u00e9c\u00e9dera la descente \u00e0 17h30 (uniquement pour les vacances de f\u00e9vrier &#8211; mars)<br \/>Renfort navette : 2 navettes suppl\u00e9mentaires entre 17h30 et 19h30 puis renfort des 2 navettes devant la t\u00e9l\u00e9cabine apr\u00e8s la descente vers 19h15.<\/p>\n<p><a class=\"url\" href=\"https:\/\/www.grenoble-tourisme.com\/fr\/decouvrir\/evenements\/agenda\/detail\/descente-aux-flambeaux-des-moniteurs-esf-5128022\/\" target=\"_blank\" rel=\"noopener\">En savoir plus.<\/a><\/p>\n<tr>\n<td class=\"defaut\"><a href=\"https:\/\/www.radioscoop.com\/agenda\/javascript:void(0)\" onclick=\"parent.RS.diaporama.addMedia(719845) ;\" target=\"_blank\" rel=\"noopener\"><img loading=\"lazy\" decoding=\"async\" src=\"https:\/\/www.europesays.com\/fr\/wp-content\/uploads\/2025\/12\/1766375893_614_img\" width=\"640\" height=\"360\" border=\"0\" title=\"\u00ebbczhjb\"\/><\/a><\/td>\n<\/tr>\n<p> <b>Rendez-vous : le 19 d\u00e9cembre, de 20h \u00e0 22h30, au V and B Grenoble.<\/b><\/p>\n<p>De retour cette ann\u00e9e, le P\u00e8re et la M\u00e8re No\u00ebl nous font le privil\u00e8ge de venir passer la soir\u00e9e avec des surprises plein leurs hottes !!!<br \/>Descendus du p\u00f4le nord ils viendront r\u00e9chauffer le V and B !<\/p>\n<p>&#8211; Bruno WATTS aux platines<br \/>&#8211; Distribution de cadeaux<br \/>&#8211; Bi\u00e8res de no\u00ebl<\/p>\n<p><a class=\"url\" href=\"https:\/\/www.grenoble-tourisme.com\/fr\/decouvrir\/evenements\/agenda\/detail\/soiree-pere-et-mere-noel-7619251\/\" target=\"_blank\" rel=\"noopener\">En savoir plus.<\/a><\/p>\n<tr>\n<td class=\"defaut\"><a href=\"https:\/\/www.radioscoop.com\/agenda\/javascript:void(0)\" onclick=\"parent.RS.diaporama.addMedia(719846) ;\" target=\"_blank\" rel=\"noopener\"><img loading=\"lazy\" decoding=\"async\" src=\"https:\/\/www.europesays.com\/fr\/wp-content\/uploads\/2025\/12\/1766375896_260_img\" width=\"640\" height=\"480\" border=\"0\" title=\"gvyhv\"\/><\/a><\/td>\n<\/tr>\n<p> <b>Rendez-vous : le 19 d\u00e9cembre, de 20h \u00e0 1h, \u00e0 La Passoire.<\/b><\/p>\n<p>Cette ann\u00e9e, on va secouer plus fort que les grelots du tra\u00eeneau !<\/p>\n<p>Viens vivre LA soir\u00e9e o\u00f9 tu peux danser sans honte, chanter trop fort et pr\u00e9tendre que ton pull moche de No\u00ebl est \u201cultra styl\u00e9\u201d.<br \/>DJ Ghenz va t&rsquo;ambiancer comme jamais pour te faire oublier tes cadeaux \u00e0 acheter, le repas de No\u00ebl relou et le fait que Mariah Carey revient encore !!!<\/p>\n<p><a class=\"url\" href=\"https:\/\/www.grenoble-tourisme.com\/fr\/decouvrir\/evenements\/agenda\/detail\/la-super-giga-boum-de-noel-7619057\/\" target=\"_blank\" rel=\"noopener\">Je prends ma place !<\/a><\/p>\n<tr>\n<td class=\"defaut\"><a href=\"https:\/\/www.radioscoop.com\/agenda\/javascript:void(0)\" onclick=\"parent.RS.diaporama.addMedia(719848) ;\" target=\"_blank\" rel=\"noopener\"><img loading=\"lazy\" decoding=\"async\" src=\"https:\/\/www.europesays.com\/fr\/wp-content\/uploads\/2025\/12\/1766375898_835_img\" width=\"640\" height=\"358\" border=\"0\" title=\"hvhjgb\"\/><\/a><\/td>\n<\/tr>\n<p> <b>Rendez-vous : le 20 d\u00e9cembre, \u00e0 20h, au Summum.<\/b><\/p>\n<p>Le nouveau spectacle \u201cDisney en Concert?: Autour du Monde\u201d invite \u00e0 un voyage musical et visuel extraordinaire \u00e0 travers les univers les plus embl\u00e9matiques de Disney.<\/p>\n<p><a class=\"url\" href=\"https:\/\/www.grenoble-tourisme.com\/fr\/decouvrir\/evenements\/agenda\/detail\/disney-en-concert-7381997\/\" target=\"_blank\" rel=\"noopener\">Je prends ma place !<\/a><\/p>\n<tr>\n<td class=\"defaut\"><img loading=\"lazy\" decoding=\"async\" src=\"https:\/\/www.europesays.com\/fr\/wp-content\/uploads\/2025\/12\/1766375900_420_img\" width=\"168\" height=\"300\" border=\"0\" title=\"hvhvj\"\/><\/td>\n<\/tr>\n<p> <b>Rendez-vous : le 20 d\u00e9cembre, de 10h \u00e0 19h (tirage au sort \u00e0 19h), au march\u00e9 de No\u00ebl de Grenoble Place Victor Hugo.<\/b><\/p>\n<p>La Ville de Grenoble organise une tombola pour monter en avant-premi\u00e8re dans la tour Perret !<\/p>\n<p>Pour participer, rendez-vous au chalet animation du march\u00e9 de No\u00ebl le samedi 20 d\u00e9cembre de 10h \u00e0 19h. La participation \u00e0 la tombola est ouverte aux personnes majeures en capacit\u00e9 de monter \u00e0 pied 400 marches pour atteindre le sommet et surtout non sujettes au vertige.<br \/>Le tirage au sort aura lieu \u00e0 19h et sera effectu\u00e9 par le P\u00e8re-No\u00ebl.<br \/>Les 8 premi\u00e8res personnes tir\u00e9es au sort gagneront une mont\u00e9e dans la tour le vendredi 9 janvier et une tour Perret en chocolat Thierry Court. Les 20 personnes suivantes gagneront une tour Perret en chocolat Thierry Court.<\/p>\n<p><a class=\"url\" href=\"https:\/\/www.grenoble-tourisme.com\/fr\/decouvrir\/evenements\/agenda\/detail\/jouez-gagnez-visitez-la-tour-perret-7618069\/\" target=\"_blank\" rel=\"noopener\">Je prends ma place !<\/a><\/p>\n<tr>\n<td class=\"defaut\"><a href=\"https:\/\/www.radioscoop.com\/agenda\/javascript:void(0)\" onclick=\"parent.RS.diaporama.addMedia(719850) ;\" target=\"_blank\" rel=\"noopener\"><img loading=\"lazy\" decoding=\"async\" src=\"https:\/\/www.europesays.com\/fr\/wp-content\/uploads\/2025\/12\/1766375903_802_img\" width=\"454\" height=\"640\" border=\"0\" title=\"tfkujhb\"\/><\/a><\/td>\n<\/tr>\n<p><\/p>\n","protected":false},"excerpt":{"rendered":"Chaque semaine, retrouvez les meilleurs bons plans de Grenoble et Chamb\u00e9ry ! Que vous soyez \u00e0 la recherche&hellip;\n","protected":false},"author":2,"featured_media":615064,"comment_status":"","ping_status":"","sticky":false,"template":"","format":"standard","meta":{"footnotes":""},"categories":[9566],"tags":[1111,11,2430,677,12362,1777,674,1011,27,2731,12,7518,25],"class_list":{"0":"post-615063","1":"post","2":"type-post","3":"status-publish","4":"format-standard","5":"has-post-thumbnail","7":"category-grenoble","8":"tag-actu","9":"tag-actualites","10":"tag-auvergne-rhone-alpes","11":"tag-bons-plans","12":"tag-chambry","13":"tag-eu","14":"tag-europe","15":"tag-fr","16":"tag-france","17":"tag-grenoble","18":"tag-news","19":"tag-octobre","20":"tag-republique-francaise"},"share_on_mastodon":{"url":"https:\/\/pubeurope.com\/@fr\/115761221046438958","error":""},"_links":{"self":[{"href":"https:\/\/www.europesays.com\/fr\/wp-json\/wp\/v2\/posts\/615063","targetHints":{"allow":["GET"]}}],"collection":[{"href":"https:\/\/www.europesays.com\/fr\/wp-json\/wp\/v2\/posts"}],"about":[{"href":"https:\/\/www.europesays.com\/fr\/wp-json\/wp\/v2\/types\/post"}],"author":[{"embeddable":true,"href":"https:\/\/www.europesays.com\/fr\/wp-json\/wp\/v2\/users\/2"}],"replies":[{"embeddable":true,"href":"https:\/\/www.europesays.com\/fr\/wp-json\/wp\/v2\/comments?post=615063"}],"version-history":[{"count":0,"href":"https:\/\/www.europesays.com\/fr\/wp-json\/wp\/v2\/posts\/615063\/revisions"}],"wp:featuredmedia":[{"embeddable":true,"href":"https:\/\/www.europesays.com\/fr\/wp-json\/wp\/v2\/media\/615064"}],"wp:attachment":[{"href":"https:\/\/www.europesays.com\/fr\/wp-json\/wp\/v2\/media?parent=615063"}],"wp:term":[{"taxonomy":"category","embeddable":true,"href":"https:\/\/www.europesays.com\/fr\/wp-json\/wp\/v2\/categories?post=615063"},{"taxonomy":"post_tag","embeddable":true,"href":"https:\/\/www.europesays.com\/fr\/wp-json\/wp\/v2\/tags?post=615063"}],"curies":[{"name":"wp","href":"https:\/\/api.w.org\/{rel}","templated":true}]}}