{"id":61507,"date":"2025-04-29T10:02:07","date_gmt":"2025-04-29T10:02:07","guid":{"rendered":"https:\/\/www.europesays.com\/fr\/61507\/"},"modified":"2025-04-29T10:02:07","modified_gmt":"2025-04-29T10:02:07","slug":"mini-louche-dor-spectacles-concerts-le-programme-de-ledition-2025-de-la-fete-de-la-soupe-a-lille","status":"publish","type":"post","link":"https:\/\/www.europesays.com\/fr\/61507\/","title":{"rendered":"Mini Louche d\u2019Or, spectacles, concerts\u2026 Le programme de l\u2019\u00e9dition 2025 de la F\u00eate de la soupe \u00e0 Lille"},"content":{"rendered":"<p>            Par<br \/>\n        <strong><br \/>\n            <a href=\"https:\/\/actu.fr\/auteur\/amandine-vachez\" title=\"Consulter tous les articles de Amandine Vachez\" rel=\"nofollow noopener\" target=\"_blank\">Amandine Vachez<\/a><br \/>\n        <\/strong><\/p>\n<p>        Publi\u00e9 le<\/p>\n<p>            29 avr. 2025 \u00e0 11h50        <\/p>\n<p>Si vous \u00eates originaire de <a href=\"https:\/\/actu.fr\/lille\/\" rel=\"nofollow noopener\" target=\"_blank\">Lille<\/a> (Nord), vous avez sans doute des souvenirs de la <b>F\u00eate de la soupe<\/b>. Chaque<b> 1er mai, <\/b>cette<b> grande f\u00eate populaire<\/b> autour\u2026 de la soupe, se tient dans le quartier de <b>Wazemmes<\/b>. Quel<b> programme est annonc\u00e9 pour 2025\u2009? <\/b>On vous liste l\u2019essentiel \u00e0 avoir en t\u00eate.<\/p>\n<p>Une 25e \u00e9dition qui s\u2019ouvre \u00e0 toute la famille<\/p>\n<p class=\" wall-content\">La F\u00eate de la soupe se tiendra <b>de 14\u2009h \u00e0 21\u2009h<\/b> \u00e0 Wazemmes. Ce sera la 25e \u00e9dition\u2009! Un bel anniversaire pour lequel les gens du quartier et l\u2019association organisatrice Attacafa ont pr\u00e9par\u00e9 \u00ab\u2009une nouvelle recette bien assaisonn\u00e9e\u2009\u00bb. \u00ab\u2009Ouverture des marmites d\u00e8s 14\u2009h et tout <b>nouvel espace au square Ghesqui\u00e8re<\/b>, sp\u00e9cialement pens\u00e9 pour les p\u2019tits choux et leurs parents\u2009\u00bb, annonce l\u2019Attacafa.<\/p>\n<p class=\" wall-content\">Les ingr\u00e9dients de base de la f\u00eate seront toujours pr\u00e9sents, avec\u2009: des concerts, des animations, de quoi boire et surtout\u2026 de la bonne soupe\u2009! Le concours couronnera le meilleur confectionneur de soupe, sur la grande sc\u00e8ne \u00e0 17\u2009h. Pour savoir comment s\u2019inscrire, <a href=\"https:\/\/docs.google.com\/forms\/d\/e\/1FAIpQLSdFLZzliXuuEqi5V6RWNWIaXfT9tmgi0t3EQZwQZtkXRPy5Tw\/viewform\" rel=\"nofollow noopener\" target=\"_blank\">c\u2019est par ici<\/a>. Ce dernier remportera la tant convoit\u00e9e<b> Louche d\u2019Or\u2009!<\/b><\/p>\n<p>Un mini Louche d\u2019Or pour les jeunes cuisiniers<\/p>\n<p class=\" wall-content\">Le concours s\u2019ouvre aux petits cuisiniers, cette ann\u00e9e, qui pr\u00e9senteront leurs recettes dans la \u00ab\u2009mini rue des soupes\u2009\u00bb, square Guesqui\u00e8re. Une <b>mini Louche d\u2019Or sera remise<\/b> sur la grande sc\u00e8ne, d\u00e9cern\u00e9e par\u2026 un jury d\u2019enfants\u2009!<\/p>\n<p class=\" wall-content\">De<b>s ateliers d\u00e9di\u00e9s aux 3-12\u00a0ans<\/b> seront propos\u00e9s tout au long de la journ\u00e9e. Il y aura aussi un espace de jeu livre et un \u00ab\u2009caf\u00e9\u2009\u00bb \u00e0 hauteur d\u2019enfants, avec diverses propositions de boissons.<\/p>\n<p>Vid\u00e9os : en ce moment sur ActuUne soupe de 250 litres et des stands solidaires<\/p>\n<p class=\" wall-content\">L\u2019organisation vous donne rendez-vous d\u00e8s 13\u2009h\u200930 sur le parvis de la Maison folie de Wazemmes \u00ab\u2009pour \u00e9plucher et cuisiner avec les b\u00e9n\u00e9voles de Disco Soupe\u2009! Une<b> soupe de 250 litres, pour lutter contre le gaspillage<\/b> dont les l\u00e9gumes proviennent d\u2019invendus de Vert\u2019Tige, Mes Voisins Producteurs, Coop\u00e9rative Norabio\u2026\u2009\u00bb, annonce l\u2019Attacafa.<\/p>\n<p class=\" wall-content\">Une vente de bols et tasses au profit du <b>Secours Populaire <\/b>de Lomme et une r\u00e9cup\u00e9ration de bouchons en li\u00e8ge pour<b> France Cancer<\/b> seront tenus sur place par des associations.<\/p>\n<p>Quels concerts \u00e0 la Maison folie\u2009?<\/p>\n<p class=\" wall-content\">Voici les <b>concerts annonc\u00e9s<\/b>, \u00e0 la Maison folie\u2009:<\/p>\n<ul class=\" wall-content\">\n<li>Mitsune\u2009: groupe de folk japonais\u2009;<\/li>\n<li>Kutu\u2009: un combo \u00e9thio-transe \u00ab\u2009incandescent, o\u00f9 la libert\u00e9 du jazz se m\u00eale \u00e0 la profondeur brute des sons azmaris\u2009\u00bb\u2009;<\/li>\n<li>La Chiva Gantiva\u2009: musique sans fronti\u00e8res\u2009! Ils vont vous faire bouger, danser, sauter avec leur musique m\u00e9langeant rock, funk, \u00e9lectro et punk sur des rythmes colombiens\u2009;<\/li>\n<li>A\u00efta mon amour\u2009: comme un passage de flambeau entre deux g\u00e9n\u00e9rations, Widad cr\u00e9e un r\u00e9cit musical \u00e0 partir de po\u00e8mes et chansons A\u00efta qui transitent\u2026<\/li>\n<\/ul>\n<p class=\" wall-content\">Place d\u2019Oujda, carte blanche sera donn\u00e9e \u00e0 Messi\u00ea Forr\u00f3, pour c\u00e9l\u00e9brer la <b>musique et la culture br\u00e9silienne<\/b>. Les Vilains Chicots, les Ros Cosmos, Triop\u2019s et Talons Aiguilles se chargeront de booster les foules dans les rues\u2009! Ghislaine et Patricia, \u00ab\u2009the pr\u00e9sentatrices\u2009\u00bb, seront vos h\u00f4tes sur la grande sc\u00e8ne, pour animer la f\u00eate.<\/p>\n<p>Des spectacles en continu<\/p>\n<p class=\" wall-content\">Tout au long de l\u2019\u00e9v\u00e9nement, des artistes entreront dans la peau de personnages plus ou moins hauts en couleur, pour proposer <b>un<\/b> <b>joli spectre de spectacles\u2009:<\/b><\/p>\n<ul class=\" wall-content\">\n<li>La Cie L\u2019Estafette pr\u00e9sentera sa cr\u00e9ation 2025, \u00ab\u2009Les banquales\u2009\u00bb pour accueillir les spectateurs du square Ghesqui\u00e8re d\u2019une fa\u00e7on tr\u00e8s originale\u2026<\/li>\n<li>La Cie Biscoitinho pr\u00e9sentera \u00ab\u2009Fr\u00e9\u2019veau\u2009\u00bb, une cr\u00e9ation tant\u00f4t tr\u00e9pidante et rapide voire acrobatique, tant\u00f4t po\u00e9tique et sensible.<\/li>\n<li>Vous pourrez aussi d\u00e9couvrir \u00ab\u00a0Les Im [poste] urs, de la Cie Noutique, entre cr\u00e9ation th\u00e9\u00e2trale et d\u00e9veloppement culturel. Et si on recr\u00e9ait un lien avec un service postal d\u00e9cal\u00e9\u2009? Voil\u00e0 de quoi intriguer.<\/li>\n<\/ul>\n<p class=\" wall-content\">C\u00f4t\u00e9 animations, la \u00ab\u2009Radio Cagette\u2009\u00bb de la Cie Couscous Kermesse vous emportera dans ses frasques. Un <b>spectacle participatif <\/b>entre DJ set, jeu radio, bal populaire et interviesws plateau\u2026 La gastronomie sera mise \u00e0 l\u2019honneur par la Cie Festijeux, avec \u00ab\u2009Les Toqu\u00e9s\u2009\u00bb. Les petits chefs \u00e9toil\u00e9s par\u00e9s de leur toque et de leur tablier d\u00e9couvrent les \u00e9tals du march\u00e9 du village. Cette animation sera propos\u00e9e en continu, pr\u00e9cise l\u2019organisation.<\/p>\n<p class=\" wall-content\">Maurice et Bertille vous emm\u00e8neront aussi dans leur univers de cr\u00e9ations (illustrations et textiles) \u00e0 partir de techniques artisanales et \u00e9coresponsables.<\/p>\n<p class=\" wall-content\">Ce sera assur\u00e9ment une belle f\u00eate pour tous les visiteurs, petits et grands\u2009!<\/p>\n<p class=\" wall-content\">Suivez toute l\u2019actualit\u00e9 de vos villes et m\u00e9dias favoris en vous inscrivant \u00e0 <a href=\"https:\/\/moncompte.actu.fr\" title=\"D\u00e9couvez Mon Actu\" rel=\"nofollow noopener\" data-trk=\"{&quot;cta&quot;:{&quot;action&quot;:&quot;https:\\\/\\\/moncompte.actu.fr&quot;,&quot;category&quot;:&quot;mon compte&quot;,&quot;from&quot;:&quot;article footer&quot;,&quot;name&quot;:&quot;Mon actu&quot;,&quot;type&quot;:&quot;cta&quot;}}\" target=\"_blank\">Mon Actu<\/a>.<\/p>\n","protected":false},"excerpt":{"rendered":"Par Amandine Vachez Publi\u00e9 le 29 avr. 2025 \u00e0 11h50 Si vous \u00eates originaire de Lille (Nord), vous&hellip;\n","protected":false},"author":2,"featured_media":61508,"comment_status":"","ping_status":"","sticky":false,"template":"","format":"standard","meta":{"footnotes":""},"categories":[2815],"tags":[1111,11,1777,674,652,1011,27,811,1307,1652,12,25],"class_list":{"0":"post-61507","1":"post","2":"type-post","3":"status-publish","4":"format-standard","5":"has-post-thumbnail","7":"category-lille","8":"tag-actu","9":"tag-actualites","10":"tag-eu","11":"tag-europe","12":"tag-famille","13":"tag-fr","14":"tag-france","15":"tag-hauts-de-france","16":"tag-lille","17":"tag-loisirs-culture","18":"tag-news","19":"tag-republique-francaise"},"share_on_mastodon":{"url":"https:\/\/pubeurope.com\/@fr\/114420681569088183","error":""},"_links":{"self":[{"href":"https:\/\/www.europesays.com\/fr\/wp-json\/wp\/v2\/posts\/61507","targetHints":{"allow":["GET"]}}],"collection":[{"href":"https:\/\/www.europesays.com\/fr\/wp-json\/wp\/v2\/posts"}],"about":[{"href":"https:\/\/www.europesays.com\/fr\/wp-json\/wp\/v2\/types\/post"}],"author":[{"embeddable":true,"href":"https:\/\/www.europesays.com\/fr\/wp-json\/wp\/v2\/users\/2"}],"replies":[{"embeddable":true,"href":"https:\/\/www.europesays.com\/fr\/wp-json\/wp\/v2\/comments?post=61507"}],"version-history":[{"count":0,"href":"https:\/\/www.europesays.com\/fr\/wp-json\/wp\/v2\/posts\/61507\/revisions"}],"wp:featuredmedia":[{"embeddable":true,"href":"https:\/\/www.europesays.com\/fr\/wp-json\/wp\/v2\/media\/61508"}],"wp:attachment":[{"href":"https:\/\/www.europesays.com\/fr\/wp-json\/wp\/v2\/media?parent=61507"}],"wp:term":[{"taxonomy":"category","embeddable":true,"href":"https:\/\/www.europesays.com\/fr\/wp-json\/wp\/v2\/categories?post=61507"},{"taxonomy":"post_tag","embeddable":true,"href":"https:\/\/www.europesays.com\/fr\/wp-json\/wp\/v2\/tags?post=61507"}],"curies":[{"name":"wp","href":"https:\/\/api.w.org\/{rel}","templated":true}]}}