{"id":615070,"date":"2025-12-22T04:05:19","date_gmt":"2025-12-22T04:05:19","guid":{"rendered":"https:\/\/www.europesays.com\/fr\/615070\/"},"modified":"2025-12-22T04:05:19","modified_gmt":"2025-12-22T04:05:19","slug":"luniversite-cote-dazur-va-lancer-la-construction-de-son-campus-de-sante-a-lest-de-nice-dici-fin-2026","status":"publish","type":"post","link":"https:\/\/www.europesays.com\/fr\/615070\/","title":{"rendered":"L\u2019Universit\u00e9 C\u00f4te d\u2019Azur va lancer la construction de son campus de Sant\u00e9 \u00e0 l\u2019est de Nice d\u2019ici fin 2026"},"content":{"rendered":"<p class=\"fs-5 \">Regrouper l\u2019ensemble des formations de sant\u00e9 du d\u00e9partement au m\u00eame endroit. C\u2019est l\u2019ambition de l\u2019Universit\u00e9 C\u00f4te d\u2019Azur, qui lance le projet de construction d\u2019un p\u00f4le universitaire Sant\u00e9 \u00e0 Nice, \u00e0 Saint-Jean d\u2019Angely. Le premier coup de pioche devrait \u00eatre donn\u00e9 fin 2026.<\/p>\n<p class=\"fs-5 \">Actuellement, seule la formation en odontologie est pr\u00e9sente \u00e0 Saint-Jean d\u2019Angely. La m\u00e9decine, la pharmacie, l\u2019orthophonie et les formations d\u2019infirmiers sont situ\u00e9es \u00e0 Pasteur, la ma\u00efeutique (sages-femmes) au mont Boron et la kin\u00e9sith\u00e9rapie \u00e0 Riquier. L\u2019objectif est de pouvoir tout regrouper en un seul et m\u00eame lieu. Seules les infirmi\u00e8res resteront \u00e0 Pasteur.<\/p>\n<p>        <img src=\"https:\/\/www.europesays.com\/fr\/wp-content\/uploads\/2025\/12\/07c1e26_upload-from-url-1-x3k13qoeklzx-data-art-10565405-9ydojpzz.jpg\"   loading=\"lazy\" decoding=\"async\" alt=\"Le futur campus sera \u00e9difi\u00e9 en lieu et place des parkings Saint-Jean-d\u2019Ang\u00e9ly, sur deux parcelles situ\u00e9es entre l\u2019avenue Fran\u00e7ois-Mitterrand et celle des Diables bleus, \u00e0 Nice. \" class=\"img-fluid position-absolute w-100 object-fit-cover rounded-2\" width=\"600\" height=\"400\"\/><\/p>\n<p>                                                                                Favoriser \u00ab l\u2019intersectorialit\u00e9 \u00bb<\/p>\n<p class=\"fs-5 \">Pour l\u2019Universit\u00e9 C\u00f4te d\u2019Azur, le d\u00e9veloppement de ce campus est strat\u00e9gique. Son pr\u00e9sident, Jeanick Brisswalter, esp\u00e8re ainsi \u00ab faire en sorte qu\u2019il y ait plus de porosit\u00e9 entre l\u2019ensemble des formations \u00bb et favoriser \u00ab l\u2019intersectorialit\u00e9 \u00bb. C\u2019est aussi r\u00e9pondre \u00e0 une demande croissante d\u2019\u00e9tudiants qui souhaitent se former en sant\u00e9, alors que plusieurs locaux sont aujourd\u2019hui \u00ab inadapt\u00e9s aux effectifs \u00bb, souligne Laurent Hottiaux, le pr\u00e9fet des Alpes-Maritimes. \u00ab Je suis content que \u00e7a participe \u00e0 la requalification du quartier est de Nice. C\u2019est extr\u00eamement important que ce c\u00f4t\u00e9 de la ville ne soit pas oubli\u00e9 \u00bb, s\u2019est r\u00e9joui le maire de Nice, Christian Estrosi.<\/p>\n<p>                                                                                Un projet \u00e0 48 millions d\u2019euros<\/p>\n<p class=\"fs-5 \">\u00c0 l\u2019origine chiffr\u00e9 \u00e0 pr\u00e8s de 75 millions d\u2019euros, selon Christian Estrosi, le projet est aujourd\u2019hui \u00e9valu\u00e9 \u00e0 48 millions d\u2019euros, cofinanc\u00e9 par l\u2019\u00c9tat (qui donne plus de 14,5 millions d\u2019euros), le D\u00e9partement (4 millions d\u2019euros), la R\u00e9gion et la M\u00e9tropole (8,9 millions d\u2019euros). Pour l\u2019heure, il manque encore 10 millions d\u2019euros pour que le compte y soit, alors le pr\u00e9sident de l\u2019Universit\u00e9 a invit\u00e9 les partenaires \u00e0 s\u2019engager gr\u00e2ce \u00e0 une lev\u00e9e de fonds.<\/p>\n<p class=\"fs-5 \">L\u2019objectif final est de cr\u00e9er 10 000 m2 d\u2019espaces d\u00e9di\u00e9s \u00e0 la formation, \u00e0 la place de deux parcelles servant actuellement de parking, entre le campus Saint-Jean d\u2019Angely et le jardin du m\u00eame nom.<\/p>\n<p class=\"fs-5 \">Le concours d\u2019architecte a \u00e9t\u00e9 lanc\u00e9, avec 46 candidatures re\u00e7ues. Le cabinet charg\u00e9 du projet \u2013 et son projet \u2013 sera d\u00e9sign\u00e9 en f\u00e9vrier 2026 pour qu\u2019il puisse travailler sur le sujet et entamer les travaux \u00e0 la fin de l\u2019ann\u00e9e 2026, ou d\u00e9but 2027. D\u2019apr\u00e8s les premi\u00e8res estimations, la livraison de l\u2019ouvrage est pr\u00e9vue au second semestre 2029.<\/p>\n","protected":false},"excerpt":{"rendered":"Regrouper l\u2019ensemble des formations de sant\u00e9 du d\u00e9partement au m\u00eame endroit. C\u2019est l\u2019ambition de l\u2019Universit\u00e9 C\u00f4te d\u2019Azur, qui&hellip;\n","protected":false},"author":2,"featured_media":615071,"comment_status":"","ping_status":"","sticky":false,"template":"","format":"standard","meta":{"footnotes":""},"categories":[2819],"tags":[1111,11,1777,674,1011,27,12,2401,882,25],"class_list":{"0":"post-615070","1":"post","2":"type-post","3":"status-publish","4":"format-standard","5":"has-post-thumbnail","7":"category-nice","8":"tag-actu","9":"tag-actualites","10":"tag-eu","11":"tag-europe","12":"tag-fr","13":"tag-france","14":"tag-news","15":"tag-nice","16":"tag-provence-alpes-cote-dazur","17":"tag-republique-francaise"},"share_on_mastodon":{"url":"https:\/\/pubeurope.com\/@fr\/115761246252592430","error":""},"_links":{"self":[{"href":"https:\/\/www.europesays.com\/fr\/wp-json\/wp\/v2\/posts\/615070","targetHints":{"allow":["GET"]}}],"collection":[{"href":"https:\/\/www.europesays.com\/fr\/wp-json\/wp\/v2\/posts"}],"about":[{"href":"https:\/\/www.europesays.com\/fr\/wp-json\/wp\/v2\/types\/post"}],"author":[{"embeddable":true,"href":"https:\/\/www.europesays.com\/fr\/wp-json\/wp\/v2\/users\/2"}],"replies":[{"embeddable":true,"href":"https:\/\/www.europesays.com\/fr\/wp-json\/wp\/v2\/comments?post=615070"}],"version-history":[{"count":0,"href":"https:\/\/www.europesays.com\/fr\/wp-json\/wp\/v2\/posts\/615070\/revisions"}],"wp:featuredmedia":[{"embeddable":true,"href":"https:\/\/www.europesays.com\/fr\/wp-json\/wp\/v2\/media\/615071"}],"wp:attachment":[{"href":"https:\/\/www.europesays.com\/fr\/wp-json\/wp\/v2\/media?parent=615070"}],"wp:term":[{"taxonomy":"category","embeddable":true,"href":"https:\/\/www.europesays.com\/fr\/wp-json\/wp\/v2\/categories?post=615070"},{"taxonomy":"post_tag","embeddable":true,"href":"https:\/\/www.europesays.com\/fr\/wp-json\/wp\/v2\/tags?post=615070"}],"curies":[{"name":"wp","href":"https:\/\/api.w.org\/{rel}","templated":true}]}}