{"id":615072,"date":"2025-12-22T04:06:31","date_gmt":"2025-12-22T04:06:31","guid":{"rendered":"https:\/\/www.europesays.com\/fr\/615072\/"},"modified":"2025-12-22T04:06:31","modified_gmt":"2025-12-22T04:06:31","slug":"il-a-ete-important-dans-mon-arrivee-haise-detaille-ses-retrouvailles-avec-rivere-de-retour-a-la-tete-du-club","status":"publish","type":"post","link":"https:\/\/www.europesays.com\/fr\/615072\/","title":{"rendered":"\u00ab\u00a0Il a \u00e9t\u00e9 important dans mon arriv\u00e9e\u00a0\u00bb, Haise d\u00e9taille ses retrouvailles avec Riv\u00e8re, de retour \u00e0 la t\u00eate du club"},"content":{"rendered":"<p>Nice : \u00ab\u00a0Il a \u00e9t\u00e9 important dans mon arriv\u00e9e\u00a0\u00bb, Haise d\u00e9taille ses retrouvailles avec Riv\u00e8re, de retour \u00e0 la t\u00eate du club Sur le m\u00eame sujet<a href=\"https:\/\/rmcsport.bfmtv.com\/football\/ligue-1\/video-nice-il-a-ete-important-dans-mon-arrivee-haise-detaille-ses-retrouvailles-avec-rivere-de-retour-a-la-tete-du-club_VN-202512210292.html\" title=\"Nice : &quot;Il a \u00e9t\u00e9 important dans mon arriv\u00e9e&quot;, Haise d\u00e9taille ses retrouvailles avec Riv\u00e8re, de retour \u00e0 la t\u00eate du club\" target=\"_blank\" rel=\"noopener\"><img class=\"lozad\"  width=\"16\" height=\"9\" alt=\"Nice : &quot;Il a \u00e9t\u00e9 important dans mon arriv\u00e9e&quot;, Haise d\u00e9taille ses retrouvailles avec Riv\u00e8re, de retour \u00e0 la t\u00eate du club\"\/>en lectureNice : \u00ab\u00a0Il a \u00e9t\u00e9 important dans mon arriv\u00e9e\u00a0\u00bb, Haise d\u00e9taille ses retrouvailles avec Riv\u00e8re, de retour \u00e0 la t\u00eate du club<\/a><a href=\"https:\/\/rmcsport.bfmtv.com\/football\/ligue-1\/video-fontenay-0-4-psg-historique-luis-enrique-rembobine-2025_VN-202512200349.html\" title=\"Fontenay 0-4 PSG : &quot;Historique&quot; Luis Enrique rembobine 2025\u00a0\" target=\"_blank\" rel=\"noopener\"><img class=\"lozad\"  width=\"16\" height=\"9\" alt=\"Fontenay 0-4 PSG : &quot;Historique&quot; Luis Enrique rembobine 2025\u00a0\"\/>1:01Fontenay 0-4 PSG : \u00ab\u00a0Historique\u00a0\u00bb Luis Enrique rembobine 2025\u00a0<\/a><a href=\"https:\/\/rmcsport.bfmtv.com\/replay-emissions\/les-grandes-gueules-du-sport\/video-ogc-nice-nice-en-perdition-il-n-y-a-pas-mieux-que-rivere-pour-ramener-la-paix-estime-dupraz_VN-202512200145.html\" title=\"OGC Nice : Nice en perdition ? \u201cIl n\u2019y a pas mieux que Riv\u00e8re pour ramener la paix\u201d, estime Dupraz\" target=\"_blank\" rel=\"noopener\"><img class=\"lozad\"  width=\"16\" height=\"9\" alt=\"OGC Nice : Nice en perdition ? \u201cIl n\u2019y a pas mieux que Riv\u00e8re pour ramener la paix\u201d, estime Dupraz\"\/>12:16OGC Nice : Nice en perdition ? \u201cIl n\u2019y a pas mieux que Riv\u00e8re pour ramener la paix\u201d, estime Dupraz<\/a><a href=\"https:\/\/rmcsport.bfmtv.com\/football\/coupe-de-france\/video-les-herbiers-0-0-5-6-angers-une-balle-de-match-la-deception-du-gardien-vendeen_VN-202512190972.html\" title=\"Les Herbiers 0-0 (5-6) Angers : &quot;Une balle de match...&quot; la d\u00e9ception du gardien vend\u00e9en\" target=\"_blank\" rel=\"noopener\"><img class=\"lozad\"  width=\"16\" height=\"9\" alt=\"Les Herbiers 0-0 (5-6) Angers : &quot;Une balle de match...&quot; la d\u00e9ception du gardien vend\u00e9en\"\/>0:54Les Herbiers 0-0 (5-6) Angers : \u00ab\u00a0Une balle de match&#8230;\u00a0\u00bb la d\u00e9ception du gardien vend\u00e9en<\/a><a href=\"https:\/\/rmcsport.bfmtv.com\/replay-emissions\/after-foot\/video-coupe-de-france-avranches-elimine-brest-je-kiffe-sourit-gravelaine_VN-202512190967.html\" title=\"Coupe de France - Avranches \u00e9limine Brest : &quot;Je kiffe&quot; sourit Gravelaine \" target=\"_blank\" rel=\"noopener\"><img class=\"lozad\"  width=\"16\" height=\"9\" alt=\"Coupe de France - Avranches \u00e9limine Brest : &quot;Je kiffe&quot; sourit Gravelaine \"\/>13:03Coupe de France &#8211; Avranches \u00e9limine Brest : \u00ab\u00a0Je kiffe\u00a0\u00bb sourit Gravelaine<\/a><a href=\"https:\/\/rmcsport.bfmtv.com\/football\/ligue-1\/video-psg-fracture-de-la-main-pour-safonov-on-serre-les-dents-avoue-costil_VN-202512190840.html\" title=\"PSG - Fracture de la main pour Safonov : &quot;On serre les dents&quot; avoue Costil\" target=\"_blank\" rel=\"noopener\"><img class=\"lozad\"  width=\"16\" height=\"9\" alt=\"PSG - Fracture de la main pour Safonov : &quot;On serre les dents&quot; avoue Costil\"\/>0:58PSG &#8211; Fracture de la main pour Safonov : \u00ab\u00a0On serre les dents\u00a0\u00bb avoue Costil<\/a><a href=\"https:\/\/rmcsport.bfmtv.com\/football\/ligue-1\/video-ol-nous-avons-des-cibles-fonseca-attend-du-renfort_VN-202512190702.html\" title=\"OL : &quot;Nous avons des cibles&quot;, Fonseca attend du renfort !\" target=\"_blank\" rel=\"noopener\"><img class=\"lozad\"  width=\"16\" height=\"9\" alt=\"OL : &quot;Nous avons des cibles&quot;, Fonseca attend du renfort !\"\/>1:09OL : \u00ab\u00a0Nous avons des cibles\u00a0\u00bb, Fonseca attend du renfort !<\/a><a href=\"https:\/\/rmcsport.bfmtv.com\/football\/video-om-il-n-y-a-pas-de-cas-balerdi-de-zerbi-denonce-des-mensonges_VN-202512190676.html\" title=\"OM :  &quot;Il n&#039;y a pas de cas Balerdi&quot;, De Zerbi d\u00e9nonce des &quot;mensonges&quot;\" target=\"_blank\" rel=\"noopener\"><img class=\"lozad\"  width=\"16\" height=\"9\" alt=\"OM :  &quot;Il n'y a pas de cas Balerdi&quot;, De Zerbi d\u00e9nonce des &quot;mensonges&quot;\"\/>2:41OM : \u00ab\u00a0Il n&rsquo;y a pas de cas Balerdi\u00a0\u00bb, De Zerbi d\u00e9nonce des \u00ab\u00a0mensonges\u00a0\u00bb<\/a><a href=\"https:\/\/rmcsport.bfmtv.com\/football\/ligue-1\/video-le-mal-est-profond-rivere-redevient-president-de-l-ogc-nice_VN-202512190621.html\" title=\"&quot;Le mal est profond&quot;, Riv\u00e8re redevient pr\u00e9sident de l&#039;OGC Nice !\" target=\"_blank\" rel=\"noopener\"><img class=\"lozad\"  width=\"16\" height=\"9\" alt=\"&quot;Le mal est profond&quot;, Riv\u00e8re redevient pr\u00e9sident de l'OGC Nice !\"\/>3:28&Prime;Le mal est profond\u00a0\u00bb, Riv\u00e8re redevient pr\u00e9sident de l&rsquo;OGC Nice !<\/a><a href=\"https:\/\/rmcsport.bfmtv.com\/football\/ligue-1\/video-ol-tout-le-monde-aurait-signe-mais-tolisso-juge-la-1ere-partie-de-saison_VN-202512190617.html\" title=\"OL : &quot;Tout le monde aurait sign\u00e9, mais\u2026&quot;, Tolisso juge la 1\u00e8re partie de saison\" target=\"_blank\" rel=\"noopener\"><img class=\"lozad\"  width=\"16\" height=\"9\" alt=\"OL : &quot;Tout le monde aurait sign\u00e9, mais\u2026&quot;, Tolisso juge la 1\u00e8re partie de saison\"\/>1:25OL : \u00ab\u00a0Tout le monde aurait sign\u00e9, mais\u2026\u00a0\u00bb, Tolisso juge la 1\u00e8re partie de saison<\/a><a href=\"https:\/\/rmcsport.bfmtv.com\/football\/ligue-1\/video-thauvin-sage-monaco-greenwood-chevalier-l-after-degaine-son-carnet-de-notes-de-mi-saison_VN-202512181005.html\" title=\"Ligue 1 : Thauvin, Sage, Monaco, Greenwood, Chevalier... l&#039;After d\u00e9gaine son carnet de notes de mi-saison\" target=\"_blank\" rel=\"noopener\"><img class=\"lozad\"  width=\"16\" height=\"9\" alt=\"Ligue 1 : Thauvin, Sage, Monaco, Greenwood, Chevalier... l'After d\u00e9gaine son carnet de notes de mi-saison\"\/>23:49Ligue 1 : Thauvin, Sage, Monaco, Greenwood, Chevalier&#8230; l&rsquo;After d\u00e9gaine son carnet de notes de mi-saison<\/a><a href=\"https:\/\/rmcsport.bfmtv.com\/football\/video-psg-safonov-solide-et-en-confiance-des-raisons-de-s-inquieter-pour-chevalier_VN-202512180922.html\" title=\"PSG : Safonov solide et en confiance... des raisons de s&#039;inqui\u00e9ter pour Chevalier ?\" target=\"_blank\" rel=\"noopener\"><img class=\"lozad\"  width=\"16\" height=\"9\" alt=\"PSG : Safonov solide et en confiance... des raisons de s'inqui\u00e9ter pour Chevalier ?\"\/>10:49PSG : Safonov solide et en confiance&#8230; des raisons de s&rsquo;inqui\u00e9ter pour Chevalier ?<\/a><a href=\"https:\/\/rmcsport.bfmtv.com\/football\/video-psg-comment-il-va-repondre-a-cette-pression-dembele-un-prime-ephemere-et-deja-termine_VN-202512180840.html\" title=\"PSG : &quot;Comment il va r\u00e9pondre \u00e0 cette pression ?&quot;, Demb\u00e9l\u00e9, un prime \u00e9ph\u00e9m\u00e8re et d\u00e9j\u00e0 termin\u00e9 ? \" target=\"_blank\" rel=\"noopener\"><img class=\"lozad\"  width=\"16\" height=\"9\" alt=\"PSG : &quot;Comment il va r\u00e9pondre \u00e0 cette pression ?&quot;, Demb\u00e9l\u00e9, un prime \u00e9ph\u00e9m\u00e8re et d\u00e9j\u00e0 termin\u00e9 ? \"\/>14:25PSG : \u00ab\u00a0Comment il va r\u00e9pondre \u00e0 cette pression ?\u00a0\u00bb, Demb\u00e9l\u00e9, un prime \u00e9ph\u00e9m\u00e8re et d\u00e9j\u00e0 termin\u00e9 ?<\/a><a href=\"https:\/\/rmcsport.bfmtv.com\/replay-emissions\/rothen-regale\/video-psg-chevalier-merite-de-rester-le-numero-1-estime-dugarry_VN-202512180800.html\" title=\"PSG : \u201cChevalier m\u00e9rite de rester le num\u00e9ro 1 !\u201d, estime Dugarry\" target=\"_blank\" rel=\"noopener\"><img class=\"lozad\"  width=\"16\" height=\"9\" alt=\"PSG : \u201cChevalier m\u00e9rite de rester le num\u00e9ro 1 !\u201d, estime Dugarry\"\/>11:45PSG : \u201cChevalier m\u00e9rite de rester le num\u00e9ro 1 !\u201d, estime Dugarry<\/a><a class=\"jumpToVideo\" target=\"_blank\"><img class=\"thumbnailPreview\"\/><\/a><\/p>\n","protected":false},"excerpt":{"rendered":"Nice : \u00ab\u00a0Il a \u00e9t\u00e9 important dans mon arriv\u00e9e\u00a0\u00bb, Haise d\u00e9taille ses retrouvailles avec Riv\u00e8re, de retour \u00e0&hellip;\n","protected":false},"author":2,"featured_media":615073,"comment_status":"","ping_status":"","sticky":false,"template":"","format":"standard","meta":{"footnotes":""},"categories":[2819],"tags":[1111,11,1777,674,1011,27,12,2401,882,25],"class_list":{"0":"post-615072","1":"post","2":"type-post","3":"status-publish","4":"format-standard","5":"has-post-thumbnail","7":"category-nice","8":"tag-actu","9":"tag-actualites","10":"tag-eu","11":"tag-europe","12":"tag-fr","13":"tag-france","14":"tag-news","15":"tag-nice","16":"tag-provence-alpes-cote-dazur","17":"tag-republique-francaise"},"share_on_mastodon":{"url":"https:\/\/pubeurope.com\/@fr\/115761249225819880","error":""},"_links":{"self":[{"href":"https:\/\/www.europesays.com\/fr\/wp-json\/wp\/v2\/posts\/615072","targetHints":{"allow":["GET"]}}],"collection":[{"href":"https:\/\/www.europesays.com\/fr\/wp-json\/wp\/v2\/posts"}],"about":[{"href":"https:\/\/www.europesays.com\/fr\/wp-json\/wp\/v2\/types\/post"}],"author":[{"embeddable":true,"href":"https:\/\/www.europesays.com\/fr\/wp-json\/wp\/v2\/users\/2"}],"replies":[{"embeddable":true,"href":"https:\/\/www.europesays.com\/fr\/wp-json\/wp\/v2\/comments?post=615072"}],"version-history":[{"count":0,"href":"https:\/\/www.europesays.com\/fr\/wp-json\/wp\/v2\/posts\/615072\/revisions"}],"wp:featuredmedia":[{"embeddable":true,"href":"https:\/\/www.europesays.com\/fr\/wp-json\/wp\/v2\/media\/615073"}],"wp:attachment":[{"href":"https:\/\/www.europesays.com\/fr\/wp-json\/wp\/v2\/media?parent=615072"}],"wp:term":[{"taxonomy":"category","embeddable":true,"href":"https:\/\/www.europesays.com\/fr\/wp-json\/wp\/v2\/categories?post=615072"},{"taxonomy":"post_tag","embeddable":true,"href":"https:\/\/www.europesays.com\/fr\/wp-json\/wp\/v2\/tags?post=615072"}],"curies":[{"name":"wp","href":"https:\/\/api.w.org\/{rel}","templated":true}]}}