{"id":61509,"date":"2025-04-29T10:03:07","date_gmt":"2025-04-29T10:03:07","guid":{"rendered":"https:\/\/www.europesays.com\/fr\/61509\/"},"modified":"2025-04-29T10:03:07","modified_gmt":"2025-04-29T10:03:07","slug":"il-y-a-plusieurs-manquements-graves-estime-elisabeth-borne","status":"publish","type":"post","link":"https:\/\/www.europesays.com\/fr\/61509\/","title":{"rendered":"\u00ab\u00a0Il y a plusieurs manquements graves\u00a0\u00bb estime \u00c9lisabeth Borne"},"content":{"rendered":"<p>            Par<br \/>\n        <strong><br \/>\n            <a href=\"https:\/\/actu.fr\/auteur\/redaction-lille\" title=\"Consulter tous les articles de R\u00e9daction Lille\" rel=\"nofollow noopener\" target=\"_blank\">R\u00e9daction Lille<\/a><br \/>\n        <\/strong><\/p>\n<p>        Publi\u00e9 le<\/p>\n<p>            29 avr. 2025 \u00e0 11h30        <\/p>\n<p>Elle ne l\u00e2che rien. <b>\u00c9lisabeth Borne<\/b>, <b>ministre de l\u2019\u00c9ducation nationale<\/b>, a annonc\u00e9 mardi 29 avril 2025 dans la matinale de TF1 qu\u2019elle allait <b>\u00ab\u00a0faire appel\u00a0\u00bb de la d\u00e9cision du tribunal administratif de Lille<\/b>. Ce dernier avait d\u00e9cid\u00e9 le 23 avril de <a href=\"https:\/\/actu.fr\/hauts-de-france\/lille_59350\/lille-apres-des-mois-de-suspension-le-lycee-averroes-retrouve-son-contrat-avec-letat_62549100.html\" rel=\"nofollow noopener\" target=\"_blank\">r\u00e9tablir le \u00ab\u00a0contrat d\u2019association\u00a0\u00bb entre l\u2019\u00c9tat et le lyc\u00e9e musulman Averro\u00e8s<\/a> lui permettant de<b> recevoir des financements publics<\/b>.<\/p>\n<p>\u00ab\u00a0C\u2019est inacceptable\u00a0\u00bb<\/p>\n<p class=\" wall-content\">\u00ab\u00a0<b>Il y a plusieurs manquements graves<\/b> qui ont amen\u00e9 l\u2019\u00c9tat \u00e0 r\u00e9silier ce contrat\u00a0\u00bb, a soulign\u00e9 mardi matin \u00c9lisabeth Borne sur TF1. Parmi ces manquements, \u00ab\u00a0il y a notamment le fait que <b>l\u2019\u00e9tablissement a interdit l\u2019acc\u00e8s \u00e0 des inspecteurs de l\u2019\u00c9ducation nationale<\/b> pour pouvoir faire un contr\u00f4le de l\u2019\u00e9tablissement et \u00e7a, <b>c\u2019est inacceptable<\/b>\u00ab\u00a0, a-t-elle relev\u00e9.<\/p>\n<p class=\" wall-content\">\n<p class=\" wall-content\">\u00ab\u00a0C\u2019est un \u00e9tablissement sous contrat, \u00e7a veut dire qu\u2019il est financ\u00e9 \u00e0 75% par de l\u2019argent public, <b>c\u2019est inacceptable qu\u2019on ne permette pas \u00e0 des agents de l\u2019\u00c9tat d\u2019accomplir leur mission dans l\u2019\u00e9tablissement, donc j\u2019ai d\u00e9cid\u00e9 en effet de faire appel<\/b>\u00ab\u00a0, a-t-elle insist\u00e9.<\/p>\n<p class=\" wall-content\">\u00ab\u00a0Le fait qu\u2019un \u00e9tablissement sous contrat, qui doit donc respecter un certain nombre d\u2019engagements sur les programmes p\u00e9dagogiques, sur l\u2019utilisation de l\u2019argent public refuse un contr\u00f4le, pour moi, <b>\u00e7a l\u00e9gitime une forme de perte de confiance<\/b> et donc de r\u00e9silier ce contrat, c\u2019est ce que nous d\u00e9fendrons en appel\u00a0\u00bb, a encore comment\u00e9 Mme Borne.<\/p>\n<p>\u00ab\u00a0Un bastion de l\u2019entrisme islamiste\u00a0\u00bb selon Bruno Retailleau<\/p>\n<p class=\" wall-content\">Le lyc\u00e9e Averro\u00e8s, fond\u00e9 en 2003 \u00e0 Lille, \u00e9tait jusqu\u2019en septembre 2024 le principal lyc\u00e9e musulman sous contrat avec l\u2019\u00c9tat fran\u00e7ais. Le 7 d\u00e9cembre 2023, le pr\u00e9fet du d\u00e9partement du Nord (repr\u00e9sentant l\u2019Etat) <a href=\"https:\/\/actu.fr\/hauts-de-france\/lille_59350\/lycee-averroes-de-lille-le-tribunal-administratif-confirme-la-resiliation-du-contrat-avec-letat_60692298.html\" rel=\"nofollow noopener\" target=\"_blank\">avait mis fin \u00e0 ce contrat, privant l\u2019\u00e9tablissement de subventions publiques depuis la rentr\u00e9e 2024<\/a>.<\/p>\n<p>Vid\u00e9os : en ce moment sur Actu<\/p>\n<p class=\" wall-content\">Le pr\u00e9fet avait d\u00e9nonc\u00e9 la mention, dans la bibliographie d\u2019un cours d\u2019\u00e9thique musulmane, d\u2019un recueil de textes religieux contenant des commentaires pr\u00f4nant la peine de mort en cas d\u2019apostasie ainsi que la s\u00e9gr\u00e9gation des sexes.<\/p>\n<p class=\" wall-content\">Mercredi 23 avril, le tribunal administratif de Lille avait expliqu\u00e9 avoir annul\u00e9 la d\u00e9cision de r\u00e9siliation parce qu\u2019elle n\u2019\u00e9tablissait pas \u00ab\u00a0l\u2019existence de manquements graves au droit\u00a0\u00bb et que la proc\u00e9dure \u00e9tait \u00ab\u00a0entach\u00e9e d\u2019irr\u00e9gularit\u00e9s\u00a0\u00bb.<\/p>\n<p class=\" wall-content\">Apr\u00e8s cette d\u00e9cision, le ministre de l\u2019Int\u00e9rieur Bruno Retailleau avait plaid\u00e9 pour que l\u2019\u00c9tat fasse appel de cette d\u00e9cision, en arguant que le lyc\u00e9e \u00e9tait \u00ab\u00a0un bastion de l\u2019entrisme islamiste\u00a0\u00bb.<\/p>\n<p class=\" wall-content\"><b>Avec AFP<\/b><\/p>\n<p class=\" wall-content\">Suivez toute l\u2019actualit\u00e9 de vos villes et m\u00e9dias favoris en vous inscrivant \u00e0 <a href=\"https:\/\/moncompte.actu.fr\" title=\"D\u00e9couvez Mon Actu\" rel=\"nofollow noopener\" data-trk=\"{&quot;cta&quot;:{&quot;action&quot;:&quot;https:\\\/\\\/moncompte.actu.fr&quot;,&quot;category&quot;:&quot;mon compte&quot;,&quot;from&quot;:&quot;article footer&quot;,&quot;name&quot;:&quot;Mon actu&quot;,&quot;type&quot;:&quot;cta&quot;}}\" target=\"_blank\">Mon Actu<\/a>.<\/p>\n","protected":false},"excerpt":{"rendered":"Par R\u00e9daction Lille Publi\u00e9 le 29 avr. 2025 \u00e0 11h30 Elle ne l\u00e2che rien. \u00c9lisabeth Borne, ministre de&hellip;\n","protected":false},"author":2,"featured_media":61510,"comment_status":"","ping_status":"","sticky":false,"template":"","format":"standard","meta":{"footnotes":""},"categories":[2815],"tags":[1111,11,1057,5757,1777,674,1011,27,811,5318,1307,12,25,104],"class_list":{"0":"post-61509","1":"post","2":"type-post","3":"status-publish","4":"format-standard","5":"has-post-thumbnail","7":"category-lille","8":"tag-actu","9":"tag-actualites","10":"tag-education","11":"tag-elisabeth-borne","12":"tag-eu","13":"tag-europe","14":"tag-fr","15":"tag-france","16":"tag-hauts-de-france","17":"tag-islam","18":"tag-lille","19":"tag-news","20":"tag-republique-francaise","21":"tag-societe"},"share_on_mastodon":{"url":"https:\/\/pubeurope.com\/@fr\/114420685489954256","error":""},"_links":{"self":[{"href":"https:\/\/www.europesays.com\/fr\/wp-json\/wp\/v2\/posts\/61509","targetHints":{"allow":["GET"]}}],"collection":[{"href":"https:\/\/www.europesays.com\/fr\/wp-json\/wp\/v2\/posts"}],"about":[{"href":"https:\/\/www.europesays.com\/fr\/wp-json\/wp\/v2\/types\/post"}],"author":[{"embeddable":true,"href":"https:\/\/www.europesays.com\/fr\/wp-json\/wp\/v2\/users\/2"}],"replies":[{"embeddable":true,"href":"https:\/\/www.europesays.com\/fr\/wp-json\/wp\/v2\/comments?post=61509"}],"version-history":[{"count":0,"href":"https:\/\/www.europesays.com\/fr\/wp-json\/wp\/v2\/posts\/61509\/revisions"}],"wp:featuredmedia":[{"embeddable":true,"href":"https:\/\/www.europesays.com\/fr\/wp-json\/wp\/v2\/media\/61510"}],"wp:attachment":[{"href":"https:\/\/www.europesays.com\/fr\/wp-json\/wp\/v2\/media?parent=61509"}],"wp:term":[{"taxonomy":"category","embeddable":true,"href":"https:\/\/www.europesays.com\/fr\/wp-json\/wp\/v2\/categories?post=61509"},{"taxonomy":"post_tag","embeddable":true,"href":"https:\/\/www.europesays.com\/fr\/wp-json\/wp\/v2\/tags?post=61509"}],"curies":[{"name":"wp","href":"https:\/\/api.w.org\/{rel}","templated":true}]}}