{"id":615100,"date":"2025-12-22T04:27:29","date_gmt":"2025-12-22T04:27:29","guid":{"rendered":"https:\/\/www.europesays.com\/fr\/615100\/"},"modified":"2025-12-22T04:27:29","modified_gmt":"2025-12-22T04:27:29","slug":"jai-cru-que-ma-derniere-heure-etait-venue-grosse-frayeur-en-altitude-pour-les-passagers-du-paris-ajaccio","status":"publish","type":"post","link":"https:\/\/www.europesays.com\/fr\/615100\/","title":{"rendered":"\u00ab\u00a0J&rsquo;ai cru que ma derni\u00e8re heure \u00e9tait venue\u00a0\u00bb : grosse frayeur en altitude pour les passagers du Paris-Ajaccio"},"content":{"rendered":"<ul class=\"jsx-862013697 ArticleChapo__List\">\n<li class=\"jsx-862013697 ArticleChapo__List_Item flex\">Un avion reliant Paris \u00e0 Ajaccio a d\u00fb se poser en urgence \u00e0 Lyon samedi soir.<\/li>\n<li class=\"jsx-862013697 ArticleChapo__List_Item flex\">En cause : un incident technique sur le moteur gauche, qui a pris feu.<\/li>\n<li class=\"jsx-862013697 ArticleChapo__List_Item flex\">Le 13H de TF1 a recueilli des t\u00e9moignages de voyageurs encore choqu\u00e9s.<\/li>\n<\/ul>\n<p><a href=\"https:\/\/www.tf1info.fr\/emissions\/tf1\/le-13h-10927\/\" rel=\"noopener\" class=\"jsx-484472199 Link jsx-1428418400 jsx-640816507\" target=\"_blank\"><\/p>\n<p style=\"font-weight:400\" class=\"jsx-1837267516\">Suivez la couverture compl\u00e8te<\/p>\n<p style=\"font-weight:800\" class=\"jsx-1837267516\">Le 13H<\/p>\n<p><\/a><\/p>\n<p data-module=\"article-paragraph\" class=\"jsx-157965717 Paragraph Paragraph__End\">Un vol Paris-Ajaccio transform\u00e9 en cauchemar. L&rsquo;avion AF7562, parti \u00e0 18h20 samedi 20 d\u00e9cembre de l&rsquo;a\u00e9roport d&rsquo;Orly, a \u00e9t\u00e9 contraint de <a href=\"https:\/\/www.tf1info.fr\/transports\/video-un-vol-paris-ajaccio-deroute-en-urgence-vers-lyon-apres-un-incident-moteur-reacteur-en-feu-c-etait-atroce-2414081.html\" target=\"_blank\" rel=\"noopener\">se d\u00e9router vers l&rsquo;a\u00e9roport de Lyon apr\u00e8s 37 minutes de vol seulement<\/a>, en raison d&rsquo;un \u00ab\u00a0incident technique\u00a0\u00bb selon <a href=\"https:\/\/www.tf1info.fr\/transports\/avions-airbus-a320-cloues-au-sol-de-nombreux-vols-annules-des-ce-vendredi-soir-au-depart-arrivee-de-la-france-2409661.html\" target=\"_blank\" rel=\"noopener\">Air France<\/a>. Un atterrissage en urgence qui a provoqu\u00e9 une tr\u00e8s vive inqui\u00e9tude pour les voyageurs \u00e0 destination de la Corse, dont plusieurs t\u00e9moignent dans le reportage du 13H ci-dessus.<\/p>\n<blockquote class=\"jsx-2786790838 Quote__Text\"><p>On \u00e9tait \u00e0 l&rsquo;aile, \u00e7a a fait un gros boum, il y avait des flammes.<\/p><\/blockquote>\n<p>Jo\u00eblle Montrichard, une passag\u00e8re encore choqu\u00e9e du vol AF7562<\/p>\n<p data-module=\"article-paragraph\" class=\"jsx-157965717 Paragraph Paragraph__End\">Dix-huit heures plus tard, cette passag\u00e8re qui \u00e9tait \u00e0 bord du vol avec sa petite-fille ne s&rsquo;en remet toujours pas. \u00ab\u00a0Je suis \u00e0 bout, je suis fatigu\u00e9e. D\u00e9j\u00e0 que j&rsquo;ai peur de l&rsquo;avion, avec la petite en plus&#8230; Je ne le souhaite \u00e0 personne\u00a0\u00bb, s&rsquo;excuse d&rsquo;abord Jo\u00eblle Montrichard en sortant de l&rsquo;a\u00e9roport de Lyon, avant de d\u00e9crire la sc\u00e8ne au micro de TF1.\u00a0<\/p>\n<p><img decoding=\"async\" src=\"https:\/\/www.europesays.com\/fr\/wp-content\/uploads\/2025\/12\/capjta-temoignage-vol-paris-ajaccio-7355a0-0@1x.jpeg\" alt=\"Fatigu\u00e9e et en \u00e9tat de stress, Jo\u00eblle Montrichard n'a pas souhait\u00e9 reprendre l'avion \u00e0 Lyon. - TF1\" loading=\"lazy\" importance=\"low\" fetchpriority=\"low\" class=\"\" data-module=\"article-image\"\/>Fatigu\u00e9e et en \u00e9tat de stress, Jo\u00eblle Montrichard n&rsquo;a pas souhait\u00e9 reprendre l&rsquo;avion \u00e0 Lyon. &#8211; TF1<\/p>\n<p data-module=\"article-paragraph\" class=\"jsx-157965717 Paragraph Paragraph__End\">\u00ab\u00a0On \u00e9tait \u00e0 l&rsquo;aile, \u00e7a a fait un gros boum, il y avait des flammes, un autre boum, des flammes. L&rsquo;avion a commenc\u00e9 \u00e0 bouger comme \u00e7a, et puis l\u00e0 nous les adultes, on a compris. On s&rsquo;est tous dit &lsquo;mais qu&rsquo;est-ce qu&rsquo;il se passe ?'\u00a0\u00bb, raconte avec \u00e9motion cette voyageuse, qui pr\u00e9f\u00e8re ne pas reprendre d&rsquo;avion pour l&rsquo;instant.<\/p>\n<blockquote class=\"jsx-2786790838 Quote__Text\"><p>C&rsquo;\u00e9tait le moment o\u00f9 j&rsquo;ai jug\u00e9 que c&rsquo;\u00e9tait n\u00e9cessaire d&rsquo;\u00e9crire un message \u00e0 mon mari.<\/p><\/blockquote>\n<p>Marie-Anne Beneteau, une autre passag\u00e8re du vol AF7562<\/p>\n<p data-module=\"article-paragraph\" class=\"jsx-157965717 Paragraph Paragraph__End\">Le commandant de bord a alors pos\u00e9 l&rsquo;avion au plus vite. \u00ab\u00a0L&rsquo;avion faisait une descente tr\u00e8s tr\u00e8s rapide, c&rsquo;\u00e9tait particuli\u00e8rement surprenant, t\u00e9moigne Marie-Anne Beneteau, une autre passag\u00e8re du vol AF7562. Et l\u00e0, j&rsquo;avoue que j&rsquo;ai cru que ma derni\u00e8re heure \u00e9tait venue. C&rsquo;\u00e9tait un peu le moment o\u00f9 j&rsquo;ai jug\u00e9 que c&rsquo;\u00e9tait n\u00e9cessaire d&rsquo;\u00e9crire un message \u00e0 mon mari pour les n\u00f4tres.\u00a0\u00bb<\/p>\n<p><img decoding=\"async\" src=\"https:\/\/www.europesays.com\/fr\/wp-content\/uploads\/2025\/12\/capjta-trajet-vol-paris-ajaccio-e5f798-0@1x.jpeg\" alt=\"Le vol Paris-Ajaccio a \u00e9t\u00e9 d\u00e9rout\u00e9 vers l'a\u00e9roport de Lyon en raison d'un incident survenu au-dessus de Valence. - DR\" loading=\"lazy\" importance=\"low\" fetchpriority=\"low\" class=\"\" data-module=\"article-image\"\/>Le vol Paris-Ajaccio a \u00e9t\u00e9 d\u00e9rout\u00e9 vers l&rsquo;a\u00e9roport de Lyon en raison d&rsquo;un incident survenu au-dessus de Valence. &#8211; DR<\/p>\n<p data-module=\"article-paragraph\" class=\"jsx-157965717 Paragraph Paragraph__End\">Que s&rsquo;est-il r\u00e9ellement pass\u00e9 pour que le moteur gauche de cet Airbus A320-214 soit touch\u00e9 ? \u00ab\u00a0Ce feu moteur peut \u00eatre caus\u00e9 par une ingestion d&rsquo;un oiseau ou par une rupture d&rsquo;une des pi\u00e8ces du r\u00e9acteur. L&rsquo;urgence est de faire la &lsquo;check-list feu moteur&rsquo;, \u00e7a veut dire qu&rsquo;on coupe le carburant et on d\u00e9clenche les extincteurs\u00a0\u00bb, explique G\u00e9rard Feldzer, sp\u00e9cialiste en a\u00e9ronautique, et pr\u00e9sident de l&rsquo;ONG Aviation Sans Fronti\u00e8res.<\/p>\n<p><a href=\"https:\/\/www.tf1info.fr\/justice-faits-divers\/corse-5-blesses-legers-apres-des-turbulences-durant-un-vol-paris-ajaccio-2389791.html\" rel=\"noopener\" class=\"jsx-3308031228 Link flex\" target=\"_blank\"><img decoding=\"async\" src=\"https:\/\/www.europesays.com\/fr\/wp-content\/uploads\/2025\/12\/aeroport-d-ajaccio-2306-d7bc7a-1@1x.jpeg\" alt=\"L'a\u00e9roport d'Ajaccio en Corse.\" loading=\"lazy\" importance=\"low\" fetchpriority=\"low\" class=\"\" aria-hidden=\"true\"\/><\/p>\n<p class=\"jsx-3657663356 ReadMoreArticle__Title\">Lire aussi<\/p>\n<p class=\"jsx-3657663356\">Corse : 5 bless\u00e9s l\u00e9gers apr\u00e8s des turbulences lors d&rsquo;un vol Paris-Ajaccio <\/p>\n<p><\/a><\/p>\n<p data-module=\"article-paragraph\" class=\"jsx-157965717 Paragraph Paragraph__End\">Malgr\u00e9 cet incident, l&rsquo;avion s&rsquo;est pos\u00e9 normalement et les passagers qui le souhaitaient ont pu prendre le vol Lyon-Bastia de 22h40. Avant de relier Bastia et Ajaccio en bus, avant de rejoindre leur destination initiale \u00e0 3h, dimanche matin. Des voyageurs choqu\u00e9s mais bien arriv\u00e9s en Corse pour ce premier week-end des f\u00eates de No\u00ebl.<\/p>\n<p>Victor GAUTIER | Reportage : Yann HOVINE, Ang\u00e8le RICCIARDI, Christophe BUISINE<\/p>\n","protected":false},"excerpt":{"rendered":"Un avion reliant Paris \u00e0 Ajaccio a d\u00fb se poser en urgence \u00e0 Lyon samedi soir. En cause&hellip;\n","protected":false},"author":2,"featured_media":615101,"comment_status":"","ping_status":"","sticky":false,"template":"","format":"standard","meta":{"footnotes":""},"categories":[1888],"tags":[1111,11,1816,1921,13143,1777,674,1011,27,1922,5008,12,626,25,133,8191],"class_list":{"0":"post-615100","1":"post","2":"type-post","3":"status-publish","4":"format-standard","5":"has-post-thumbnail","7":"category-paris","8":"tag-actu","9":"tag-actualites","10":"tag-air-france","11":"tag-article-video","12":"tag-avion-secteur-aerien","13":"tag-eu","14":"tag-europe","15":"tag-fr","16":"tag-france","17":"tag-info","18":"tag-le-13h","19":"tag-news","20":"tag-paris","21":"tag-republique-francaise","22":"tag-video","23":"tag-video-transports"},"share_on_mastodon":{"url":"https:\/\/pubeurope.com\/@fr\/115761332714206977","error":""},"_links":{"self":[{"href":"https:\/\/www.europesays.com\/fr\/wp-json\/wp\/v2\/posts\/615100","targetHints":{"allow":["GET"]}}],"collection":[{"href":"https:\/\/www.europesays.com\/fr\/wp-json\/wp\/v2\/posts"}],"about":[{"href":"https:\/\/www.europesays.com\/fr\/wp-json\/wp\/v2\/types\/post"}],"author":[{"embeddable":true,"href":"https:\/\/www.europesays.com\/fr\/wp-json\/wp\/v2\/users\/2"}],"replies":[{"embeddable":true,"href":"https:\/\/www.europesays.com\/fr\/wp-json\/wp\/v2\/comments?post=615100"}],"version-history":[{"count":0,"href":"https:\/\/www.europesays.com\/fr\/wp-json\/wp\/v2\/posts\/615100\/revisions"}],"wp:featuredmedia":[{"embeddable":true,"href":"https:\/\/www.europesays.com\/fr\/wp-json\/wp\/v2\/media\/615101"}],"wp:attachment":[{"href":"https:\/\/www.europesays.com\/fr\/wp-json\/wp\/v2\/media?parent=615100"}],"wp:term":[{"taxonomy":"category","embeddable":true,"href":"https:\/\/www.europesays.com\/fr\/wp-json\/wp\/v2\/categories?post=615100"},{"taxonomy":"post_tag","embeddable":true,"href":"https:\/\/www.europesays.com\/fr\/wp-json\/wp\/v2\/tags?post=615100"}],"curies":[{"name":"wp","href":"https:\/\/api.w.org\/{rel}","templated":true}]}}