{"id":615102,"date":"2025-12-22T04:28:14","date_gmt":"2025-12-22T04:28:14","guid":{"rendered":"https:\/\/www.europesays.com\/fr\/615102\/"},"modified":"2025-12-22T04:28:14","modified_gmt":"2025-12-22T04:28:14","slug":"americains-ukrainiens-et-russes-satisfaits-des-reunions-distinctes-en-floride","status":"publish","type":"post","link":"https:\/\/www.europesays.com\/fr\/615102\/","title":{"rendered":"Am\u00e9ricains, Ukrainiens et Russes satisfaits des r\u00e9unions distinctes en Floride"},"content":{"rendered":"<p>Avec \u00e0 la man\u0153uvre les Am\u00e9ricains, <a href=\"https:\/\/www.20minutes.fr\/monde\/ukraine\/4192633-20251221-guerre-ukraine-nouvelle-rencontre-miami-percee-russe-region-soumy\" target=\"_blank\" class=\"c-link c-link--is-underlined\" rel=\"noopener\">les n\u00e9gociations se poursuivent pour tenter de mettre fin \u00e0 la guerre en Ukraine<\/a>. Et chaque partie a voulu envoyer dimanche des signaux positifs lors des discussions en Floride.<\/p>\n<p>Les Etats-Unis et l\u2019Ukraine ont salu\u00e9 des \u00e9changes \u00ab\u00a0productifs et constructifs\u00a0\u00bb entre leurs \u00e9missaires r\u00e9unis \u00e0 Miami, en pr\u00e9sence de n\u00e9gociateurs europ\u00e9ens. Ce dernier cycle de pourparlers \u2013 avec \u00e9galement des r\u00e9unions distinctes entre Am\u00e9ricains et Russes \u2013 n\u2019a toutefois produit aucune perc\u00e9e significative.<\/p>\n<p>Zelensky salue des travaux \u00ab\u00a0constructifs\u00a0\u00bb<\/p>\n<p>\u00ab\u00a0Au cours des trois derniers jours en Floride, la d\u00e9l\u00e9gation ukrainienne a tenu une s\u00e9rie de r\u00e9unions productives et constructives avec ses partenaires am\u00e9ricains et europ\u00e9ens\u00a0\u00bb ont ainsi \u00e9crit sur X <a href=\"https:\/\/www.20minutes.fr\/monde\/ukraine\/4189203-20251202-guerre-ukraine-roule-steve-witkoff-emissaire-americain-donald-trump-russie\" target=\"_blank\" class=\"c-link c-link--is-underlined\" rel=\"noopener\">Steve Witkoff, fid\u00e8le de Donald Trump<\/a> et ordonnateur de ces discussions, et Roustem Oumerov, n\u00e9gociateur en chef de Kiev.<\/p>\n<\/p>\n<p>Am\u00e9ricains, Ukrainiens et Europ\u00e9ens sont donc \u00e0 Miami, sous l\u2019\u00e9gide de Steve Witkoff et de Jared Kushner, le gendre de Donald Trump. Leur r\u00e9union s\u2019est focalis\u00e9e selon eux sur l\u2019\u00e9laboration et l\u2019harmonisation des positions sur \u00ab\u00a0quatre documents cl\u00e9s\u00a0\u00bb\u00a0: un \u00ab\u00a0plan en 20 points\u00a0\u00bb, un \u00ab\u00a0cadre multilat\u00e9ral de garantie de s\u00e9curit\u00e9\u00a0\u00bb, un \u00ab\u00a0cadre am\u00e9ricain de garantie de s\u00e9curit\u00e9 pour l\u2019Ukraine\u00a0\u00bb et un \u00ab\u00a0plan \u00e9conomique et de prosp\u00e9rit\u00e9\u00a0\u00bb. Le pr\u00e9sident ukrainien Volodymyr Zelensky avait salu\u00e9 des travaux \u00ab\u00a0sur les documents relatifs \u00e0 la fin de la guerre, aux garanties de s\u00e9curit\u00e9 et \u00e0 la reconstruction\u00a0\u00bb, les qualifiant lui aussi de \u00ab\u00a0constructifs\u00a0\u00bb et \u00ab\u00a0avan\u00e7ant \u00e0 un rythme assez rapide\u00a0\u00bb.<\/p>\n<p>Une rencontre Ukraine-Russie pas \u00e0 l\u2019ordre du jour<\/p>\n<p>La partie am\u00e9ricaine a \u00e9galement re\u00e7u \u00e0 Miami l\u2019\u00e9missaire russe Kirill Dmitriev, lequel a aussi salu\u00e9 dimanche le caract\u00e8re constructif des \u00e9changes. Steve Witkoff qui s\u2019est rendu plusieurs fois au Kremlin voir <a href=\"https:\/\/www.20minutes.fr\/monde\/ukraine\/4192598-20251221-guerre-ukraine-poutine-pret-engager-dialogue-macron\" target=\"_blank\" class=\"c-link c-link--is-underlined\" rel=\"noopener\">Vladimir Poutine<\/a> a parl\u00e9, l\u00e0 encore, de r\u00e9unions \u00ab\u00a0productives et constructives\u00a0\u00bb. Le conseiller diplomatique du Kremlin Iouri Ouchakov, a toutefois indiqu\u00e9 qu\u2019une <a href=\"https:\/\/www.20minutes.fr\/monde\/ukraine\/4192614-20251221-guerre-ukraine-rencontre-trilaterale-programme-instant-selon-kremlin\" target=\"_blank\" class=\"c-link c-link--is-underlined\" rel=\"noopener\">rencontre Russie\/Etats-Unis\/Ukraine n\u2019\u00e9tait \u00ab\u00a0pas en cours de pr\u00e9paration\u00a0\u00bb<\/a>, alors que Kiev avait \u00e9voqu\u00e9 une proposition de Washington en ce sens.<\/p>\n<p><a href=\"https:\/\/www.20minutes.fr\/monde\/ukraine\/\" target=\"_blank\" class=\"c-link c-btn c-btn--primary\" rel=\"noopener\">Notre dossier sur la Guerre en Ukraine<\/a><\/p>\n<p>La diplomatie s\u2019est acc\u00e9l\u00e9r\u00e9e ces derni\u00e8res semaines. Volodymyr Zelensky a \u00e0 cet \u00e9gard fait part de \u00ab\u00a0progr\u00e8s\u00a0\u00bb avec les Etats-Unis en vue d\u2019amender le plan propos\u00e9 il y a plus d\u2019un mois par l\u2019administration Trump et per\u00e7u comme \u00e9tant largement favorable \u00e0 la Russie. Cette nouvelle mouture n\u2019est pas connue dans le d\u00e9tail mais, selon lui, implique des concessions territoriales de la part de l\u2019Ukraine en \u00e9change de garanties de s\u00e9curit\u00e9 occidentales.<\/p>\n<p>L\u2019\u00e9missaire russe \u00ab\u00a0devrait recevoir des informations sur ce qui a \u00e9t\u00e9 \u00e9labor\u00e9 par les Am\u00e9ricains et les Europ\u00e9ens\u00a0\u00bb et rendre compte ult\u00e9rieurement \u00e0 Moscou, a pr\u00e9cis\u00e9 le porte-parole du Kremlin, Dmitri Peskov, \u00e0 la t\u00e9l\u00e9vision d\u2019Etat. A Washington, le chef de la diplomatie am\u00e9ricaine Marco Rubio a promis qu\u2019aucun accord ne serait impos\u00e9 aux Ukrainiens ou aux Russes.<\/p>\n","protected":false},"excerpt":{"rendered":"Avec \u00e0 la man\u0153uvre les Am\u00e9ricains, les n\u00e9gociations se poursuivent pour tenter de mettre fin \u00e0 la guerre&hellip;\n","protected":false},"author":2,"featured_media":615103,"comment_status":"","ping_status":"","sticky":false,"template":"","format":"standard","meta":{"footnotes":""},"categories":[1591],"tags":[47,11,75,73,1887,5797,131,74,12,1885,1886,132,555,133,135,134],"class_list":{"0":"post-615102","1":"post","2":"type-post","3":"status-publish","4":"format-standard","5":"has-post-thumbnail","7":"category-russie","8":"tag-actualite","9":"tag-actualites","10":"tag-donald-trump","11":"tag-etats-unis","12":"tag-federation-de-russie","13":"tag-floride","14":"tag-guerre-en-ukraine","15":"tag-monde","16":"tag-news","17":"tag-russia","18":"tag-russian-federation","19":"tag-russie","20":"tag-union-europeenne-ue","21":"tag-video","22":"tag-vladimir-poutine","23":"tag-volodymyr-zelensky"},"share_on_mastodon":{"url":"https:\/\/pubeurope.com\/@fr\/115761335718349581","error":""},"_links":{"self":[{"href":"https:\/\/www.europesays.com\/fr\/wp-json\/wp\/v2\/posts\/615102","targetHints":{"allow":["GET"]}}],"collection":[{"href":"https:\/\/www.europesays.com\/fr\/wp-json\/wp\/v2\/posts"}],"about":[{"href":"https:\/\/www.europesays.com\/fr\/wp-json\/wp\/v2\/types\/post"}],"author":[{"embeddable":true,"href":"https:\/\/www.europesays.com\/fr\/wp-json\/wp\/v2\/users\/2"}],"replies":[{"embeddable":true,"href":"https:\/\/www.europesays.com\/fr\/wp-json\/wp\/v2\/comments?post=615102"}],"version-history":[{"count":0,"href":"https:\/\/www.europesays.com\/fr\/wp-json\/wp\/v2\/posts\/615102\/revisions"}],"wp:featuredmedia":[{"embeddable":true,"href":"https:\/\/www.europesays.com\/fr\/wp-json\/wp\/v2\/media\/615103"}],"wp:attachment":[{"href":"https:\/\/www.europesays.com\/fr\/wp-json\/wp\/v2\/media?parent=615102"}],"wp:term":[{"taxonomy":"category","embeddable":true,"href":"https:\/\/www.europesays.com\/fr\/wp-json\/wp\/v2\/categories?post=615102"},{"taxonomy":"post_tag","embeddable":true,"href":"https:\/\/www.europesays.com\/fr\/wp-json\/wp\/v2\/tags?post=615102"}],"curies":[{"name":"wp","href":"https:\/\/api.w.org\/{rel}","templated":true}]}}