{"id":615104,"date":"2025-12-22T04:29:12","date_gmt":"2025-12-22T04:29:12","guid":{"rendered":"https:\/\/www.europesays.com\/fr\/615104\/"},"modified":"2025-12-22T04:29:12","modified_gmt":"2025-12-22T04:29:12","slug":"en-direct-guerre-en-ukraine-%e2%88%92-les-pourparlers-americano-ukrainienne-et-americano-russe-se-poursuivent-a-miami","status":"publish","type":"post","link":"https:\/\/www.europesays.com\/fr\/615104\/","title":{"rendered":"En direct, guerre en Ukraine \u2212 Les pourparlers am\u00e9ricano-ukrainienne et am\u00e9ricano-russe se poursuivent \u00e0 Miami"},"content":{"rendered":"<p>      L&rsquo;essentiel<\/p>\n<p><strong>Pourparlers \u00e0 Miami.<\/strong> Les d\u00e9l\u00e9gations am\u00e9ricaine et ukrainienne ont salu\u00e9 dimanche la tenue d&rsquo;\u00e9changes \u00abproductifs et constructifs\u00bb lors de n\u00e9gociations organis\u00e9es \u00e0 Miami en pr\u00e9sence d&rsquo;alli\u00e9s europ\u00e9ens en vue de mettre fin \u00e0 la guerre en Ukraine.<\/p>\n<p><strong>Poursuite.<\/strong> Kiev a annonc\u00e9 que les n\u00e9gociateurs ukrainiens allaient de nouveau s&rsquo;entretenir \u00e0 Miami avec leurs homologues am\u00e9ricains qui re\u00e7oivent de leur c\u00f4t\u00e9 s\u00e9par\u00e9ment l&rsquo;\u00e9missaire russe, pour \u00e9voquer un possible r\u00e8glement du conflit en Ukraine.<\/p>\n<p><strong>Sur le terrain.<\/strong> L&rsquo;arm\u00e9e ukrainienne a annonc\u00e9, dimanche, qu&rsquo;elle s&rsquo;effor\u00e7ait de repousser une tentative de perc\u00e9e des troupes russes dans une zone frontali\u00e8re de la r\u00e9gion de Soumy (nord-est), d&rsquo;o\u00f9 Kiev accuse Moscou d&rsquo;avoir ill\u00e9galement d\u00e9port\u00e9 des civils en Russie. \u00abDes combats sont en cours dans le village de Grabovske\u00bb, ont d\u00e9clar\u00e9 les forces ukrainiennes dans un message sur Telegram.<\/p>\n","protected":false},"excerpt":{"rendered":"L&rsquo;essentiel Pourparlers \u00e0 Miami. Les d\u00e9l\u00e9gations am\u00e9ricaine et ukrainienne ont salu\u00e9 dimanche la tenue d&rsquo;\u00e9changes \u00abproductifs et constructifs\u00bb&hellip;\n","protected":false},"author":2,"featured_media":615105,"comment_status":"","ping_status":"","sticky":false,"template":"","format":"standard","meta":{"footnotes":""},"categories":[1590],"tags":[11,1777,674,4438,12,132,220],"class_list":{"0":"post-615104","1":"post","2":"type-post","3":"status-publish","4":"format-standard","5":"has-post-thumbnail","7":"category-ukraine","8":"tag-actualites","9":"tag-eu","10":"tag-europe","11":"tag-free","12":"tag-news","13":"tag-russie","14":"tag-ukraine"},"share_on_mastodon":{"url":"https:\/\/pubeurope.com\/@fr\/115761339722018247","error":""},"_links":{"self":[{"href":"https:\/\/www.europesays.com\/fr\/wp-json\/wp\/v2\/posts\/615104","targetHints":{"allow":["GET"]}}],"collection":[{"href":"https:\/\/www.europesays.com\/fr\/wp-json\/wp\/v2\/posts"}],"about":[{"href":"https:\/\/www.europesays.com\/fr\/wp-json\/wp\/v2\/types\/post"}],"author":[{"embeddable":true,"href":"https:\/\/www.europesays.com\/fr\/wp-json\/wp\/v2\/users\/2"}],"replies":[{"embeddable":true,"href":"https:\/\/www.europesays.com\/fr\/wp-json\/wp\/v2\/comments?post=615104"}],"version-history":[{"count":0,"href":"https:\/\/www.europesays.com\/fr\/wp-json\/wp\/v2\/posts\/615104\/revisions"}],"wp:featuredmedia":[{"embeddable":true,"href":"https:\/\/www.europesays.com\/fr\/wp-json\/wp\/v2\/media\/615105"}],"wp:attachment":[{"href":"https:\/\/www.europesays.com\/fr\/wp-json\/wp\/v2\/media?parent=615104"}],"wp:term":[{"taxonomy":"category","embeddable":true,"href":"https:\/\/www.europesays.com\/fr\/wp-json\/wp\/v2\/categories?post=615104"},{"taxonomy":"post_tag","embeddable":true,"href":"https:\/\/www.europesays.com\/fr\/wp-json\/wp\/v2\/tags?post=615104"}],"curies":[{"name":"wp","href":"https:\/\/api.w.org\/{rel}","templated":true}]}}