{"id":615108,"date":"2025-12-22T04:31:16","date_gmt":"2025-12-22T04:31:16","guid":{"rendered":"https:\/\/www.europesays.com\/fr\/615108\/"},"modified":"2025-12-22T04:31:16","modified_gmt":"2025-12-22T04:31:16","slug":"face-au-retard-europeen-et-a-lincertitude-reglementaire-la-pepite-francaise-lhyfe-doit-reduire-la-voilure-et-se-decentrer-vers-le-royaume-uni","status":"publish","type":"post","link":"https:\/\/www.europesays.com\/fr\/615108\/","title":{"rendered":"face au retard europ\u00e9en et \u00e0 l\u2019incertitude r\u00e9glementaire, la p\u00e9pite fran\u00e7aise Lhyfe doit r\u00e9duire la voilure et se d\u00e9centrer vers le Royaume-Uni"},"content":{"rendered":"<p>Faute de politique climatique europ\u00e9enne stable et de cadre r\u00e9glementaire clair, le pionnier fran\u00e7ais de l\u2019hydrog\u00e8ne vert Lhyfe annonce un recentrage de ses activit\u00e9s et une r\u00e9organisation.<\/p>\n<p class=\"c-paragraph\">N\u00e9cessit\u00e9 fait loi. Le pionnier fran\u00e7ais de la production d\u2019hydrog\u00e8ne vert, Lhyfe, doit se r\u00e9soudre \u00e0 r\u00e9pondre <a href=\"https:\/\/www.usinenouvelle.com\/article\/totalenergies-toujours-ultra-prudent-dans-l-hydrogene.N2215845\" target=\"_blank\" rel=\"noopener\" title=\"https:\/\/www.usinenouvelle.com\/article\/totalenergies-toujours-ultra-prudent-dans-l-hydrogene.N2215845\">au m\u00e9ga appel d\u2019offres de TotalEnergies<\/a>, qui cherche 500000 tonnes d\u2019hydrog\u00e8ne vert par an pour r\u00e9duire les \u00e9missions de ses raffineries. Pourtant, Matthieu Guesn\u00e9, fondateur et pr\u00e9sident-directeur g\u00e9n\u00e9ral de la start-up, qui avait jusque-l\u00e0 boud\u00e9 ce march\u00e9, estimant que pour d\u00e9carboner les transports, mieux valait \u00abremplir directement un r\u00e9servoir\u00bb d\u2019hydrog\u00e8ne, plut\u00f4t que de d\u00e9carboner la production de carburant.<\/p>\n<p class=\"c-paragraph\">Probl\u00e8me : hormis en Allemagne et quelques territoires en France, la mobilit\u00e9 hydrog\u00e8ne n\u2019a toujours pas de cadre r\u00e9glementaire clair en Europe. Idem pour la d\u00e9carbonation de l\u2019industrie, second march\u00e9 vis\u00e9 par Lhyfe en Europe. Cinq ans apr\u00e8s le plan hydrog\u00e8ne europ\u00e9en visant 40 GW d\u2019\u00e9lectrolyse install\u00e9s en 2030, seuls environ 600 MW sont en production, soit 1,5 % de l\u2019objectif. Lhyfe y contribue, avec 22 MW d\u2019\u00e9lectrolyse install\u00e9s en France et en Allemagne et <a href=\"https:\/\/www.usinenouvelle.com\/article\/lhyfe-construit-un-site-de-production-d-hydrogene-vert-dans-la-somme.N2226916\" target=\"_self\" rel=\"noopener\" title=\"https:\/\/www.usinenouvelle.com\/article\/lhyfe-construit-un-site-de-production-d-hydrogene-vert-dans-la-somme.N2226916\">15 MW en construction<\/a>. Gr\u00e2ce \u00e0 la constitution d\u2019une cha\u00eene logistique compl\u00e8te pour livrer l\u2019hydrog\u00e8ne en station, la start-up a quand m\u00eame r\u00e9ussi \u00e0 se d\u00e9velopper dans la mobilit\u00e9 locale, lui permettant de doubler son chiffre d\u2019affaires en 2025, atteignant 10 millions d\u2019euros.<\/p>\n<p>R\u00e9duire les co\u00fbts (et l\u2019effectif) de 30%<\/p>\n<p class=\"c-paragraph\">Mais l\u2019horizon s\u2019est bouch\u00e9. Malgr\u00e9 55 projets en portefeuille visant notamment l\u2019industrie en Europe, la start-up est bloqu\u00e9e dans son d\u00e9veloppement. Le <a href=\"https:\/\/www.usinenouvelle.com\/article\/en-normandie-lhyfe-va-construire-une-usine-d-hydrogene-vert-a-plus-de-200-millions-d-euros-pour-decarboner-le-site-de-yara.N2210027\" target=\"_self\" rel=\"noopener\" title=\"https:\/\/www.usinenouvelle.com\/article\/en-normandie-lhyfe-va-construire-une-usine-d-hydrogene-vert-a-plus-de-200-millions-d-euros-pour-decarboner-le-site-de-yara.N2210027\">projet de 200MW pour le fabricant d\u2019engrais Yara en Normandie <\/a>n\u2019avance pas. Matthieu Guesn\u00e9 doit r\u00e9duire ses co\u00fbts de 30% et a d\u00e9cid\u00e9 de recentrer les activit\u00e9s du groupe sur les rares march\u00e9s porteurs de l\u2019hydrog\u00e8ne vert, b\u00e9n\u00e9ficiant d\u2019un cadre r\u00e9glementaire clair : les raffineries en Europe et l\u2019industrie du Royaume-Uni. Il y a outre-Manche \u00able m\u00e9canisme Hydrogen Allocation Round ou HAR, qui permet \u00e0 un producteur d\u2019hydrog\u00e8ne et son client de participer \u00e0 un appel d\u2019offres et de b\u00e9n\u00e9ficier de soutien \u00e0 la production qui ram\u00e8ne le prix de l\u2019hydrog\u00e8ne au niveau de celui du gaz naturel\u00bb, explique Matthieu Guesn\u00e9. Lhyfe a d\u00e9j\u00e0 deux projets avanc\u00e9s dans la chimie et les mati\u00e8res premi\u00e8res.<\/p>\n<p class=\"c-paragraph\">Mais ces nouveaux march\u00e9s ne peuvent pas \u00eatre vis\u00e9s avec des centrales de 5 \u00e0 10 MW d\u2019\u00e9lectrolyse, comme Lhyfe sait les construire. Il faut des unit\u00e9s plus puissantes, d\u00e9velopp\u00e9es et construites par des partenaires dont c\u2019est le m\u00e9tier. Ce changement de strat\u00e9gie va donc obliger Matthieu Guesn\u00e9 \u00e0 r\u00e9duire son effectif. \u00c0 ce stade, il ne donne pas de chiffre pr\u00e9cis de suppression d\u2019emplois, mais le plan sera \u00aben coh\u00e9rence avec les 30% de r\u00e9duction des co\u00fbts\u00bb. \u00c0 fin 2025, Lhyfe emploie \u00ab 170 \u00e0 180 personnes en Europe \u00bb dont \u00ab130 \u00e0 140 en France\u00bb, indique le PDG de la start-up. Une cinquantaine de postes seraient donc menac\u00e9s.<\/p>\n","protected":false},"excerpt":{"rendered":"Faute de politique climatique europ\u00e9enne stable et de cadre r\u00e9glementaire clair, le pionnier fran\u00e7ais de l\u2019hydrog\u00e8ne vert Lhyfe&hellip;\n","protected":false},"author":2,"featured_media":615109,"comment_status":"","ping_status":"","sticky":false,"template":"","format":"standard","meta":{"footnotes":""},"categories":[1588],"tags":[11,11291,33,893,4915,1777,674,7133,69252,12,44329,473,1853,675,1851,1850,1852],"class_list":{"0":"post-615108","1":"post","2":"type-post","3":"status-publish","4":"format-standard","5":"has-post-thumbnail","7":"category-royaume-uni","8":"tag-actualites","9":"tag-eco-social","10":"tag-economie","11":"tag-energie","12":"tag-energies-fossiles","13":"tag-eu","14":"tag-europe","15":"tag-hydrogene","16":"tag-lindustrie-dans-le-monde","17":"tag-news","18":"tag-raffinage","19":"tag-royaume-uni","20":"tag-royaume-uni-de-grande-bretagne-et-dirlande-du-nord","21":"tag-start-up","22":"tag-uk","23":"tag-united-kingdom","24":"tag-united-kingdom-of-great-britain-and-northern-ireland"},"share_on_mastodon":{"url":"https:\/\/pubeurope.com\/@fr\/115761347612792041","error":""},"_links":{"self":[{"href":"https:\/\/www.europesays.com\/fr\/wp-json\/wp\/v2\/posts\/615108","targetHints":{"allow":["GET"]}}],"collection":[{"href":"https:\/\/www.europesays.com\/fr\/wp-json\/wp\/v2\/posts"}],"about":[{"href":"https:\/\/www.europesays.com\/fr\/wp-json\/wp\/v2\/types\/post"}],"author":[{"embeddable":true,"href":"https:\/\/www.europesays.com\/fr\/wp-json\/wp\/v2\/users\/2"}],"replies":[{"embeddable":true,"href":"https:\/\/www.europesays.com\/fr\/wp-json\/wp\/v2\/comments?post=615108"}],"version-history":[{"count":0,"href":"https:\/\/www.europesays.com\/fr\/wp-json\/wp\/v2\/posts\/615108\/revisions"}],"wp:featuredmedia":[{"embeddable":true,"href":"https:\/\/www.europesays.com\/fr\/wp-json\/wp\/v2\/media\/615109"}],"wp:attachment":[{"href":"https:\/\/www.europesays.com\/fr\/wp-json\/wp\/v2\/media?parent=615108"}],"wp:term":[{"taxonomy":"category","embeddable":true,"href":"https:\/\/www.europesays.com\/fr\/wp-json\/wp\/v2\/categories?post=615108"},{"taxonomy":"post_tag","embeddable":true,"href":"https:\/\/www.europesays.com\/fr\/wp-json\/wp\/v2\/tags?post=615108"}],"curies":[{"name":"wp","href":"https:\/\/api.w.org\/{rel}","templated":true}]}}