{"id":615122,"date":"2025-12-22T04:47:18","date_gmt":"2025-12-22T04:47:18","guid":{"rendered":"https:\/\/www.europesays.com\/fr\/615122\/"},"modified":"2025-12-22T04:47:18","modified_gmt":"2025-12-22T04:47:18","slug":"la-saison-de-celia-gery-commence-vraiment-actualite","status":"publish","type":"post","link":"https:\/\/www.europesays.com\/fr\/615122\/","title":{"rendered":"La saison de C\u00e9lia Gery \u00ab commence vraiment \u00bb &#8211; Actualit\u00e9"},"content":{"rendered":"<p><a href=\"https:\/\/www.directvelo.com\/coureur\/36873\/celia-gery\" target=\"_blank\" rel=\"noopener\"><strong>C\u00e9lia Gery<\/strong><\/a> continue son petit bonhomme de chemin en Coupe du Monde de cyclo-cross avec les \u00c9lites. Dans toutes les manches auxquelles elle a particip\u00e9, la soci\u00e9taire de l&rsquo;AS Bike Racing-France Literie n&rsquo;est pas sortie du Top 15. C&rsquo;est encore\u00a0<a href=\"https:\/\/www.directvelo.com\/epreuve\/49020\/cc-coxyde-coupe-du-monde-femmes-2025\" target=\"_blank\" rel=\"noopener\"><strong>le cas ce dimanche<\/strong><\/a> dans le sable de Coxyde.\u00a0<\/p>\n<p><strong>\u00ab PRISE DANS LE TRAFIC \u00bb<\/strong><\/p>\n<p>Le premier \u00e9cueil \u00e0 \u00e9viter pour la Championne du Monde Espoirs sur route \u00e9tait le d\u00e9part et le premier tour. \u00ab\u00a0Je suis partie en troisi\u00e8me ligne et j&rsquo;ai \u00e9t\u00e9 prise dans le trafic\u00a0\u00bb, raconte-t-elle \u00e0 DirectVelo. Son tour le plus lent de la course est d&rsquo;ailleurs le premier. \u00ab\u00a0Au fil des tours, j&rsquo;ai essay\u00e9 de m&rsquo;appliquer dans le sable o\u00f9 j&rsquo;\u00e9tais plut\u00f4t \u00e0 l&rsquo;aise. Mais dans les parties roulantes, j&rsquo;avais l&rsquo;impression d&rsquo;avoir du mal \u00e0 envoyer\u00a0\u00bb.<\/p>\n<p>D\u00e9j\u00e0, samedi, C\u00e9lia Gery a d\u00fb affronter le sable, \u00e0 Anvers. Le sc\u00e9nario \u00e9tait un peu diff\u00e9rent. \u00ab\u00a0Je me suis retrouv\u00e9e pendant trois tours \u00e0 10-15 secondes du groupe de t\u00eate. J&rsquo;ai grill\u00e9 des cartouches et au quatri\u00e8me tour, j&rsquo;ai crev\u00e9\u00a0\u00bb, rappelle <a href=\"https:\/\/www.directvelo.com\/epreuve\/49015\/cc-anvers-coupe-du-monde-femmes-2025\" target=\"_blank\" rel=\"noopener\"><strong>la 15e de cette \u00e9preuve<\/strong><\/a>. Point de satisfaction : elle n&rsquo;a pas connu de coup de pompe en encha\u00eenant deux jours de course \u00e0 haut niveau.<\/p>\n<p><strong>LA COUPE DU MONDE POUR PROGRESSER<\/strong><\/p>\n<p>Bless\u00e9e au moment de Tabor, absente en Sardaigne, C\u00e9lia Gery a disput\u00e9 deux manches de moins que Leonie Bentveld, porteuse du maillot bleu et blanc de la Coupe du Monde Espoirs. Le foss\u00e9 est donc creus\u00e9 de fa\u00e7on irr\u00e9m\u00e9diable entre les deux concurrentes (65 points). \u00ab\u00a0La Coupe du Monde n&rsquo;est pas un objectif, pr\u00e9cise-t-elle. Ce sont des courses pour progresser jusqu&rsquo;au Championnat du Monde\u00a0\u00bb.<\/p>\n<p style=\"text-align: justify;\">Le rendez-vous d&rsquo;Hulst est donc le grand objectif de sa saison. \u00ab\u00a0J&rsquo;aimerais bien un podium mais quand on va sur un Championnat, c&rsquo;est toujours pour viser le titre\u00a0\u00bb. L&rsquo;ancienne Championne du Monde Juniors va encha\u00eener les Coupes du Monde et le Championnat de France pour peaufiner sa pr\u00e9paration. \u00ab\u00a0Je pense que j&rsquo;ai un peu de marge de progression d&rsquo;ici d\u00e9but f\u00e9vrier. Ma blessure a coup\u00e9 ma saison, \u00e7a fait juste un mois que j&rsquo;ai vraiment repris. On va dire que ma saison commence vraiment\u00a0\u00bb.<\/p>\n","protected":false},"excerpt":{"rendered":"C\u00e9lia Gery continue son petit bonhomme de chemin en Coupe du Monde de cyclo-cross avec les \u00c9lites. Dans&hellip;\n","protected":false},"author":2,"featured_media":615123,"comment_status":"","ping_status":"","sticky":false,"template":"","format":"standard","meta":{"footnotes":""},"categories":[1411],"tags":[834,828,836,829,837,827,83,826,824,823,1154,207,814,817,815,816,822,821,832,211,839,1011,27,820,818,819,835,831,830,833,838,60,212,208,825],"class_list":{"0":"post-615122","1":"post","2":"type-post","3":"status-publish","4":"format-standard","5":"has-post-thumbnail","7":"category-cyclisme","8":"tag-attaque","9":"tag-belgique","10":"tag-braquet","11":"tag-bretagne","12":"tag-chute","13":"tag-competition","14":"tag-coupe-de-france","15":"tag-coureur","16":"tag-course-cyclisme","17":"tag-course-cycliste","18":"tag-cycling","19":"tag-cyclisme","20":"tag-direct","21":"tag-direct-velo","22":"tag-directvelo","23":"tag-directvelo-com","24":"tag-epreuve","25":"tag-epreuve-cycliste","26":"tag-federation-francaise-de-cyclisme","27":"tag-ffc","28":"tag-flandres","29":"tag-fr","30":"tag-france","31":"tag-live","32":"tag-live-course","33":"tag-live-epreuve","34":"tag-peloton","35":"tag-radio-peloton","36":"tag-radio-tour","37":"tag-ravitaillement","38":"tag-relance","39":"tag-sports","40":"tag-uci","41":"tag-velo","42":"tag-velos"},"share_on_mastodon":{"url":"https:\/\/pubeurope.com\/@fr\/115761410510275288","error":""},"_links":{"self":[{"href":"https:\/\/www.europesays.com\/fr\/wp-json\/wp\/v2\/posts\/615122","targetHints":{"allow":["GET"]}}],"collection":[{"href":"https:\/\/www.europesays.com\/fr\/wp-json\/wp\/v2\/posts"}],"about":[{"href":"https:\/\/www.europesays.com\/fr\/wp-json\/wp\/v2\/types\/post"}],"author":[{"embeddable":true,"href":"https:\/\/www.europesays.com\/fr\/wp-json\/wp\/v2\/users\/2"}],"replies":[{"embeddable":true,"href":"https:\/\/www.europesays.com\/fr\/wp-json\/wp\/v2\/comments?post=615122"}],"version-history":[{"count":0,"href":"https:\/\/www.europesays.com\/fr\/wp-json\/wp\/v2\/posts\/615122\/revisions"}],"wp:featuredmedia":[{"embeddable":true,"href":"https:\/\/www.europesays.com\/fr\/wp-json\/wp\/v2\/media\/615123"}],"wp:attachment":[{"href":"https:\/\/www.europesays.com\/fr\/wp-json\/wp\/v2\/media?parent=615122"}],"wp:term":[{"taxonomy":"category","embeddable":true,"href":"https:\/\/www.europesays.com\/fr\/wp-json\/wp\/v2\/categories?post=615122"},{"taxonomy":"post_tag","embeddable":true,"href":"https:\/\/www.europesays.com\/fr\/wp-json\/wp\/v2\/tags?post=615122"}],"curies":[{"name":"wp","href":"https:\/\/api.w.org\/{rel}","templated":true}]}}