{"id":615128,"date":"2025-12-22T04:52:18","date_gmt":"2025-12-22T04:52:18","guid":{"rendered":"https:\/\/www.europesays.com\/fr\/615128\/"},"modified":"2025-12-22T04:52:18","modified_gmt":"2025-12-22T04:52:18","slug":"linvite-du-grand-jury-pierre-moscovici-le-grand-jury","status":"publish","type":"post","link":"https:\/\/www.europesays.com\/fr\/615128\/","title":{"rendered":"L&rsquo;invit\u00e9 du Grand Jury : Pierre Moscovici &#8211; Le Grand Jury"},"content":{"rendered":"<p class=\"edito\"> Pierre Moscovici, premier pr\u00e9sident de la Cour des comptes, est l&rsquo;invit\u00e9 du \u00ab\u00a0Grand Jury\u00a0\u00bb. \u00ab\u00a0Le Grand jury RTL &#8211;  Public S\u00e9nat\u00a0\u00bb est une \u00e9mission politique majeure propos\u00e9e en direct sur Public S\u00e9nat, et en simultan\u00e9 sur RTL. Ce grand rendez-vous politique du dimanche est pr\u00e9sent\u00e9 par Olivier Bost, chef du service politique de RTL et Perrine Tarrneaud &#8230; de Public S\u00e9nat.<\/p>\n<p> Voir plus       <\/p>\n","protected":false},"excerpt":{"rendered":"Pierre Moscovici, premier pr\u00e9sident de la Cour des comptes, est l&rsquo;invit\u00e9 du \u00ab\u00a0Grand Jury\u00a0\u00bb. \u00ab\u00a0Le Grand jury RTL&hellip;\n","protected":false},"author":2,"featured_media":615129,"comment_status":"","ping_status":"","sticky":false,"template":"","format":"standard","meta":{"footnotes":""},"categories":[1356],"tags":[58,59,1011,27,252,1364],"class_list":{"0":"post-615128","1":"post","2":"type-post","3":"status-publish","4":"format-standard","5":"has-post-thumbnail","7":"category-television","8":"tag-divertissement","9":"tag-entertainment","10":"tag-fr","11":"tag-france","12":"tag-television","13":"tag-tv"},"share_on_mastodon":{"url":"https:\/\/pubeurope.com\/@fr\/115761430221514451","error":""},"_links":{"self":[{"href":"https:\/\/www.europesays.com\/fr\/wp-json\/wp\/v2\/posts\/615128","targetHints":{"allow":["GET"]}}],"collection":[{"href":"https:\/\/www.europesays.com\/fr\/wp-json\/wp\/v2\/posts"}],"about":[{"href":"https:\/\/www.europesays.com\/fr\/wp-json\/wp\/v2\/types\/post"}],"author":[{"embeddable":true,"href":"https:\/\/www.europesays.com\/fr\/wp-json\/wp\/v2\/users\/2"}],"replies":[{"embeddable":true,"href":"https:\/\/www.europesays.com\/fr\/wp-json\/wp\/v2\/comments?post=615128"}],"version-history":[{"count":0,"href":"https:\/\/www.europesays.com\/fr\/wp-json\/wp\/v2\/posts\/615128\/revisions"}],"wp:featuredmedia":[{"embeddable":true,"href":"https:\/\/www.europesays.com\/fr\/wp-json\/wp\/v2\/media\/615129"}],"wp:attachment":[{"href":"https:\/\/www.europesays.com\/fr\/wp-json\/wp\/v2\/media?parent=615128"}],"wp:term":[{"taxonomy":"category","embeddable":true,"href":"https:\/\/www.europesays.com\/fr\/wp-json\/wp\/v2\/categories?post=615128"},{"taxonomy":"post_tag","embeddable":true,"href":"https:\/\/www.europesays.com\/fr\/wp-json\/wp\/v2\/tags?post=615128"}],"curies":[{"name":"wp","href":"https:\/\/api.w.org\/{rel}","templated":true}]}}