{"id":615132,"date":"2025-12-22T04:54:20","date_gmt":"2025-12-22T04:54:20","guid":{"rendered":"https:\/\/www.europesays.com\/fr\/615132\/"},"modified":"2025-12-22T04:54:20","modified_gmt":"2025-12-22T04:54:20","slug":"faut-il-aller-voir-ce-film-avec-camille-cottin","status":"publish","type":"post","link":"https:\/\/www.europesays.com\/fr\/615132\/","title":{"rendered":"faut-il aller voir ce film avec Camille Cottin\u00a0?"},"content":{"rendered":"<p>                    Par<br \/>\n        <strong><br \/>\n            <a href=\"https:\/\/actu.fr\/auteur\/redaction-toulouse\" title=\"Consulter tous les articles de R\u00e9daction de Toulouse\" target=\"_blank\" rel=\"noopener\">R\u00e9daction de Toulouse<\/a><br \/>\n                    <\/strong><\/p>\n<p>        Publi\u00e9 le<\/p>\n<p>            21 d\u00e9c. 2025 \u00e0 14h57        <\/p>\n<p>Depuis <strong>Toni en famille<\/strong>, que signe Nathan Ambrosioni en 2023, d\u00e9j\u00e0 avec <strong>Camille Cottin<\/strong>, la plan\u00e8te cin\u00e9philique \u00e9tait impatiente de voir le prochain opus de ce jeune r\u00e9alisateur de 26 ans aujourd\u2019hui et tellement dou\u00e9 autant que prometteur. Le voici, \u00e0 nouveau dans un registre grave, familial, s\u2019attachant \u00e0 un fait de soci\u00e9t\u00e9 parfaitement l\u00e9gal : organiser sa propre \u00a0\u00bb disparition \u00ab\u00a0.<\/p>\n<p>Jeanne et Suzanne\u00a0<\/p>\n<p class=\" wall-content\">Jeanne est experte en sinistres dans une compagnie d\u2019assurance. Elle fr\u00e9quente d\u2019autres femmes et n\u2019a jamais voulu entendre parler de maternit\u00e9. Un jour, elle voit sur le pas de sa maison, venant lui rendre visite, sa s\u0153ur Suzanne, veuve, et ses deux jeunes enfants : Gaspard et Margaux. Voil\u00e0 deux ans que les deux frangines ne se sont pas vues. Jeanne les accueille et leur donne le g\u00eete pour la nuit. Le lendemain matin, Suzanne s\u2019est envol\u00e9e. On ne la reverra plus. Elle a juste laiss\u00e9 les cl\u00e9s de son appartement, ses deux enfants et une lettre dont le contenu nous sera cach\u00e9.<\/p>\n<p>Un s\u00e9isme majeur\u00a0<\/p>\n<p class=\" wall-content\">Que faire avec deux gamins sur les bras quand on en a jamais voulu ? D\u2019autant que de suite se posent des probl\u00e8mes de responsabilit\u00e9s, d\u2019\u00e9cole, etc. Pour Jeanne, le s\u00e9isme est majeur et remet en cause sa vie m\u00eame. Tr\u00e8s vite elle comprend que si elle ne fait pas face, les petits seront mis en foyer, pas forc\u00e9ment ensemble. Quant \u00e0 Suzanne, la loi aujourd\u2019hui interdit toute recherche dans des cas pareils. Elle s\u2019est volontairement volatilis\u00e9e. C\u2019est son droit dans la mesure o\u00f9 elle ne met personne en danger, y compris elle-m\u00eame.<\/p>\n<p>Remarquable justesse de ton\u00a0<\/p>\n<p class=\" wall-content\">Le titre du film vaut tous les r\u00e9sum\u00e9s, le sc\u00e9nario tourne autour des enfants et de leur r\u00e9action face \u00e0 une telle situation vue \u00e0 hauteur de 6\/9 ans. L\u2019\u00e9tude est ici remarquable de justesse de ton, de sensibilit\u00e9 et si l\u2019\u00e9cran est envahi par de pleins cadres de Camille Cottin (remarquable au demeurant), ce sont les deux gamins qui portent toute l\u2019\u00e9motion de ce film par la pr\u00e9cision de leur jeu, parfois de leurs improvisations. Il est difficile d\u2019imaginer les temp\u00eates qui se l\u00e8vent dans ces petites t\u00eates mais ils nous les font deviner malgr\u00e9 tout. Mano\u00e2 Varvat (Gaspard) et Nina Birman (Margaux) sont deux frimousses que leur jeunesse n\u2019\u00e9pargne pas. Il va \u00eatre impossible de les oublier.<\/p>\n<p>Vid\u00e9os : en ce moment sur Actu<\/p>\n<p class=\" wall-content\"><b>Robert P\u00c9NAVAYRE<\/b><\/p>\n<p>R\u00e9alisateur : Nathan AmbrosioniAvec : Camille Cottin, Juliette Armanet, Monia Chokri\u2026Dur\u00e9e : 1h51Genre : drame<\/p>\n<p class=\" wall-content\">Personnalisez votre actualit\u00e9 en ajoutant vos villes et m\u00e9dias en favori avec <a href=\"https:\/\/moncompte.actu.fr\" title=\"D\u00e9couvez Mon Actu\" rel=\"nofollow noopener\" data-trk=\"{&quot;cta&quot;:{&quot;action&quot;:&quot;https:\\\/\\\/moncompte.actu.fr&quot;,&quot;category&quot;:&quot;mon compte&quot;,&quot;from&quot;:&quot;article footer&quot;,&quot;name&quot;:&quot;Mon actu&quot;,&quot;type&quot;:&quot;cta&quot;}}\" target=\"_blank\">Mon Actu<\/a>.<\/p>\n","protected":false},"excerpt":{"rendered":"Par R\u00e9daction de Toulouse Publi\u00e9 le 21 d\u00e9c. 2025 \u00e0 14h57 Depuis Toni en famille, que signe Nathan&hellip;\n","protected":false},"author":2,"featured_media":615133,"comment_status":"","ping_status":"","sticky":false,"template":"","format":"standard","meta":{"footnotes":""},"categories":[1354],"tags":[650,58,59,1346,1011,27,1652,1360],"class_list":{"0":"post-615132","1":"post","2":"type-post","3":"status-publish","4":"format-standard","5":"has-post-thumbnail","7":"category-films","8":"tag-cinema","9":"tag-divertissement","10":"tag-entertainment","11":"tag-films","12":"tag-fr","13":"tag-france","14":"tag-loisirs-culture","15":"tag-movies"},"share_on_mastodon":{"url":"https:\/\/pubeurope.com\/@fr\/115761437987072973","error":""},"_links":{"self":[{"href":"https:\/\/www.europesays.com\/fr\/wp-json\/wp\/v2\/posts\/615132","targetHints":{"allow":["GET"]}}],"collection":[{"href":"https:\/\/www.europesays.com\/fr\/wp-json\/wp\/v2\/posts"}],"about":[{"href":"https:\/\/www.europesays.com\/fr\/wp-json\/wp\/v2\/types\/post"}],"author":[{"embeddable":true,"href":"https:\/\/www.europesays.com\/fr\/wp-json\/wp\/v2\/users\/2"}],"replies":[{"embeddable":true,"href":"https:\/\/www.europesays.com\/fr\/wp-json\/wp\/v2\/comments?post=615132"}],"version-history":[{"count":0,"href":"https:\/\/www.europesays.com\/fr\/wp-json\/wp\/v2\/posts\/615132\/revisions"}],"wp:featuredmedia":[{"embeddable":true,"href":"https:\/\/www.europesays.com\/fr\/wp-json\/wp\/v2\/media\/615133"}],"wp:attachment":[{"href":"https:\/\/www.europesays.com\/fr\/wp-json\/wp\/v2\/media?parent=615132"}],"wp:term":[{"taxonomy":"category","embeddable":true,"href":"https:\/\/www.europesays.com\/fr\/wp-json\/wp\/v2\/categories?post=615132"},{"taxonomy":"post_tag","embeddable":true,"href":"https:\/\/www.europesays.com\/fr\/wp-json\/wp\/v2\/tags?post=615132"}],"curies":[{"name":"wp","href":"https:\/\/api.w.org\/{rel}","templated":true}]}}