{"id":615141,"date":"2025-12-22T04:59:20","date_gmt":"2025-12-22T04:59:20","guid":{"rendered":"https:\/\/www.europesays.com\/fr\/615141\/"},"modified":"2025-12-22T04:59:20","modified_gmt":"2025-12-22T04:59:20","slug":"leurope-sobstine-sur-lelectrique-pendant-que-les-etats-unis-sarrachent-les-nouveaux-v8-de-57-litres-comme-des-petits-pains","status":"publish","type":"post","link":"https:\/\/www.europesays.com\/fr\/615141\/","title":{"rendered":"L&rsquo;Europe s&rsquo;obstine sur l&rsquo;\u00e9lectrique pendant que les \u00c9tats-Unis s&rsquo;arrachent les nouveaux V8 de 5,7 litres comme des petits pains"},"content":{"rendered":"<p>Ils \u00e9taient cens\u00e9s dispara\u00eetre, balay\u00e9s par les normes, les lois climatiques et les contraintes de consommation. Pourtant, les V8 sont loin d\u2019avoir dit leur dernier mot. De l\u2019autre c\u00f4t\u00e9 de l\u2019Atlantique, Ram fait face \u00e0 une demande telle pour son moteur HEMI 5.7 qu\u2019il ne parvient plus \u00e0 suivre le rythme. Une r\u00e9alit\u00e9 commerciale qui tranche avec la trajectoire technocratique de l\u2019Union europ\u00e9enne.<\/p>\n<p>Tandis que l\u2019Europe s\u2019enfonce dans sa strat\u00e9gie du tout-\u00e9lectrique, parfois au d\u00e9triment des r\u00e9alit\u00e9s du terrain, les constructeurs am\u00e9ricains r\u00e9\u00e9valuent leurs priorit\u00e9s. Chez Ram, l\u2019\u00e9chec relatif du pick-up \u00e9lectrique a pouss\u00e9 la marque \u00e0 revoir sa copie. R\u00e9sultat : un retour tonitruant \u00e0 la m\u00e9canique traditionnelle avec un succ\u00e8s fulgurant d\u00e8s les premi\u00e8res 24 heures de commercialisation.<\/p>\n<p>Ce succ\u00e8s remet sur la table une question fondamentale : faut-il suivre aveugl\u00e9ment la voie de l\u2019\u00e9lectrique, ou \u00e9couter les besoins (et d\u00e9sirs) du march\u00e9 ? Le cas du V8 HEMI illustre un contraste culturel et industriel saisissant, qui en dit long sur l\u2019\u00e9cart croissant entre les politiques europ\u00e9ennes et les usages am\u00e9ricains.<\/p>\n<p><img fetchpriority=\"high\" decoding=\"async\" class=\"size-full wp-image-28459 webpexpress-processed\" src=\"data:image\/svg+xml,%3Csvg%20xmlns=\" http:=\"\" alt=\"Profil lat\u00e9ral du pick-up Ram 1500 \u00e9quip\u00e9 du moteur V8 HEMI 5.7 en finition Laramie\" width=\"1200\" height=\"800\" data-lazy- data-lazy- data-lazy-src=\"https:\/\/www.europesays.com\/fr\/wp-content\/uploads\/2025\/12\/ram-1500-2026-v8-hemi-01.jpg\"\/>La silhouette muscl\u00e9e de la Ram 1500 conserve l\u2019identit\u00e9 visuelle embl\u00e9matique du pick-up am\u00e9ricain, avec ses lignes robustes et son gabarit imposant. Ici, la version Laramie illustre le retour en force du V8 dans un march\u00e9 en qu\u00eate d\u2019authenticit\u00e9. \u00a9 Ram<br \/>\nL\u2019Europe verrouille le thermique, m\u00eame en pleine contestation<\/p>\n<p>La <strong>strat\u00e9gie europ\u00e9enne en mati\u00e8re d\u2019\u00e9lectrification<\/strong> semble grav\u00e9e dans le marbre. Malgr\u00e9 les pressions de certains \u00c9tats membres et des assouplissements introduits dans la feuille de route 2035, <strong>l\u2019interdiction de vente des voitures thermiques neuves<\/strong> reste un objectif central. En toile de fond : les objectifs climatiques ambitieux, la volont\u00e9 de d\u00e9carbonation du transport routier, et une forme d\u2019obsession r\u00e9glementaire envers le z\u00e9ro \u00e9mission.<\/p>\n<blockquote class=\"wp-embedded-content\" data-secret=\"0GWquyf6yE\">\n<p><a href=\"https:\/\/www.passionandcar.fr\/2025\/12\/21\/22-490-e-taille-dun-mg-zs-mais-en-mieux-ce-suv-offre-un-meilleur-moteur-un-comportement-superieur-le-label-eco-et-430-litres-de-coffre\/\" target=\"_blank\" rel=\"noopener\">22 490 \u20ac, taille d\u2019un MG ZS mais en mieux : ce SUV offre un meilleur moteur, un comportement sup\u00e9rieur, le label ECO et 430 litres de coffre<\/a><\/p>\n<\/blockquote>\n<p>Mais cette politique, technocratique et peu adaptable, entre de plus en plus en contradiction avec la diversit\u00e9 des usages et des attentes. Les critiques se multiplient : autonomie limit\u00e9e des mod\u00e8les \u00e9lectriques abordables, r\u00e9seau de recharge in\u00e9gal, hausse du co\u00fbt des v\u00e9hicules neufs. Pourtant, l\u2019UE maintient son cap, quitte \u00e0 creuser le foss\u00e9 avec d\u2019autres grandes puissances automobiles.<\/p>\n<p>Car pendant que l\u2019Europe acc\u00e9l\u00e8re, <strong>les \u00c9tats-Unis ralentissent<\/strong>, bifurquent et parfois font carr\u00e9ment demi-tour. L\u2019exemple le plus parlant en ce moment : <strong>le retour fracassant du V8 HEMI chez Ram<\/strong>, symbole d\u2019un march\u00e9 o\u00f9 la passion m\u00e9canique prime encore sur la logique normative.<\/p>\n<p><img loading=\"lazy\" decoding=\"async\" class=\"size-full wp-image-28460 webpexpress-processed\" src=\"data:image\/svg+xml,%3Csvg%20xmlns=\" http:=\"\" alt=\"Tableau de bord de la Ram 1500 V8 avec \u00e9cran tactile et sellerie cuir\" width=\"1200\" height=\"800\" data-lazy- data-lazy- data-lazy-src=\"https:\/\/www.europesays.com\/fr\/wp-content\/uploads\/2025\/12\/ram-1500-2026-v8-hemi-03.jpg\"\/>L\u2019habitacle de la Ram 1500 m\u00eale confort et technologies, avec une instrumentation num\u00e9rique, un \u00e9cran tactile vertical et des finitions premium. Une pr\u00e9sentation qui contraste avec l\u2019image rustique souvent associ\u00e9e aux pick-ups. \u00a9 Ram<br \/>\nRam 1500 HEMI : un retour \u00e0 la tradition qui cartonne<\/p>\n<p>Face au <strong>revers commercial de la Ram \u00e9lectrique<\/strong>, le constructeur am\u00e9ricain a chang\u00e9 de direction. Litt\u00e9ralement. Le nouveau CEO a d\u00e9cid\u00e9 d\u2019\u00e9couter les attentes du march\u00e9 plut\u00f4t que de forcer une mutation vers une motorisation que les clients ne veulent pas. R\u00e9sultat : la <strong>Ram 1500 re\u00e7oit \u00e0 nouveau le moteur V8 HEMI 5.7<\/strong>, un bloc mythique aux \u00c9tats-Unis.<\/p>\n<blockquote class=\"wp-embedded-content\" data-secret=\"qwlVhIg6Ye\">\n<p><a href=\"https:\/\/www.passionandcar.fr\/2025\/12\/21\/leurope-hesite-encore-sur-lelectrique-la-chine-accelere-les-batteries-chinoises-passent-a-250-000-km-de-garantie\/\" target=\"_blank\" rel=\"noopener\">L\u2019Europe h\u00e9site encore sur l\u2019\u00e9lectrique, la Chine acc\u00e9l\u00e8re : les batteries chinoises passent \u00e0 250 000 km de garantie<\/a><\/p>\n<\/blockquote>\n<p>Le pari est payant. D\u00e8s l\u2019annonce du retour du V8, plus de <strong>10 000 commandes ont \u00e9t\u00e9 enregistr\u00e9es en 24 heures<\/strong>. Une performance saisissante, quand on sait que Ram a vendu un peu plus de 51 000 pick-ups sur l\u2019ensemble du deuxi\u00e8me trimestre. L\u2019accueil est tel que la production actuelle ne permet m\u00eame plus de r\u00e9pondre \u00e0 la demande.<\/p>\n<p>Ce come-back inattendu d\u2019un moteur atmosph\u00e9rique, \u00e0 contre-courant des tendances europ\u00e9ennes, montre que la <strong>culture automobile am\u00e9ricaine<\/strong> conserve un attachement visc\u00e9ral \u00e0 certaines configurations m\u00e9caniques. Ce n\u2019est pas une question de puissance brute ou d\u2019efficacit\u00e9 : c\u2019est une affaire de caract\u00e8re, de sonorit\u00e9, de tradition.<\/p>\n<p><img loading=\"lazy\" decoding=\"async\" class=\"size-full wp-image-28461 webpexpress-processed\" src=\"data:image\/svg+xml,%3Csvg%20xmlns=\" http:=\"\" alt=\"Moteur V8 HEMI 5.7 litres essence de la Ram 1500, architecture atmosph\u00e9rique embl\u00e9matique du march\u00e9 am\u00e9ricain\" width=\"1200\" height=\"675\" data-lazy- data-lazy- data-lazy-src=\"https:\/\/www.europesays.com\/fr\/wp-content\/uploads\/2025\/12\/ram-1500-2026-v8-hemi-05.jpg\"\/>Le moteur V8 HEMI de 5.7 litres signe le retour d\u2019une architecture m\u00e9canique devenue rare. Atmosph\u00e9rique, g\u00e9n\u00e9reux en cylindr\u00e9e et en caract\u00e8re, il d\u00e9veloppe 400 ch et 556 Nm, misant davantage sur l\u2019agr\u00e9ment, la sonorit\u00e9 et la tradition que sur la performance pure face aux blocs turbocompress\u00e9s modernes. \u00a9 Ram<br \/>\nL\u2019usine d\u00e9bord\u00e9e : une rupture de stock\u2026 \u00e0 cause d\u2019un V8<\/p>\n<p>Ce qui devait \u00eatre une relance symbolique est devenu un probl\u00e8me logistique. <strong>Ram n\u2019arrive plus \u00e0 produire suffisamment de blocs V8 HEMI<\/strong> pour \u00e9quiper ses pick-ups. Le patron de la marque a admis qu\u2019il leur manquerait id\u00e9alement plus de <strong>100 000 moteurs<\/strong> pour satisfaire la demande actuelle. Un comble \u00e0 l\u2019heure o\u00f9 de nombreux constructeurs europ\u00e9ens peinent \u00e0 \u00e9couler leurs mod\u00e8les \u00e9lectriques.<\/p>\n<p>Ce V8 atmosph\u00e9rique d\u00e9veloppe <strong>400 ch pour 556 Nm de couple<\/strong>, des chiffres respectables mais en de\u00e7\u00e0 du bloc Hurricane 3.0 biturbo (426 ch et 623 Nm) propos\u00e9 sur les versions six cylindres. Pourtant, ces derni\u00e8res sont deux fois moins vendues. \u00c0 l\u2019inverse de l\u2019Europe, les arguments rationnels ne suffisent pas \u00e0 convaincre : <strong>le nombre de cylindres et la cylindr\u00e9e<\/strong> conservent une force symbolique aux \u00c9tats-Unis.<\/p>\n<p>Ram est donc confront\u00e9 \u00e0 un <strong>paradoxe logistique<\/strong> : le moteur le plus ancien, le moins efficient sur le papier, est aussi celui qui conna\u00eet le plus grand succ\u00e8s. L\u2019entreprise doit d\u00e9sormais ajuster sa cha\u00eene d\u2019approvisionnement \u00e0 une demande qu\u2019elle n\u2019avait pas anticip\u00e9e.<\/p>\n<p><img loading=\"lazy\" decoding=\"async\" class=\"size-full wp-image-28462 webpexpress-processed\" src=\"data:image\/svg+xml,%3Csvg%20xmlns=\" http:=\"\" alt=\"Vue arri\u00e8re de la Ram 1500 avec benne ouverte et feux verticaux LED\" width=\"1200\" height=\"800\" data-lazy- data-lazy- data-lazy-src=\"https:\/\/www.europesays.com\/fr\/wp-content\/uploads\/2025\/12\/ram-1500-2026-v8-hemi-04.jpg\"\/>\u00c0 l\u2019arri\u00e8re, la Ram 1500 arbore une benne spacieuse et des feux verticaux modernes. Le logo central, largement visible, renforce l\u2019image de robustesse typique du pick-up am\u00e9ricain. \u00a9 Ram<br \/>\nPourquoi les Am\u00e9ricains pr\u00e9f\u00e8rent encore un V8 moins puissant<\/p>\n<p>Le choix des clients am\u00e9ricains peut sembler irrationnel au regard des performances. Le <strong>six cylindres Hurricane<\/strong>, avec ses deux turbos, offre une puissance et un couple sup\u00e9rieurs, ainsi qu\u2019une meilleure capacit\u00e9 de remorquage (jusqu\u2019\u00e0 5 266 kg). Pourtant, ce sont bien les versions V8 qui se vendent comme des petits pains.<\/p>\n<p>La raison est ailleurs. Elle tient \u00e0 une forme de <strong>f\u00e9tichisme m\u00e9canique<\/strong>, d\u2019attachement \u00e0 une architecture moteur synonyme de puissance brute, m\u00eame si les chiffres disent le contraire. Le <strong>V8 HEMI incarne une culture<\/strong>, celle du muscle car, du pick-up rugissant, du road trip am\u00e9ricain avec une bande-son \u00e0 huit cylindres.<\/p>\n<p>Ce n\u2019est donc pas un rejet de la technologie moderne, mais une <strong>affirmation identitaire<\/strong>. L\u2019\u00e9lectrique ou les moteurs downsiz\u00e9s peuvent s\u00e9duire dans les m\u00e9tropoles, mais hors des grandes villes, les acheteurs am\u00e9ricains veulent du son, de la cylindr\u00e9e, et un moteur qui respire. Une vision de l\u2019automobile que l\u2019Europe, avec ses r\u00e9glementations, est en train d\u2019effacer \u2014 mais qui, outre-Atlantique, continue de faire battre les c\u0153urs.<\/p>\n","protected":false},"excerpt":{"rendered":"Ils \u00e9taient cens\u00e9s dispara\u00eetre, balay\u00e9s par les normes, les lois climatiques et les contraintes de consommation. Pourtant, les&hellip;\n","protected":false},"author":2,"featured_media":615142,"comment_status":"","ping_status":"","sticky":false,"template":"","format":"standard","meta":{"footnotes":""},"categories":[6],"tags":[45503,35,33,34,1011,27,48365,2102],"class_list":{"0":"post-615141","1":"post","2":"type-post","3":"status-publish","4":"format-standard","5":"has-post-thumbnail","7":"category-economie","8":"tag-4x4","9":"tag-business","10":"tag-economie","11":"tag-economy","12":"tag-fr","13":"tag-france","14":"tag-pick-up","15":"tag-ram"},"share_on_mastodon":{"url":"https:\/\/pubeurope.com\/@fr\/115761457730339162","error":""},"_links":{"self":[{"href":"https:\/\/www.europesays.com\/fr\/wp-json\/wp\/v2\/posts\/615141","targetHints":{"allow":["GET"]}}],"collection":[{"href":"https:\/\/www.europesays.com\/fr\/wp-json\/wp\/v2\/posts"}],"about":[{"href":"https:\/\/www.europesays.com\/fr\/wp-json\/wp\/v2\/types\/post"}],"author":[{"embeddable":true,"href":"https:\/\/www.europesays.com\/fr\/wp-json\/wp\/v2\/users\/2"}],"replies":[{"embeddable":true,"href":"https:\/\/www.europesays.com\/fr\/wp-json\/wp\/v2\/comments?post=615141"}],"version-history":[{"count":0,"href":"https:\/\/www.europesays.com\/fr\/wp-json\/wp\/v2\/posts\/615141\/revisions"}],"wp:featuredmedia":[{"embeddable":true,"href":"https:\/\/www.europesays.com\/fr\/wp-json\/wp\/v2\/media\/615142"}],"wp:attachment":[{"href":"https:\/\/www.europesays.com\/fr\/wp-json\/wp\/v2\/media?parent=615141"}],"wp:term":[{"taxonomy":"category","embeddable":true,"href":"https:\/\/www.europesays.com\/fr\/wp-json\/wp\/v2\/categories?post=615141"},{"taxonomy":"post_tag","embeddable":true,"href":"https:\/\/www.europesays.com\/fr\/wp-json\/wp\/v2\/tags?post=615141"}],"curies":[{"name":"wp","href":"https:\/\/api.w.org\/{rel}","templated":true}]}}