{"id":615143,"date":"2025-12-22T05:00:19","date_gmt":"2025-12-22T05:00:19","guid":{"rendered":"https:\/\/www.europesays.com\/fr\/615143\/"},"modified":"2025-12-22T05:00:19","modified_gmt":"2025-12-22T05:00:19","slug":"une-famille-britannique-soupconnee-davoir-voulu-prendre-lavion-avec-leur-grand-mere-decedee","status":"publish","type":"post","link":"https:\/\/www.europesays.com\/fr\/615143\/","title":{"rendered":"Une famille britannique soup\u00e7onn\u00e9e d\u2019avoir voulu prendre l\u2019avion avec leur grand-m\u00e8re d\u00e9c\u00e9d\u00e9e"},"content":{"rendered":"<p>Une famille britannique a-t-elle cherch\u00e9 \u00e0 <a href=\"https:\/\/www.20minutes.fr\/monde\/4178018-20251008-british-airways-passager-decede-plein-vol-avion-deroute-pose-urgence-espagne\" target=\"_blank\" class=\"c-link c-link--is-underlined\" rel=\"noopener\">prendre l\u2019avion avec le cadavre<\/a> de leur grand-m\u00e8re, \u00e2g\u00e9e de 89 ans ? Vendredi, un vol <a href=\"https:\/\/www.20minutes.fr\/dossier\/easyjet\" class=\"c-link c-link--is-underlined\" target=\"_blank\" rel=\"noopener\">EasyJet<\/a> reliant Malaga en Espagne \u00e0 Londres, en Grande-Bretagne a d\u00fb faire demi-tour au dernier moment, a r\u00e9v\u00e9l\u00e9 le <a href=\"https:\/\/www.dailymail.co.uk\/news\/article-15398909\/British-family-accused-wheeling-DEAD-grandmother-easyJet-flight-Spain-telling-cabin-crew-tired.html\" rel=\"nofollow noopener\" target=\"_blank\" class=\"c-link c-link--is-underlined\">Daily Mail<\/a>, vendredi. L\u2019\u00e9quipage a, en effet, \u00e9t\u00e9 alert\u00e9 par plusieurs passagers qu\u2019une femme \u00e2g\u00e9e semblait morte, ou tout du moins inconsciente.<\/p>\n<p>Selon les t\u00e9moignages, l\u2019octog\u00e9naire est arriv\u00e9e en fauteuil roulant dans l\u2019avion. Interrog\u00e9e par un membre d\u2019\u00e9quipage, sa famille &#8211; compos\u00e9e de cinq personnes &#8211; avait affirm\u00e9 \u00e0 l\u2019embarquement qu\u2019elle \u00e9tait \u00ab\u00a0un peu fatigu\u00e9e\u00a0\u00bb et qu\u2019elle s\u2019est \u00ab\u00a0endormie\u00a0\u00bb. Selon le quotidien britannique, ils auraient pr\u00e9cis\u00e9 qu\u2019ils \u00e9taient m\u00e9decins. Mais les passagers se sont inqui\u00e9t\u00e9s de voir cette femme inerte, la t\u00eate pench\u00e9e vers l\u2019arri\u00e8re.<\/p>\n<p>\u00ab\u00a0Le passager est malheureusement d\u00e9c\u00e9d\u00e9\u00a0\u00bb<\/p>\n<p>\u00ab\u00a0Le vol EZY8070 reliant Malaga \u00e0 Londres Gatwick a d\u00fb faire demi-tour avant le d\u00e9part car un passager \u00e0 bord n\u00e9cessitait une assistance m\u00e9dicale urgente. Les services d\u2019urgence sont intervenus, mais le passager est malheureusement d\u00e9c\u00e9d\u00e9\u00a0\u00bb, a r\u00e9agi une porte-parole de la compagnie, pr\u00e9cisant que la passag\u00e8re \u00e9tait vivante lorsqu\u2019elle a embarqu\u00e9. <\/p>\n<p>Son corps a \u00e9t\u00e9 \u00e9vacu\u00e9 et la famille a \u00e9t\u00e9 d\u00e9barqu\u00e9e sans toutefois \u00eatre arr\u00eat\u00e9e. Les autres passagers ont d\u00fb attendre douze heures pour pouvoir embarquer \u00e0 nouveau.<\/p>\n","protected":false},"excerpt":{"rendered":"Une famille britannique a-t-elle cherch\u00e9 \u00e0 prendre l\u2019avion avec le cadavre de leur grand-m\u00e8re, \u00e2g\u00e9e de 89 ans&hellip;\n","protected":false},"author":2,"featured_media":615144,"comment_status":"","ping_status":"","sticky":false,"template":"","format":"standard","meta":{"footnotes":""},"categories":[5],"tags":[47,11,37,661,118,1011,27,5072,14,12,28],"class_list":{"0":"post-615143","1":"post","2":"type-post","3":"status-publish","4":"format-standard","5":"has-post-thumbnail","7":"category-international","8":"tag-actualite","9":"tag-actualites","10":"tag-avion","11":"tag-easyjet","12":"tag-faits-divers","13":"tag-fr","14":"tag-france","15":"tag-grande-bretagne","16":"tag-international","17":"tag-news","18":"tag-world"},"share_on_mastodon":{"url":"https:\/\/pubeurope.com\/@fr\/115761461564693598","error":""},"_links":{"self":[{"href":"https:\/\/www.europesays.com\/fr\/wp-json\/wp\/v2\/posts\/615143","targetHints":{"allow":["GET"]}}],"collection":[{"href":"https:\/\/www.europesays.com\/fr\/wp-json\/wp\/v2\/posts"}],"about":[{"href":"https:\/\/www.europesays.com\/fr\/wp-json\/wp\/v2\/types\/post"}],"author":[{"embeddable":true,"href":"https:\/\/www.europesays.com\/fr\/wp-json\/wp\/v2\/users\/2"}],"replies":[{"embeddable":true,"href":"https:\/\/www.europesays.com\/fr\/wp-json\/wp\/v2\/comments?post=615143"}],"version-history":[{"count":0,"href":"https:\/\/www.europesays.com\/fr\/wp-json\/wp\/v2\/posts\/615143\/revisions"}],"wp:featuredmedia":[{"embeddable":true,"href":"https:\/\/www.europesays.com\/fr\/wp-json\/wp\/v2\/media\/615144"}],"wp:attachment":[{"href":"https:\/\/www.europesays.com\/fr\/wp-json\/wp\/v2\/media?parent=615143"}],"wp:term":[{"taxonomy":"category","embeddable":true,"href":"https:\/\/www.europesays.com\/fr\/wp-json\/wp\/v2\/categories?post=615143"},{"taxonomy":"post_tag","embeddable":true,"href":"https:\/\/www.europesays.com\/fr\/wp-json\/wp\/v2\/tags?post=615143"}],"curies":[{"name":"wp","href":"https:\/\/api.w.org\/{rel}","templated":true}]}}