{"id":615145,"date":"2025-12-22T05:01:17","date_gmt":"2025-12-22T05:01:17","guid":{"rendered":"https:\/\/www.europesays.com\/fr\/615145\/"},"modified":"2025-12-22T05:01:17","modified_gmt":"2025-12-22T05:01:17","slug":"sans-esprit-vindicatif-je-souhaite-connaitre-la-verite-le-pere-de-muhamed-gueye-abattu-par-la-police-a-ajaccio-temoigne","status":"publish","type":"post","link":"https:\/\/www.europesays.com\/fr\/615145\/","title":{"rendered":"\u00ab\u00a0Sans esprit vindicatif, je souhaite conna\u00eetre la v\u00e9rit\u00e9\u00a0\u00bb, le p\u00e8re de Muhamed Gueye, abattu par la police \u00e0 Ajaccio, t\u00e9moigne"},"content":{"rendered":"<p>Lire aussi\u00a0:<\/p>\n<p><a href=\"https:\/\/www.corsematin.com\/article\/faits-diversjustice\/1180595389301815\/ajaccio-au-lendemain-du-drame-les-temoins-dun-drame-de-retour-dans-le-quartier-entre-stupeur-et-soulagement\" target=\"_blank\" rel=\"noopener\">1- Ajaccio\u00a0: au lendemain du drame, les t\u00e9moins de retour dans le quartier, entre stupeur et soulagement<\/a><\/p>\n<p>2- Attaque au couteau \u00e0 Ajaccio, la l\u00e9gitime d\u00e9fense au c\u0153ur de l&rsquo;enqu\u00eate apr\u00e8s la mort de l&rsquo;assaillant.<\/p>\n<p>3- \u00ab\u00a0Jeune calme, travailleur et ambitieux\u00a0\u00bb, la communaut\u00e9 s\u00e9n\u00e9galaise de Corse incr\u00e9dule apr\u00e8s la mort de Muhamed Gueye, abattu par la police<\/p>\n<p><a href=\"https:\/\/www.corsematin.com\/article\/faits-diversjustice\/1176509541500415\/sans-esprit-vindicatif-je-souhaite-connaitre-la-verite-le-pere-de-muhamed-gueye-abattu-par-la-police-a-ajaccio-temoigne\" target=\"_blank\" rel=\"noopener\">4- \u00ab\u00a0Sans esprit vindicatif, je souhaite conna\u00eetre la v\u00e9rit\u00e9\u00a0\u00bb, le p\u00e8re de Muhamed Gueye, abattu par la police \u00e0 Ajaccio, t\u00e9moigne<\/a><\/p>\n<p>5- Homme abattu par la police \u00e0 Ajaccio : \u00ab\u00a0Une des cons\u00e9quences structurelles de l&rsquo;incurie de notre politique contre la pauvret\u00e9\u00a0\u00bb, selon Fran\u00e7ois Pernin<\/p>\n<p>La voix pos\u00e9e, mais tout juste audible au t\u00e9l\u00e9phone, tente de s&rsquo;affirmer. Dans une \u00e9locution parfaite, depuis la ville de Dakar au S\u00e9n\u00e9gal, Momar, le p\u00e8re de Muhamed Gueye surmonte courageusement sa peine pour t\u00e9moigner. Muhamed \u00e9tait le fils a\u00een\u00e9 des huit enfants de ce proviseur de lyc\u00e9e dans la capitale s\u00e9n\u00e9galaise. \u00ab\u00a0Il a eu son bac en 2019 avec mention avant de se lancer en m\u00e9decine l&rsquo;ann\u00e9e suivante, explique-t-il. C&rsquo;\u00e9tait un gar\u00e7on tr\u00e8s gentil et sans histoire.\u00a0\u00bb En 2021, il choisit finalement Lille et un DUT en informatique industrielle. \u00ab\u00a0En 202&#8230;<\/p>\n","protected":false},"excerpt":{"rendered":"Lire aussi\u00a0: 1- Ajaccio\u00a0: au lendemain du drame, les t\u00e9moins de retour dans le quartier, entre stupeur et&hellip;\n","protected":false},"author":2,"featured_media":615146,"comment_status":"","ping_status":"","sticky":false,"template":"","format":"standard","meta":{"footnotes":""},"categories":[4],"tags":[17,11,25373,47434,274,1011,27,12,6552,25,4561,37624,29203,72595],"class_list":{"0":"post-615145","1":"post","2":"type-post","3":"status-publish","4":"format-standard","5":"has-post-thumbnail","7":"category-france","8":"tag-17","9":"tag-actualites","10":"tag-connaitre","11":"tag-esprit","12":"tag-faits-divers-justice","13":"tag-fr","14":"tag-france","15":"tag-news","16":"tag-pere","17":"tag-republique-francaise","18":"tag-sans","19":"tag-souhaite","20":"tag-verite","21":"tag-vindicatif"},"share_on_mastodon":{"url":"https:\/\/pubeurope.com\/@fr\/115761465544135373","error":""},"_links":{"self":[{"href":"https:\/\/www.europesays.com\/fr\/wp-json\/wp\/v2\/posts\/615145","targetHints":{"allow":["GET"]}}],"collection":[{"href":"https:\/\/www.europesays.com\/fr\/wp-json\/wp\/v2\/posts"}],"about":[{"href":"https:\/\/www.europesays.com\/fr\/wp-json\/wp\/v2\/types\/post"}],"author":[{"embeddable":true,"href":"https:\/\/www.europesays.com\/fr\/wp-json\/wp\/v2\/users\/2"}],"replies":[{"embeddable":true,"href":"https:\/\/www.europesays.com\/fr\/wp-json\/wp\/v2\/comments?post=615145"}],"version-history":[{"count":0,"href":"https:\/\/www.europesays.com\/fr\/wp-json\/wp\/v2\/posts\/615145\/revisions"}],"wp:featuredmedia":[{"embeddable":true,"href":"https:\/\/www.europesays.com\/fr\/wp-json\/wp\/v2\/media\/615146"}],"wp:attachment":[{"href":"https:\/\/www.europesays.com\/fr\/wp-json\/wp\/v2\/media?parent=615145"}],"wp:term":[{"taxonomy":"category","embeddable":true,"href":"https:\/\/www.europesays.com\/fr\/wp-json\/wp\/v2\/categories?post=615145"},{"taxonomy":"post_tag","embeddable":true,"href":"https:\/\/www.europesays.com\/fr\/wp-json\/wp\/v2\/tags?post=615145"}],"curies":[{"name":"wp","href":"https:\/\/api.w.org\/{rel}","templated":true}]}}