{"id":615148,"date":"2025-12-22T05:03:12","date_gmt":"2025-12-22T05:03:12","guid":{"rendered":"https:\/\/www.europesays.com\/fr\/615148\/"},"modified":"2025-12-22T05:03:12","modified_gmt":"2025-12-22T05:03:12","slug":"trimetal-traite-20000-tonnes-de-matieres-par-an","status":"publish","type":"post","link":"https:\/\/www.europesays.com\/fr\/615148\/","title":{"rendered":"Trim\u00e9tal traite 20000 tonnes de mati\u00e8res par an"},"content":{"rendered":"<p>Trim\u00e9tal a la bougeotte. Depuis sa cr\u00e9ation en 2019, cette entreprise lig\u00e9rienne a d\u00e9j\u00e0 d\u00e9m\u00e9nag\u00e9 trois fois\u00a0! D\u2019abord install\u00e9e \u00e0 Sury-le-Comtal, elle est venue s\u2019installer \u00e0 Saint-\u00c9tienne en 2021, rue du Serment-du-Jeu-de-Paume, dans le quartier du Soleil. \u00ab\u00a0On \u00e9tait pass\u00e9s de 1\u00a0800 \u00e0 5\u00a0500 m 2 \u00a0\u00bb, se souvient le PDG, Thomas Santucci, 44 ans, originaire de Bourg-en-Bresse et associ\u00e9 avec le St\u00e9phanois David Vitale.<\/p>\n<p>Mais la croissance rapide de l\u2019activit\u00e9 a, \u00e0 nouveau, contraint Trim\u00e9tal \u00e0 trouver, en 2023, un nouveau point de chute, en l\u2019occurrence l\u2019ancien site Jean M\u00e9li, impasse de l\u2019\u00c9parre, \u00e0 M\u00e9ons. Un investissement de \u00ab\u00a0plusieurs millions d\u2019euros\u00a0\u00bb. L\u2019entreprise dispose d\u00e9sormais d\u2019un vaste site de 18\u00a0500 m 2. De quoi voir venir, malgr\u00e9 l\u00e0 encore les perspectives d\u2019\u00e9volution qui se dessinent.<\/p>\n<p>De&#8230;                        <\/p>\n","protected":false},"excerpt":{"rendered":"Trim\u00e9tal a la bougeotte. Depuis sa cr\u00e9ation en 2019, cette entreprise lig\u00e9rienne a d\u00e9j\u00e0 d\u00e9m\u00e9nag\u00e9 trois fois\u00a0! D\u2019abord&hellip;\n","protected":false},"author":2,"featured_media":615149,"comment_status":"","ping_status":"","sticky":false,"template":"","format":"standard","meta":{"footnotes":""},"categories":[9653],"tags":[1111,11,2430,33,7539,1777,674,1011,27,12,25,4001,7538,216],"class_list":{"0":"post-615148","1":"post","2":"type-post","3":"status-publish","4":"format-standard","5":"has-post-thumbnail","7":"category-saint-etienne","8":"tag-actu","9":"tag-actualites","10":"tag-auvergne-rhone-alpes","11":"tag-economie","12":"tag-edition-loire-sud","13":"tag-eu","14":"tag-europe","15":"tag-fr","16":"tag-france","17":"tag-news","18":"tag-republique-francaise","19":"tag-saint-etienne","20":"tag-saint-etienne-ville","21":"tag-vie-des-entreprises"},"share_on_mastodon":{"url":"https:\/\/pubeurope.com\/@fr\/115761473351431960","error":""},"_links":{"self":[{"href":"https:\/\/www.europesays.com\/fr\/wp-json\/wp\/v2\/posts\/615148","targetHints":{"allow":["GET"]}}],"collection":[{"href":"https:\/\/www.europesays.com\/fr\/wp-json\/wp\/v2\/posts"}],"about":[{"href":"https:\/\/www.europesays.com\/fr\/wp-json\/wp\/v2\/types\/post"}],"author":[{"embeddable":true,"href":"https:\/\/www.europesays.com\/fr\/wp-json\/wp\/v2\/users\/2"}],"replies":[{"embeddable":true,"href":"https:\/\/www.europesays.com\/fr\/wp-json\/wp\/v2\/comments?post=615148"}],"version-history":[{"count":0,"href":"https:\/\/www.europesays.com\/fr\/wp-json\/wp\/v2\/posts\/615148\/revisions"}],"wp:featuredmedia":[{"embeddable":true,"href":"https:\/\/www.europesays.com\/fr\/wp-json\/wp\/v2\/media\/615149"}],"wp:attachment":[{"href":"https:\/\/www.europesays.com\/fr\/wp-json\/wp\/v2\/media?parent=615148"}],"wp:term":[{"taxonomy":"category","embeddable":true,"href":"https:\/\/www.europesays.com\/fr\/wp-json\/wp\/v2\/categories?post=615148"},{"taxonomy":"post_tag","embeddable":true,"href":"https:\/\/www.europesays.com\/fr\/wp-json\/wp\/v2\/tags?post=615148"}],"curies":[{"name":"wp","href":"https:\/\/api.w.org\/{rel}","templated":true}]}}