{"id":615159,"date":"2025-12-22T05:14:19","date_gmt":"2025-12-22T05:14:19","guid":{"rendered":"https:\/\/www.europesays.com\/fr\/615159\/"},"modified":"2025-12-22T05:14:19","modified_gmt":"2025-12-22T05:14:19","slug":"grand-corps-malade-au-zenith-de-rouen-2027","status":"publish","type":"post","link":"https:\/\/www.europesays.com\/fr\/615159\/","title":{"rendered":"Grand Corps Malade au Z\u00e9nith de Rouen 2027"},"content":{"rendered":"<p class=\"intro\">Grand Corps Malade fait son retour sur sc\u00e8ne et se produira en concert au Z\u00e9nith de Rouen le vendredi 10 d\u00e9cembre 2027 \u00e0 20h. Le slameur fran\u00e7ais investira cette salle embl\u00e9matique de Rouen pour pr\u00e9senter son art m\u00ealant po\u00e9sie urbaine et chanson fran\u00e7aise. Cette date s&rsquo;inscrit dans sa nouvelle tourn\u00e9e 2027 qui sillonnera la France, la Suisse et la Belgique. Les billets sont d&rsquo;ores et d\u00e9j\u00e0 disponibles \u00e0 la vente, avec des tarifs allant de 39\u00a0\u20ac \u00e0 74\u00a0\u20ac. R\u00e9servez rapidement vos places pour ne pas manquer ce rendez-vous musical exceptionnel.<\/p>\n<p>Rouen accueille Grand Corps Malade au Z\u00e9nith pour un concert \u00e9v\u00e9nementiel<\/p>\n<p>L&rsquo;artiste fran\u00e7ais pr\u00e9sentera sa tourn\u00e9e 2027 dans cette salle de r\u00e9f\u00e9rence situ\u00e9e \u00e0 Grand-Quevilly, \u00e0 moins de 10 kilom\u00e8tres du centre de Rouen. Le <strong>Z\u00e9nith de Rouen<\/strong> offre un cadre id\u00e9al avec sa capacit\u00e9 d&rsquo;accueil pouvant atteindre 8 000 spectateurs, garantissant une soir\u00e9e m\u00e9morable aux amateurs de slam et de chanson fran\u00e7aise.<\/p>\n<p><img decoding=\"async\" loading=\"lazy\" src=\"https:\/\/www.europesays.com\/fr\/wp-content\/uploads\/2025\/12\/grand-corps-malade-tournee-2027-tickets_478913_3820828_222x222.jpg\" alt=\"Grand Corps Malade - Tourn\u00e9e\" class=\"border\"\/><\/p>\n<p>Cette repr\u00e9sentation en <strong>Haute-Normandie<\/strong> s&rsquo;annonce comme un moment fort de la programmation culturelle r\u00e9gionale. Les spectateurs pourront d\u00e9couvrir l&rsquo;univers po\u00e9tique de l&rsquo;artiste dans une acoustique optimale, au c\u0153ur d&rsquo;une infrastructure moderne qui accueille chaque ann\u00e9e pr\u00e8s de 80 repr\u00e9sentations vari\u00e9es. Pour d\u00e9couvrir d&rsquo;autres rendez-vous musicaux dans la m\u00e9tropole, consultez l&rsquo;agenda des <a href=\"https:\/\/www.jds.fr\/rouen\/agenda\/musique-et-concerts-96_B\" target=\"_blank\" rel=\"noopener\">concerts \u00e0 Rouen<\/a>.<\/p>\n<p>Billetterie Grand Corps Malade au Z\u00e9nith de Rouen<\/p>\n<p><a class=\"btn btn-lg shadow-lg btn-primary rounded-pill fnac_link\" data-fnac=\"in_article\" href=\"https:\/\/www.awin1.com\/pclick.php?p=43388313079&amp;a=634278&amp;m=12494&amp;clickref=in_article-A-desktop\" target=\"_blank\" rel=\"nofollow noopener\"> Acheter des billets<\/a><\/p>\n<p>Les billets pour ce concert au Z\u00e9nith de Rouen sont propos\u00e9s de <strong>39\u00a0\u20ac \u00e0 74\u00a0\u20ac<\/strong> selon les cat\u00e9gories de places. Face \u00e0 la popularit\u00e9 grandissante de Grand Corps Malade et \u00e0 l&rsquo;attractivit\u00e9 de cette salle rouennaise, il est vivement conseill\u00e9 d&rsquo;acheter vos billets rapidement. Les prix abordables et la renomm\u00e9e de l&rsquo;artiste garantissent une forte demande pour cette soir\u00e9e de d\u00e9cembre 2027.<\/p>\n<p>Vous pouvez \u00e9galement consulter les <a href=\"https:\/\/www.jds.fr\/artistes\/grand-corps-malade-3103_N\" target=\"_blank\" rel=\"noopener\">autres dates de Grand Corps Malade<\/a> pour d\u00e9couvrir l&rsquo;ensemble de sa programmation artistique.<\/p>\n<p>Le parcours artistique de Grand Corps Malade<\/p>\n<p>Fabien Marsaud s&rsquo;est impos\u00e9 comme une figure incontournable du slam fran\u00e7ais depuis la sortie de son album r\u00e9v\u00e9lation <strong>\u00ab\u00a0Midi 20\u00a0\u00bb<\/strong> en 2006. Ses textes cisel\u00e9s m\u00ealent r\u00e9cits personnels et observations sociales, port\u00e9s par une diction unique qui lui a valu de nombreuses r\u00e9compenses dont deux <strong>Victoires de la Musique<\/strong> en 2007.<\/p>\n<p>Son r\u00e9pertoire s&rsquo;enrichit r\u00e9guli\u00e8rement d&rsquo;albums marquants comme <strong>\u00ab\u00a0Reflets\u00a0\u00bb<\/strong> sorti en 2023, confirmant sa capacit\u00e9 \u00e0 renouveler son approche artistique. Ses collaborations avec des artistes comme Camille Lellouche sur <strong>\u00ab\u00a0Mais je t&rsquo;aime\u00a0\u00bb<\/strong> illustrent sa polyvalence cr\u00e9ative. Les amateurs pourront retrouver l&rsquo;artiste lors de sa <a href=\"https:\/\/www.jds.fr\/angers\/concerts\/rap\/grand-corps-malade-tournee-1273310_A\" target=\"_blank\" rel=\"noopener\">tourn\u00e9e Grand Corps Malade \u00e0 Angers<\/a>.<\/p>\n<p>Comment aller au Z\u00e9nith de Rouen\u00a0?<\/p>\n<p>Le Z\u00e9nith est facilement accessible en <strong>voiture<\/strong> depuis les principaux axes routiers\u00a0: via l&rsquo;A13 depuis Paris (1h15), Le Havre ou Caen (1h), ou via l&rsquo;A15 et A28 depuis les villes environnantes (10 minutes). Un <strong>parking gratuit de 4 200 places<\/strong> est disponible sur site, bien qu&rsquo;il soit recommand\u00e9 d&rsquo;anticiper en raison de travaux temporaires.<\/p>\n<p>Les <strong>transports en commun<\/strong> constituent une excellente alternative avec l&rsquo;arr\u00eat\u00a0\u00ab\u00a0Z\u00e9nith\/Parc Expo\u00a0\u00bb desservi par plusieurs lignes Astuce\u00a0: T4, F6, F9 et lignes 27 et 32. Des <strong>navettes sp\u00e9ciales<\/strong> sont organis\u00e9es 20 minutes apr\u00e8s chaque spectacle pour faciliter les retours. Le <a href=\"https:\/\/www.jds.fr\/rouen\/le-grand-quevilly\/salle-de-concert-spectacle\/zenith-de-rouen-15867_L\" target=\"_blank\" rel=\"noopener\">Z\u00e9nith de Rouen<\/a> est \u00e9galement enti\u00e8rement accessible aux personnes \u00e0 mobilit\u00e9 r\u00e9duite.<\/p>\n<p class=\"mise_en_avant\">Notre conseil\u00a0: privil\u00e9giez les transports en commun avec la ligne T4 qui circule jusqu&rsquo;\u00e0 minuit et offre des passages fr\u00e9quents, \u00e9vitant ainsi les contraintes de stationnement.<\/p>\n<p>Dans l&rsquo;attente de ce concert de Grand Corps Malade, le Z\u00e9nith accueillera \u00e9galement <a href=\"https:\/\/www.jds.fr\/rouen\/spectacles\/humour\/edouard-deloignon-grandira-plus-tard-tournee-1251109_A\" target=\"_blank\" rel=\"noopener\">Edouard Deloignon et son spectacle\u00a0\u00ab\u00a0Grandira Plus Tard\u00a0\u00bb au Z\u00e9nith de Rouen<\/a>, offrant une autre belle occasion de d\u00e9couvrir cette salle embl\u00e9matique.<\/p>\n","protected":false},"excerpt":{"rendered":"Grand Corps Malade fait son retour sur sc\u00e8ne et se produira en concert au Z\u00e9nith de Rouen le&hellip;\n","protected":false},"author":2,"featured_media":615160,"comment_status":"","ping_status":"","sticky":false,"template":"","format":"standard","meta":{"footnotes":""},"categories":[9587],"tags":[1111,11,1777,674,1011,27,12,5161,25,9590],"class_list":{"0":"post-615159","1":"post","2":"type-post","3":"status-publish","4":"format-standard","5":"has-post-thumbnail","7":"category-rouen","8":"tag-actu","9":"tag-actualites","10":"tag-eu","11":"tag-europe","12":"tag-fr","13":"tag-france","14":"tag-news","15":"tag-normandie","16":"tag-republique-francaise","17":"tag-rouen"},"share_on_mastodon":{"url":"https:\/\/pubeurope.com\/@fr\/115761517487323475","error":""},"_links":{"self":[{"href":"https:\/\/www.europesays.com\/fr\/wp-json\/wp\/v2\/posts\/615159","targetHints":{"allow":["GET"]}}],"collection":[{"href":"https:\/\/www.europesays.com\/fr\/wp-json\/wp\/v2\/posts"}],"about":[{"href":"https:\/\/www.europesays.com\/fr\/wp-json\/wp\/v2\/types\/post"}],"author":[{"embeddable":true,"href":"https:\/\/www.europesays.com\/fr\/wp-json\/wp\/v2\/users\/2"}],"replies":[{"embeddable":true,"href":"https:\/\/www.europesays.com\/fr\/wp-json\/wp\/v2\/comments?post=615159"}],"version-history":[{"count":0,"href":"https:\/\/www.europesays.com\/fr\/wp-json\/wp\/v2\/posts\/615159\/revisions"}],"wp:featuredmedia":[{"embeddable":true,"href":"https:\/\/www.europesays.com\/fr\/wp-json\/wp\/v2\/media\/615160"}],"wp:attachment":[{"href":"https:\/\/www.europesays.com\/fr\/wp-json\/wp\/v2\/media?parent=615159"}],"wp:term":[{"taxonomy":"category","embeddable":true,"href":"https:\/\/www.europesays.com\/fr\/wp-json\/wp\/v2\/categories?post=615159"},{"taxonomy":"post_tag","embeddable":true,"href":"https:\/\/www.europesays.com\/fr\/wp-json\/wp\/v2\/tags?post=615159"}],"curies":[{"name":"wp","href":"https:\/\/api.w.org\/{rel}","templated":true}]}}