{"id":61516,"date":"2025-04-29T10:07:10","date_gmt":"2025-04-29T10:07:10","guid":{"rendered":"https:\/\/www.europesays.com\/fr\/61516\/"},"modified":"2025-04-29T10:07:10","modified_gmt":"2025-04-29T10:07:10","slug":"les-commercants-de-lavenue-des-freres-lumiere-a-lyon-attaquent-gregory-doucet","status":"publish","type":"post","link":"https:\/\/www.europesays.com\/fr\/61516\/","title":{"rendered":"les commer\u00e7ants de l\u2019avenue des Fr\u00e8res Lumi\u00e8re \u00e0 Lyon attaquent Gr\u00e9gory Doucet"},"content":{"rendered":"<p>Quelques jours apr\u00e8s le bilan des Assises du commerce de la Ville de Lyon communiqu\u00e9 aux participants, la tension reste maximale entre les \u00e9lus et les commer\u00e7ants de l\u2019avenue des Fr\u00e8res Lumi\u00e8re. En effet, le projet d\u2019am\u00e9nagement de cette avenue, qui vise \u00e0 r\u00e9duire drastiquement le flux d\u2019automobilistes en la coupant en deux, ne pla\u00eet pas. Les travaux, qui ont d\u00e9but\u00e9 depuis plusieurs mois, ont un impact consid\u00e9rable sur les commerces.<\/p>\n<p>\u00ab\u00a0Depuis que les travaux ont commenc\u00e9, nous avons des fermetures sur certains tron\u00e7ons, des coupures Enedis et des coupures d\u2019eau. On a des pertes de chiffres d\u2019affaires qui vont de 30 \u00e0 40%, ce qui est ph\u00e9nom\u00e9nal\u00a0\u00bb, explique Gwena\u00ebl Belbeoch, pr\u00e9sident de l&rsquo;Union des commer\u00e7ants et artisans de Monplaisir.<\/p>\n<p><strong>Un accord avait \u00e9t\u00e9 trouv\u00e9 lors de la pr\u00e9sentation du projet<\/strong><\/p>\n<p>Le bras de fer dure depuis le lancement du projet d\u2019am\u00e9nagement de l\u2019avenue. \u00ab\u00a0Avant que le projet ne soit lanc\u00e9, nous avions \u00e9t\u00e9 sollicit\u00e9s par les \u00e9lus pour exprimer nos besoins et attentes. Mais quand le projet a d\u00e9marr\u00e9, \u00e7a n\u2019avait plus rien \u00e0 voir avec ce qui \u00e9tait pr\u00e9vu.\u00a0\u00bb<\/p>\n<p>Selon le directeur d\u2019une soci\u00e9t\u00e9 de courtage en cr\u00e9dit immobilier, l\u2019avenue devait \u00eatre pi\u00e9tonnis\u00e9e deux jours par semaine. Finalement, cette pi\u00e9tonnisation aura lieu au centre de l\u2019avenue et les automobilistes devront emprunter une sorte de d\u00e9viation. \u00ab\u00a0Dans sa version originale, v\u00e9g\u00e9taliser, prot\u00e9ger les cyclistes et r\u00e9duire la circulation nous convenaient\u00a0\u00bb, pr\u00e9cise-t-il.<\/p>\n<p><strong>\u00ab\u00a0Nous refusons de rester silencieux face \u00e0 une telle d\u00e9sorganisation\u00a0\u00bb<\/strong><\/p>\n<p>Dans un courrier adress\u00e9 au maire de Lyon, Gr\u00e9gory Doucet, au pr\u00e9sident de la M\u00e9tropole, <a href=\"https:\/\/www.lyonmag.com\/profil-personnalite-lyonnaise\/518\/bruno-bernard\" target=\"_blank\" rel=\"noopener\">Bruno Bernard<\/a>, ainsi qu\u2019\u00e0 la municipalit\u00e9 du 8e arrondissement, le pr\u00e9sident de l\u2019association des commer\u00e7ants tente un \u00e9ni\u00e8me dialogue pour trouver un compromis : \u00ab\u00a0Nous le disons clairement : Le projet de r\u00e9am\u00e9nagement de l\u2019avenue des fr\u00e8res Lumi\u00e8re est un d\u00e9sastre ! (\u2026) Nous refusons de rester silencieux face \u00e0 une telle d\u00e9sorganisation. Il est inadmissible qu\u2019un quartier aussi vivant et commer\u00e7ant soit sacrifi\u00e9 sans tenir compte des priorit\u00e9s que vous avions exprim\u00e9es \u00e0 votre demande.\u00a0\u00bb<\/p>\n<p style=\"text-align:center\"><img loading=\"lazy\" decoding=\"async\" alt=\"\" height=\"450\" src=\"https:\/\/www.europesays.com\/fr\/wp-content\/uploads\/2025\/04\/dsc-5491.JPG\" width=\"600\"\/><\/p>\n<p>Au sein de cette lettre, les commer\u00e7ants d\u00e9noncent un manque de concertation avec les acteurs \u00e9conomiques du quartier, une absence de plan de soutien, un chantier \u00ab\u00a0dont la gestion t\u00e9moigne d\u2019une d\u00e9connexion compl\u00e8te de la r\u00e9alit\u00e9 du terrain\u00a0\u00bb, et \u00ab\u00a0un projet final qui n\u2019a \u00e9t\u00e9 ni pr\u00e9sent\u00e9, ni d\u00e9battu\u00a0\u00bb.<\/p>\n<p>Ils r\u00e9clament ainsi la supression la future obligation de tourner \u00e0 gauche \u00e0 la hauteur des rues Saint Maurice et Docteur Armand Gelibert, \u00e9largir l\u2019avenue \u00e0 cinq m\u00e8tres et poss\u00e9der des espaces de livraison pour desservir les magasins.<\/p>\n","protected":false},"excerpt":{"rendered":"Quelques jours apr\u00e8s le bilan des Assises du commerce de la Ville de Lyon communiqu\u00e9 aux participants, la&hellip;\n","protected":false},"author":2,"featured_media":61517,"comment_status":"","ping_status":"","sticky":false,"template":"","format":"standard","meta":{"footnotes":""},"categories":[1889],"tags":[1111,11,2813,2190,2430,1109,251,1112,2811,1777,674,118,1011,27,1922,1110,1114,2428,2810,12,241,316,25,2812,517,800],"class_list":{"0":"post-61516","1":"post","2":"type-post","3":"status-publish","4":"format-standard","5":"has-post-thumbnail","7":"category-lyon","8":"tag-actu","9":"tag-actualites","10":"tag-article","11":"tag-asvel","12":"tag-auvergne-rhone-alpes","13":"tag-breves","14":"tag-culture","15":"tag-depeches","16":"tag-economique","17":"tag-eu","18":"tag-europe","19":"tag-faits-divers","20":"tag-fr","21":"tag-france","22":"tag-info","23":"tag-informations","24":"tag-infos","25":"tag-lyon","26":"tag-lyonmag","27":"tag-news","28":"tag-ol","29":"tag-politique","30":"tag-republique-francaise","31":"tag-sociale","32":"tag-sport","33":"tag-transports"},"share_on_mastodon":{"url":"https:\/\/pubeurope.com\/@fr\/114420701580776986","error":""},"_links":{"self":[{"href":"https:\/\/www.europesays.com\/fr\/wp-json\/wp\/v2\/posts\/61516","targetHints":{"allow":["GET"]}}],"collection":[{"href":"https:\/\/www.europesays.com\/fr\/wp-json\/wp\/v2\/posts"}],"about":[{"href":"https:\/\/www.europesays.com\/fr\/wp-json\/wp\/v2\/types\/post"}],"author":[{"embeddable":true,"href":"https:\/\/www.europesays.com\/fr\/wp-json\/wp\/v2\/users\/2"}],"replies":[{"embeddable":true,"href":"https:\/\/www.europesays.com\/fr\/wp-json\/wp\/v2\/comments?post=61516"}],"version-history":[{"count":0,"href":"https:\/\/www.europesays.com\/fr\/wp-json\/wp\/v2\/posts\/61516\/revisions"}],"wp:featuredmedia":[{"embeddable":true,"href":"https:\/\/www.europesays.com\/fr\/wp-json\/wp\/v2\/media\/61517"}],"wp:attachment":[{"href":"https:\/\/www.europesays.com\/fr\/wp-json\/wp\/v2\/media?parent=61516"}],"wp:term":[{"taxonomy":"category","embeddable":true,"href":"https:\/\/www.europesays.com\/fr\/wp-json\/wp\/v2\/categories?post=61516"},{"taxonomy":"post_tag","embeddable":true,"href":"https:\/\/www.europesays.com\/fr\/wp-json\/wp\/v2\/tags?post=61516"}],"curies":[{"name":"wp","href":"https:\/\/api.w.org\/{rel}","templated":true}]}}