{"id":615169,"date":"2025-12-22T05:23:19","date_gmt":"2025-12-22T05:23:19","guid":{"rendered":"https:\/\/www.europesays.com\/fr\/615169\/"},"modified":"2025-12-22T05:23:19","modified_gmt":"2025-12-22T05:23:19","slug":"testee-a-nice-la-solution-de-cet-etudiant-lillois-permet-de-faire-des-dons-defiscalises-aux-sdf-depuis-son-smartphone-voici-comment","status":"publish","type":"post","link":"https:\/\/www.europesays.com\/fr\/615169\/","title":{"rendered":"Test\u00e9e \u00e0 Nice, la solution de cet \u00e9tudiant Lillois permet de faire des dons d\u00e9fiscalis\u00e9s aux SDF&#8230; depuis son smartphone, voici comment"},"content":{"rendered":"<p class=\"fs-5 \">\u00ab T\u2019as pas une pi\u00e8ce ? \u00bb Le jeune qui fait la manche n\u2019a pas vingt ans. Tim Deguette passe devant, il a le m\u00eame \u00e2ge et pourrait \u00eatre son pote. Mais il n\u2019a \u00ab jamais de monnaie, d\u00e9sol\u00e9 \u00bb et repart, penaud, frustr\u00e9.<\/p>\n<p class=\"fs-5 \"><strong>La sc\u00e8ne se d\u00e9roule il y a trois ans, \u00e0 Lille et tracasse le jeune \u00e9tudiant<\/strong> : \u00ab Maintenant que l\u2019argent est d\u00e9mat\u00e9rialis\u00e9, qu\u2019on paie tout en sans contact, comment vont faire les personnes sans domicile fixe ? \u00bb \u00e0 cette br\u00fblante question, l\u2019ing\u00e9nieux obstin\u00e9 oppose une brillante solution en distribuant aux plus pr\u00e9caires une carte de paiement coupl\u00e9e \u00e0 un QR code.<\/p>\n<p>        <img src=\"https:\/\/www.europesays.com\/fr\/wp-content\/uploads\/2025\/12\/7f28e1d_upload-from-url-1-oyax2n8d9ofd-data-art-12772140-ac3vzhmm.jpg\"   loading=\"lazy\" decoding=\"async\" alt=\"\" class=\"img-fluid position-absolute w-100 object-fit-cover rounded-2\" width=\"600\" height=\"400\"\/><\/p>\n<p class=\"fs-5 \">Baptis\u00e9 Solly \u2013 \u00ab parce que la solidaire peut vaincre la solitude \u00bb \u2013 le concept est simple : lorsqu\u2019un donateur scanne le code avec son t\u00e9l\u00e9phone, il est renvoy\u00e9 sur une page o\u00f9 il devra remplir ses coordonn\u00e9es, les infos de sa carte bancaire et le montant du <strong>don (d\u00e9fiscalisable)<\/strong>.<\/p>\n<p class=\"fs-5 \">Si \u00e7a peut faire peur, soyez rassur\u00e9s, <strong>tout est anonymis\u00e9 et s\u00e9curis\u00e9<\/strong>. Sur les six prochains mois, \u00e9paul\u00e9 par deux coll\u00e8gues, le dipl\u00f4m\u00e9 lillois d\u2019Esupcom \u00e2g\u00e9 de 22 ans, lance<strong> une phase de test avec 1.000 cartes<\/strong>. Il sillonne d\u00e9sormais <strong>une douzaine de villes de France*, dont Nice<\/strong>, o\u00f9 nous l\u2019avons rencontr\u00e9, d\u00e9but d\u00e9cembre, juste avant une maraude. Un lot de 80 cartes sera distribu\u00e9 d\u2019ici les prochains soirs.<\/p>\n<p class=\"fs-5 \">*Lille, Amiens, Strasbourg, Sergi-Argenteuil, Clermont-Toulouse-Bordeaux, Chamb\u00e9ry-Lyon, et Nice.<\/p>\n<p class=\"fs-5 \"><strong>Que peut-on payer avec cette carte ?<\/strong><\/p>\n<p class=\"fs-5 \">On peut payer des biens de premi\u00e8re n\u00e9cessit\u00e9 : alimentation, h\u00e9bergement, v\u00eatements, sant\u00e9, hygi\u00e8ne. Et aussi de la culture. Tout ce qui peut faciliter la vie des b\u00e9n\u00e9ficiaires. La carte fonctionne comme une MasterCard, elle est accept\u00e9e partout en France. Cependant, les d\u00e9penses en ligne, les retraits en cash et les achats d\u2019alcool ou de stups sont interdits.<\/p>\n<p class=\"fs-5 \"><strong>Pourquoi interdire l\u2019achat de stup\u00e9fiants et d\u2019alcool ? Les personnes souffrant d\u2019addiction en ont besoin.<\/strong><\/p>\n<p class=\"fs-5 \">Avant de lancer nos cartes, nous avons questionn\u00e9 plusieurs centaines de potentiels donateurs Plus de 70 % d\u2019entre eux se demande ce que devient leur don. Ils redoutent qu\u2019il soit d\u00e9pens\u00e9 pour se droguer. Certaines associations le d\u00e9plorent car il y a des b\u00e9n\u00e9ficiaires, en effet, qui ont besoin de ces substances.<\/p>\n<p class=\"fs-5 \">J\u2019ai suivi les maraudes des Soldats du sourire \u00e0 Lille, j\u2019ai aussi \u00e9chang\u00e9 en amont avec des personnes \u00e0 la rue. Donc je comprends la probl\u00e9matique. Mais avec Solly, nous faisons le choix d\u2019une solution rapide \u00e0 mettre en place qui r\u00e9pond aux attentes du plus grand nombre de donateurs.<\/p>\n<p class=\"fs-5 \"><strong>Comment obtenir ces cartes ?<\/strong><\/p>\n<p class=\"fs-5 \">Elles sont progressivement distribu\u00e9es par l\u2019association les Anges de la Baie qui les proposera aux b\u00e9n\u00e9ficiaires majeurs en ayant le plus besoin*. Contrairement \u00e0 une carte classique, il n\u2019est pas n\u00e9cessaire d\u2019avoir une carte nationale d\u2019identit\u00e9 ou une attestation d\u2019h\u00e9bergement. L\u2019argent est revers\u00e9 sur un compte du CIC.<\/p>\n<p class=\"fs-5 \">*Les Anges de la Baie maraudent les vendredis soir \u00e0 20h, au d\u00e9part de la Porte Fausse, \u00e0 l\u2019entr\u00e9e du Vieux-Nice.<\/p>\n<p class=\"fs-5 \"><strong>Les vols sont fr\u00e9quents \u00e0 la rue. Ces cartes ne vont-elles pas attiser les convoitises ?<\/strong><\/p>\n<p class=\"fs-5 \">Il faut un code pin pour utiliser la carte. Son propri\u00e9taire, dont le compte est consultable par nos \u00e9quipes, peut faire opposition en appelant le 01.85.74.57.45 ou en saisissant l\u2019association r\u00e9f\u00e9rente. Une seule nouvelle carte pourra \u00eatre redonn\u00e9e.<\/p>\n<p class=\"fs-5 \"><strong>Pourquoi avoir mis un plafond de d\u00e9pense ?<\/strong><\/p>\n<p class=\"fs-5 \">Par mois, nous limitons la collecte \u00e0 500 euros et la d\u00e9pense \u00e0 1 500 euros. Nous ne voulons pas que la manche remplace un vrai emploi. Le plafond dissuade aussi une exploitation par des r\u00e9seaux illicites. Quant au don, il est au minimum de deux euros.<\/p>\n<p class=\"fs-5 \"><strong>Comment vous financez-vous ?<\/strong><\/p>\n<p class=\"fs-5 \">On part du principe que l\u2019\u00c9tat participe au projet via la d\u00e9fiscalisation des dons. Donc nous ne sommes pas subventionn\u00e9s. R\u00e9compens\u00e9s par plusieurs prix d\u2019innovation et suivis par des m\u00e9c\u00e8nes nous avons touch\u00e9 plus de 100.000 euros.<\/p>\n<p class=\"fs-5 \">Nous avons aussi lev\u00e9 une cagnotte en ligne de 80.000 euros. Tout est parti dans le lancement du projet. \u00c0 terme, avec les co\u00fbts de transaction, un b\u00e9n\u00e9ficiaire nous co\u00fbte 80 euros par an. Voil\u00e0 pourquoi nous pr\u00e9levons une commission de 9 % sur chaque don. Si \u00e0 la fin de l\u2019ann\u00e9e, on arrive \u00e0 d\u00e9gager de la marge, on r\u00e9injecte l\u2019argent chez Lazare et Toit \u00e0 moi, deux associations sp\u00e9cialis\u00e9es dans le logement des sans-abri.<\/p>\n<p class=\"fs-5 \"><strong>Six mois de test, et apr\u00e8s ?<\/strong><\/p>\n<p class=\"fs-5 \">Apr\u00e8s, on avisera. Si \u00e7a fonctionne, on partira sur une distribution \u00e0 grande \u00e9chelle. Mais \u00e7a ne sera plus de mon fait. Je suis ce projet \u00e0 temps plein&#8230;sur mon temps libre. Je suis en recherche d\u2019emploi et je ne compte pas professionnaliser Solly. \u00c7a doit rester une solution autog\u00e9r\u00e9e et autofinanc\u00e9e par des b\u00e9n\u00e9voles.<\/p>\n","protected":false},"excerpt":{"rendered":"\u00ab T\u2019as pas une pi\u00e8ce ? \u00bb Le jeune qui fait la manche n\u2019a pas vingt ans. Tim&hellip;\n","protected":false},"author":2,"featured_media":615170,"comment_status":"","ping_status":"","sticky":false,"template":"","format":"standard","meta":{"footnotes":""},"categories":[2819],"tags":[1111,11,1777,674,1011,27,12,2401,882,25],"class_list":{"0":"post-615169","1":"post","2":"type-post","3":"status-publish","4":"format-standard","5":"has-post-thumbnail","7":"category-nice","8":"tag-actu","9":"tag-actualites","10":"tag-eu","11":"tag-europe","12":"tag-fr","13":"tag-france","14":"tag-news","15":"tag-nice","16":"tag-provence-alpes-cote-dazur","17":"tag-republique-francaise"},"share_on_mastodon":{"url":"https:\/\/pubeurope.com\/@fr\/115761552841058578","error":""},"_links":{"self":[{"href":"https:\/\/www.europesays.com\/fr\/wp-json\/wp\/v2\/posts\/615169","targetHints":{"allow":["GET"]}}],"collection":[{"href":"https:\/\/www.europesays.com\/fr\/wp-json\/wp\/v2\/posts"}],"about":[{"href":"https:\/\/www.europesays.com\/fr\/wp-json\/wp\/v2\/types\/post"}],"author":[{"embeddable":true,"href":"https:\/\/www.europesays.com\/fr\/wp-json\/wp\/v2\/users\/2"}],"replies":[{"embeddable":true,"href":"https:\/\/www.europesays.com\/fr\/wp-json\/wp\/v2\/comments?post=615169"}],"version-history":[{"count":0,"href":"https:\/\/www.europesays.com\/fr\/wp-json\/wp\/v2\/posts\/615169\/revisions"}],"wp:featuredmedia":[{"embeddable":true,"href":"https:\/\/www.europesays.com\/fr\/wp-json\/wp\/v2\/media\/615170"}],"wp:attachment":[{"href":"https:\/\/www.europesays.com\/fr\/wp-json\/wp\/v2\/media?parent=615169"}],"wp:term":[{"taxonomy":"category","embeddable":true,"href":"https:\/\/www.europesays.com\/fr\/wp-json\/wp\/v2\/categories?post=615169"},{"taxonomy":"post_tag","embeddable":true,"href":"https:\/\/www.europesays.com\/fr\/wp-json\/wp\/v2\/tags?post=615169"}],"curies":[{"name":"wp","href":"https:\/\/api.w.org\/{rel}","templated":true}]}}