{"id":615171,"date":"2025-12-22T05:24:13","date_gmt":"2025-12-22T05:24:13","guid":{"rendered":"https:\/\/www.europesays.com\/fr\/615171\/"},"modified":"2025-12-22T05:24:13","modified_gmt":"2025-12-22T05:24:13","slug":"municipales-2026-tacles-polemiques-a-nice-estrosi-et-ciotti-se-livrent-une-bataille-sans-limites","status":"publish","type":"post","link":"https:\/\/www.europesays.com\/fr\/615171\/","title":{"rendered":"Municipales 2026\u00a0: tacles, pol\u00e9miques&#8230; \u00e0 Nice, Estrosi et Ciotti se livrent une bataille sans limites"},"content":{"rendered":"<p class=\"paragraph text_align_left lp-f-body-02\">Ils ont \u00e9t\u00e9 des amis de trente ans. Ils ne le sont plus. Et leur rivalit\u00e9 ne fait pas vraiment dans la douceur d\u2019une mer bleu azur. La bataille des <a href=\"https:\/\/www.leparisien.fr\/elections\/municipales\/\" target=\"_blank\" rel=\"noreferrer noopener\">municipales<\/a> \u00e0 Nice, dans les Alpes-Maritimes, entre les deux poids lourds de la vie politique locale (et nationale), le maire sortant <a href=\"https:\/\/www.leparisien.fr\/politique\/christian-estrosi\/\" target=\"_blank\" rel=\"noreferrer noopener\">Christian Estrosi<\/a> (Horizons) et le d\u00e9put\u00e9 <a href=\"https:\/\/www.leparisien.fr\/politique\/eric-ciotti\/\" target=\"_blank\" rel=\"noreferrer noopener\">\u00c9ric Ciotti<\/a> (UDR), s\u2019annon\u00e7ait, sur le papier, muscl\u00e9e. Elle <a href=\"https:\/\/www.leparisien.fr\/elections\/municipales\/municipales-2026-ou-il-veut-comme-il-veut-bataille-entre-les-freres-ennemis-eric-ciotti-et-christian-estrosi-a-nice-05-12-2025-UFXIM5N5IBF4PCLYJFTLCFKRQY.php\" target=\"_blank\" rel=\"noreferrer noopener\">ne d\u00e9joue pas, \u00e0 cette heure, ce pronostic<\/a>.<\/p>\n<p class=\"\">En attendant les programmes complets qui seront d\u00e9voil\u00e9s en d\u00e9but d\u2019ann\u00e9e 2026, piques et pol\u00e9miques distill\u00e9es plus moins directement, ou par les entourages, sont de sortie depuis quelques semaines.<\/p>\n","protected":false},"excerpt":{"rendered":"Ils ont \u00e9t\u00e9 des amis de trente ans. Ils ne le sont plus. Et leur rivalit\u00e9 ne fait&hellip;\n","protected":false},"author":2,"featured_media":615172,"comment_status":"","ping_status":"","sticky":false,"template":"","format":"standard","meta":{"footnotes":""},"categories":[2819],"tags":[1111,11,459,5949,1777,674,1011,27,3554,12,2401,316,882,25],"class_list":{"0":"post-615171","1":"post","2":"type-post","3":"status-publish","4":"format-standard","5":"has-post-thumbnail","7":"category-nice","8":"tag-actu","9":"tag-actualites","10":"tag-departements-horsidfo","11":"tag-elections","12":"tag-eu","13":"tag-europe","14":"tag-fr","15":"tag-france","16":"tag-municipales","17":"tag-news","18":"tag-nice","19":"tag-politique","20":"tag-provence-alpes-cote-dazur","21":"tag-republique-francaise"},"share_on_mastodon":{"url":"https:\/\/pubeurope.com\/@fr\/115761555949269422","error":""},"_links":{"self":[{"href":"https:\/\/www.europesays.com\/fr\/wp-json\/wp\/v2\/posts\/615171","targetHints":{"allow":["GET"]}}],"collection":[{"href":"https:\/\/www.europesays.com\/fr\/wp-json\/wp\/v2\/posts"}],"about":[{"href":"https:\/\/www.europesays.com\/fr\/wp-json\/wp\/v2\/types\/post"}],"author":[{"embeddable":true,"href":"https:\/\/www.europesays.com\/fr\/wp-json\/wp\/v2\/users\/2"}],"replies":[{"embeddable":true,"href":"https:\/\/www.europesays.com\/fr\/wp-json\/wp\/v2\/comments?post=615171"}],"version-history":[{"count":0,"href":"https:\/\/www.europesays.com\/fr\/wp-json\/wp\/v2\/posts\/615171\/revisions"}],"wp:featuredmedia":[{"embeddable":true,"href":"https:\/\/www.europesays.com\/fr\/wp-json\/wp\/v2\/media\/615172"}],"wp:attachment":[{"href":"https:\/\/www.europesays.com\/fr\/wp-json\/wp\/v2\/media?parent=615171"}],"wp:term":[{"taxonomy":"category","embeddable":true,"href":"https:\/\/www.europesays.com\/fr\/wp-json\/wp\/v2\/categories?post=615171"},{"taxonomy":"post_tag","embeddable":true,"href":"https:\/\/www.europesays.com\/fr\/wp-json\/wp\/v2\/tags?post=615171"}],"curies":[{"name":"wp","href":"https:\/\/api.w.org\/{rel}","templated":true}]}}