{"id":615179,"date":"2025-12-22T05:30:20","date_gmt":"2025-12-22T05:30:20","guid":{"rendered":"https:\/\/www.europesays.com\/fr\/615179\/"},"modified":"2025-12-22T05:30:20","modified_gmt":"2025-12-22T05:30:20","slug":"une-retrospective-perspective-et-prospective-jean-charles-de-castelbajac-expose-son-univers-au-musee-des-abattoirs-a-toulouse","status":"publish","type":"post","link":"https:\/\/www.europesays.com\/fr\/615179\/","title":{"rendered":"\u00ab\u00a0Une r\u00e9trospective, perspective et prospective\u00a0\u00bb\u00a0: Jean-Charles de Castelbajac expose son univers au mus\u00e9e des Abattoirs, \u00e0 Toulouse"},"content":{"rendered":"<p class=\"paragraph text_align_left lp-f-body-02\">D\u00e9couvrir les multiples facettes et l\u2019inventivit\u00e9 sans limite <a href=\"https:\/\/www.leparisien.fr\/paris-75\/reouverture-de-notre-dame-pour-jean-charles-de-castelbajac-ca-sera-un-moment-de-grace-universelle-08-12-2024-ALFMR3MIUJH2NOWZDEVUWMMSC4.php\" target=\"_blank\" rel=\"noreferrer noopener\">du cr\u00e9ateur de mode Jean-Charles de Castelbajac<\/a>, de la fin des ann\u00e9es 1960 \u00e0 aujourd\u2019hui. Voici ce que proposent, jusqu\u2019au 23 ao\u00fbt 2026, les Abattoirs \u00e0 Toulouse (Haute-Garonne). Le mus\u00e9e d\u2019art moderne et contemporain consacre une exposition exceptionnelle \u00e0 cet artiste \u00e0 l\u2019univers si particulier, baptis\u00e9e \u00ab L\u2019imagination au pouvoir \u00bb, qui pr\u00e9sente pr\u00e8s de 300 \u0153uvres, v\u00eatements, objets de design, dessins, collages et photographies.<\/p>\n<p><img decoding=\"async\" class=\"image \" loading=\"lazy\" src=\"https:\/\/www.europesays.com\/fr\/wp-content\/uploads\/2025\/12\/U3EL2JU6SBDFPCYATXUXWW22V4.jpg\" alt=\"En dehors des v\u00eatements, l'exposition permet aussi de rentrer dans l'univers du cr\u00e9ateur via de nombreuses photos. LP\/Julie Rimbert\" align=\"\" data-rubrique-principale=\"\" data-article-type=\"\" fetchpriority=\"auto\"\/>En dehors des v\u00eatements, l&rsquo;exposition permet aussi de rentrer dans l&rsquo;univers du cr\u00e9ateur via de nombreuses photos. LP\/Julie Rimbert<\/p>\n<p class=\"\">Le mus\u00e9e toulousain a ainsi donn\u00e9 carte blanche au couturier visionnaire de 76 ans pour qu\u2019il r\u00e9alise cette r\u00e9trospective de son travail si foisonnant. \u00c0 travers un parcours th\u00e9matique immersif, ponctu\u00e9 d\u2019installations cr\u00e9\u00e9es sp\u00e9cialement pour les Abattoirs, Jean-Charles de Castelbajac propose ainsi un voyage presque initiatique dans son univers.<\/p>\n<p>Manteau en serpilli\u00e8re ou en \u00ab Teddy Bear \u00bb<\/p>\n<p class=\"\">Apr\u00e8s \u00eatre pass\u00e9 sous une assembl\u00e9e de banni\u00e8res color\u00e9es et parsem\u00e9es d\u2019images, le public part \u00e0 la d\u00e9couverte de huit salles, chacune transmettant un univers, qui le plonge dans diverses \u00e9poques de l\u2019artiste. C\u2019est la premi\u00e8re fois que le cr\u00e9ateur expose dans un mus\u00e9e d\u2019art, et non de mode. \u00ab Je n\u2019aime pas mettre quelqu\u2019un dans une case, et tout ce que j\u2019ai produit depuis 55 ans constitue un univers avec des codes pr\u00e9cis, autour de la mati\u00e8re \u00bb, souligne Jean-Charles de Castelbajac. \u00ab J\u2019ai toujours aim\u00e9 ce qui est alternatif, \u00e0 contre-courant. C\u2019est pour cela que ma sc\u00e9nographie transforme le lieu en ch\u00e2teau, un endroit immersif. L\u2019id\u00e9e, c\u2019est aussi de transmettre pour utiliser mes techniques. \u00bb<\/p>\n<p class=\"\">Le visiteur peut ainsi admirer, dans une pi\u00e8ce aux murs dor\u00e9s, recouverts de couvertures de survie, les premi\u00e8res cr\u00e9ations de l\u2019artiste, comme une veste en couverture cr\u00e9\u00e9e en 1968 \u00e0 partir de son manteau de pensionnaire ou encore un \u00e9trange manteau en serpilli\u00e8re. Les vestes color\u00e9es, montrant l\u2019excentricit\u00e9 de l\u2019artiste, sont \u00e9galement expos\u00e9es, ainsi que ses c\u00e9l\u00e8bres manteaux en doudou et son manteau \u00ab Teddy Bear \u00bb, qu\u2019il a imagin\u00e9 en 1987 pour d\u00e9noncer la fourrure animale.<\/p>\n<p class=\"\">Il est devenu culte apr\u00e8s avoir fait la couverture du magazine Elle avec Estelle Lef\u00e9bure. Les \u00e9g\u00e9ries qui ont port\u00e9 les \u0153uvres du cr\u00e9ateur sont, elles aussi, mises \u00e0 l\u2019honneur avec les robes port\u00e9es par In\u00e8s de la Fressange, Katy Perry ou Lio\u2026 \u00ab C\u2019est une exposition que je consid\u00e8re comme une r\u00e9trospective, perspective et prospective \u00bb, assure Jean-Charles de Castelbajac.<\/p>\n<p class=\"\">Pratique : <a href=\"https:\/\/www.lesabattoirs.org\/Expositions\/jean-charles-de-castelbajac\/\" target=\"_blank\" rel=\"noreferrer noopener\">l\u2019exposition \u00ab L\u2019Imagination au pouvoir \u00bb<\/a> consacr\u00e9e \u00e0 la carri\u00e8re de Jean-Charles de Castelbajac est pr\u00e9sent\u00e9 aux Abattoirs, 76, all\u00e9es Charles de Fitte, \u00e0 Toulouse, jusqu\u2019au 23 ao\u00fbt 2026. Le mus\u00e9e est ouvert du mercredi au vendredi, de 12 heures \u00e0 18 heures, ainsi que les samedis et dimanches, de 10 heures \u00e0 18 heures. Fermeture \u00e0 17 heures les 24 et 31 d\u00e9cembre, et toute la journ\u00e9e les 25 d\u00e9cembre et 1er janvier. Tarif plein : 12 euros. De 13 \u00e0 17 ans : 6 euros. Plus d\u2019informations et r\u00e9servations sur le site du mus\u00e9e.<\/p>\n","protected":false},"excerpt":{"rendered":"D\u00e9couvrir les multiples facettes et l\u2019inventivit\u00e9 sans limite du cr\u00e9ateur de mode Jean-Charles de Castelbajac, de la fin&hellip;\n","protected":false},"author":2,"featured_media":615180,"comment_status":"","ping_status":"","sticky":false,"template":"","format":"standard","meta":{"footnotes":""},"categories":[2816],"tags":[1111,11,872,459,1777,674,1011,27,4623,12,2680,25,2312],"class_list":{"0":"post-615179","1":"post","2":"type-post","3":"status-publish","4":"format-standard","5":"has-post-thumbnail","7":"category-toulouse","8":"tag-actu","9":"tag-actualites","10":"tag-culture-et-loisirs","11":"tag-departements-horsidfo","12":"tag-eu","13":"tag-europe","14":"tag-fr","15":"tag-france","16":"tag-haute-garonne-31","17":"tag-news","18":"tag-occitanie","19":"tag-republique-francaise","20":"tag-toulouse"},"share_on_mastodon":{"url":"https:\/\/pubeurope.com\/@fr\/115761580617464051","error":""},"_links":{"self":[{"href":"https:\/\/www.europesays.com\/fr\/wp-json\/wp\/v2\/posts\/615179","targetHints":{"allow":["GET"]}}],"collection":[{"href":"https:\/\/www.europesays.com\/fr\/wp-json\/wp\/v2\/posts"}],"about":[{"href":"https:\/\/www.europesays.com\/fr\/wp-json\/wp\/v2\/types\/post"}],"author":[{"embeddable":true,"href":"https:\/\/www.europesays.com\/fr\/wp-json\/wp\/v2\/users\/2"}],"replies":[{"embeddable":true,"href":"https:\/\/www.europesays.com\/fr\/wp-json\/wp\/v2\/comments?post=615179"}],"version-history":[{"count":0,"href":"https:\/\/www.europesays.com\/fr\/wp-json\/wp\/v2\/posts\/615179\/revisions"}],"wp:featuredmedia":[{"embeddable":true,"href":"https:\/\/www.europesays.com\/fr\/wp-json\/wp\/v2\/media\/615180"}],"wp:attachment":[{"href":"https:\/\/www.europesays.com\/fr\/wp-json\/wp\/v2\/media?parent=615179"}],"wp:term":[{"taxonomy":"category","embeddable":true,"href":"https:\/\/www.europesays.com\/fr\/wp-json\/wp\/v2\/categories?post=615179"},{"taxonomy":"post_tag","embeddable":true,"href":"https:\/\/www.europesays.com\/fr\/wp-json\/wp\/v2\/tags?post=615179"}],"curies":[{"name":"wp","href":"https:\/\/api.w.org\/{rel}","templated":true}]}}