{"id":61518,"date":"2025-04-29T10:08:12","date_gmt":"2025-04-29T10:08:12","guid":{"rendered":"https:\/\/www.europesays.com\/fr\/61518\/"},"modified":"2025-04-29T10:08:12","modified_gmt":"2025-04-29T10:08:12","slug":"transports-football-police-municipale-linfo-a-midi-en-ile-de-france","status":"publish","type":"post","link":"https:\/\/www.europesays.com\/fr\/61518\/","title":{"rendered":"Transports, football, police municipale&#8230; L&rsquo;info \u00e0 midi en \u00cele-de-France"},"content":{"rendered":"<p>            Par<br \/>\n        <strong><br \/>\n            <a href=\"https:\/\/actu.fr\/auteur\/journaliste-br\" title=\"Consulter tous les articles de R\u00e9daction Coulommiers\" rel=\"nofollow noopener\" target=\"_blank\">R\u00e9daction Coulommiers<\/a><br \/>\n        <\/strong><\/p>\n<p>        Publi\u00e9 le<\/p>\n<p>            29 avr. 2025 \u00e0 11h56        <\/p>\n<p>Que s\u2019est-il pass\u00e9 \u00e0 midi en \u00cele-de-France\u2009ce mardi 29 avril 2025 ? Voici l\u2019essentiel de l\u2019actualit\u00e9.<\/p>\n<p>Les informations \u00e0 retenir ce mardi 29 avril 2025, \u00e0 midi, en \u00cele-de-France<\/p>\n<p class=\" wall-content\"><b>Val-de-Marne. <a href=\"https:\/\/actu.fr\/societe\/sncf-circulation-interrompue-sur-une-partie-du-rer-e-entre-le-val-de-marne-et-la-seine-et-marne_62571192.html\" rel=\"nofollow noopener\" target=\"_blank\">Circulation interrompue sur une partie du RER E entre le Val-de-Marne et la Seine-et-Marne<\/a><\/b><br \/>Un incident technique survenu sur le RER E ce mardi 29 avril 2025 entra\u00eene d\u2019importantes perturbations sur l\u2019ensemble de la ligne, entre perturbations et interruptions.<\/p>\n<p class=\" wall-content\"><b>Seine-Saint-Denis. <a href=\"https:\/\/actu.fr\/ile-de-france\/les-pavillons-sous-bois_93057\/seine-saint-denis-prevue-pour-2020-la-ligne-de-bus-express-tzen-3-ne-verra-pas-le-jour-avant-2030_62568630.html\" rel=\"nofollow noopener\" target=\"_blank\">Pr\u00e9vue pour 2020, la ligne de bus express Tzen 3 ne verra pas le jour avant 2030<\/a><\/b><br \/>Le lancement des travaux pour la mise en service du Tzen 3 est d\u00e9sormais envisag\u00e9 \u00e0 l\u2019horizon 2027-2028. Le projet pr\u00e9voit de relier les Pavillons-sous-Bois \u00e0 Paris via l\u2019ex-RN3.<\/p>\n<p class=\" wall-content\"><b>Essonne. <a href=\"https:\/\/actu.fr\/ile-de-france\/viry-chatillon_91687\/travaux-rer-d-aucun-train-ne-circulera-dans-ces-gares-de-l-essonne-pendant-deux-jours_62566306.html\" rel=\"nofollow noopener\" target=\"_blank\">Travaux RER D : aucun train ne circulera dans ces gares de l\u2019Essonne pendant deux jours<\/a><\/b><br \/>En raison de travaux men\u00e9s \u00e0 Viry-Ch\u00e2tillon, le trafic du RER D sera interrompu entre Juvisy et Corbeil-Essonnes du samedi 3 au dimanche 4 mai 2025.<\/p>\n<p class=\" wall-content\"><b>Paris. <a href=\"https:\/\/actu.fr\/ile-de-france\/paris_75056\/football-l-attaquante-du-paris-fc-clara-mateo-sacree-meilleure-joueuse-de-premiere-ligue-2025_62571501.html\" rel=\"nofollow noopener\" target=\"_blank\">Football : l\u2019attaquante du Paris FC Clara Mateo sacr\u00e9e meilleure joueuse de Premi\u00e8re Ligue 2025<\/a><\/b><br \/>Meilleure buteuse du championnat, la joueuse de 27 ans a obtenu la r\u00e9compense la plus prestigieuse des troph\u00e9es de la Ligue f\u00e9minine du football professionnel.<\/p>\n<p class=\" wall-content\"><b>Hauts-de-Seine. <a href=\"https:\/\/actu.fr\/ile-de-france\/courbevoie_92026\/ca-ne-va-pas-faire-trop-ville-la-plus-sure-de-france-courbevoie-renforce-encore-sa-police-municipale_62565356.html\" rel=\"nofollow noopener\" target=\"_blank\">\u00ab\u00a0\u00c7a ne va pas faire trop ?\u00a0\u00bb : ville la plus s\u00fbre de France, Courbevoie renforce encore sa police municipale<\/a><\/b><br \/>\u00c0 partir du mois de mai, la municipalit\u00e9 de Courbevoie va mettre en place un nouveau dispositif de s\u00e9curit\u00e9 dans la ville. Une initiative qui rassure de nombreux habitants.<\/p>\n<p>Vid\u00e9os : en ce moment sur Actu<\/p>\n<p class=\" wall-content\"><b>Suivez-nous pour en savoir plus\u2009!<\/b><br \/>Vous voulez plus d\u2019infos sur l\u2019\u00cele-de-France\u2009? Vous pouvez nous retrouver sur Actu \u00cele-de-France. Pour nous suivre sur les r\u00e9seaux sociaux, dans vos d\u00e9partements\u2009:<\/p>\n<p class=\" wall-content\"><b>Paris<\/b>\u2009: retrouvez\u00a0actu\u00a0Paris\u00a0sur\u00a0<a href=\"https:\/\/www.facebook.com\/actufr.paris\/\" rel=\"nofollow noopener\" target=\"_blank\">Facebook<\/a>\u00a0et\u00a0<a href=\"https:\/\/twitter.com\/actufrparis\" rel=\"nofollow noopener\" target=\"_blank\">Twitter<\/a>\u2009;<br \/><b>Seine-et-Marne<\/b>\u2009: retrouvez\u00a0La R\u00e9publique de Seine-et-Marne (sud) sur\u00a0<a href=\"https:\/\/www.facebook.com\/RepubliqueSeineMarne\/\" rel=\"nofollow noopener\" target=\"_blank\">Facebook<\/a>\u00a0et\u00a0<a href=\"https:\/\/twitter.com\/LaRep77\" rel=\"nofollow noopener\" target=\"_blank\">Twitter<\/a>\u2009; La Marne (nord) sur\u00a0<a href=\"https:\/\/www.facebook.com\/journallarmarne\/?__tn__=%2Cd%2CP-R&amp;eid=ARDLZc91LaHbXzDwChLLLQJVMBLx_ABJremTC2-RG0CYvg0f4f8CLvbV5G1Lli4g_6QoXDcKkU1_LX1W\" rel=\"nofollow noopener\" target=\"_blank\">Facebook<\/a>\u00a0et\u00a0<a href=\"https:\/\/twitter.com\/JournalLaMarne\" rel=\"nofollow noopener\" target=\"_blank\">Twitter<\/a>\u2009; et\u00a0Le Pays Briard\u00a0sur\u00a0<a href=\"https:\/\/www.facebook.com\/LePaysBriard\/?ref=bookmarks\" rel=\"nofollow noopener\" target=\"_blank\">Facebook<\/a>\u00a0et\u00a0<a href=\"https:\/\/twitter.com\/LePaysBriard\" rel=\"nofollow noopener\" target=\"_blank\">Twitter<\/a>\u2009;<br \/><b>Yvelines\u2009:<\/b> retrouvez\u00a078actu\u00a0sur\u00a0<a href=\"https:\/\/www.facebook.com\/78actu\/\" rel=\"nofollow noopener\" target=\"_blank\">Facebook<\/a>\u00a0et\u00a0<a href=\"https:\/\/x.com\/78actu\" rel=\"nofollow\">Twitter<\/a>\u2009;<br \/><b>Essonne\u2009:<\/b> retrouvez\u00a0actu Essonne\u00a0sur\u00a0<a href=\"https:\/\/www.facebook.com\/actuessonne\/?ref=br_rs\" rel=\"nofollow noopener\" target=\"_blank\">Facebook<\/a>\u00a0et\u00a0<a href=\"https:\/\/twitter.com\/ActuEssonne\" rel=\"nofollow noopener\" target=\"_blank\">Twitter<\/a>\u2009;<br \/><b>Hauts-de-Seine\u2009:<\/b> retrouvez\u00a0actu\u00a0Hauts-de-Seine\u00a0sur\u00a0<a href=\"https:\/\/www.facebook.com\/actufr.hautsdeseine\/\" rel=\"nofollow noopener\" target=\"_blank\">Facebook<\/a>\u00a0et\u00a0<a href=\"https:\/\/twitter.com\/actufr92\" rel=\"nofollow noopener\" target=\"_blank\">Twitter<\/a>\u2009;<br \/><b>Seine-Saint-Denis\u2009:<\/b> retrouvez actu Seine-Saint-Denis sur\u00a0<a href=\"https:\/\/www.facebook.com\/actufr.seinesaintdenis\/\" rel=\"nofollow noopener\" target=\"_blank\">Facebook<\/a>\u00a0et\u00a0<a href=\"https:\/\/x.com\/Actufr93\" rel=\"nofollow\">Twitter<\/a>\u2009;<br \/><b>Val-de-Marne\u2009: <\/b>retrouvez actu Val-de-Marne sur\u00a0<a href=\"https:\/\/www.facebook.com\/actu94.valdemarne\/\" rel=\"nofollow noopener\" target=\"_blank\">Facebook<\/a>\u00a0et\u00a0<a href=\"https:\/\/x.com\/actufr94\" rel=\"nofollow\">Twitter<\/a>\u2009;<br \/><b>Val-d\u2019Oise\u2009: <\/b>retrouvez La Gazette du Val-d\u2019Oise sur\u00a0<a href=\"https:\/\/x.com\/actufr94\" rel=\"nofollow\">Twitter<\/a><\/p>\n<p class=\" wall-content\">Suivez toute l\u2019actualit\u00e9 de vos villes et m\u00e9dias favoris en vous inscrivant \u00e0 <a href=\"https:\/\/moncompte.actu.fr\" title=\"D\u00e9couvez Mon Actu\" rel=\"nofollow noopener\" data-trk=\"{&quot;cta&quot;:{&quot;action&quot;:&quot;https:\\\/\\\/moncompte.actu.fr&quot;,&quot;category&quot;:&quot;mon compte&quot;,&quot;from&quot;:&quot;article footer&quot;,&quot;name&quot;:&quot;Mon actu&quot;,&quot;type&quot;:&quot;cta&quot;}}\" target=\"_blank\">Mon Actu<\/a>.<\/p>\n<ul class=\"ac-article-tag wall-content\">\n<li><a href=\"https:\/\/actu.fr\/tag\/coupe-de-france-de-football\" data-trk=\"{&quot;cta&quot;:{&quot;action&quot;:&quot;Coupe de France de Football&quot;,&quot;category&quot;:&quot;tag&quot;,&quot;from&quot;:&quot;article footer&quot;,&quot;name&quot;:&quot;Coupe de France de Football&quot;,&quot;type&quot;:&quot;cta&quot;}}\" rel=\"nofollow noopener\" target=\"_blank\">#Coupe de France de Football<\/a><\/li>\n<li><a href=\"https:\/\/actu.fr\/tag\/police\" data-trk=\"{&quot;cta&quot;:{&quot;action&quot;:&quot;Police&quot;,&quot;category&quot;:&quot;tag&quot;,&quot;from&quot;:&quot;article footer&quot;,&quot;name&quot;:&quot;Police&quot;,&quot;type&quot;:&quot;cta&quot;}}\" rel=\"nofollow noopener\" target=\"_blank\">#Police<\/a><\/li>\n<li><a href=\"https:\/\/actu.fr\/tag\/transport\" data-trk=\"{&quot;cta&quot;:{&quot;action&quot;:&quot;Transport&quot;,&quot;category&quot;:&quot;tag&quot;,&quot;from&quot;:&quot;article footer&quot;,&quot;name&quot;:&quot;Transport&quot;,&quot;type&quot;:&quot;cta&quot;}}\" rel=\"nofollow noopener\" target=\"_blank\">#Transport<\/a><\/li>\n<\/ul>\n<p>                    <script async src=\"https:\/\/platform.twitter.com\/widgets.js\" charset=\"utf-8\"><\/script><\/p>\n","protected":false},"excerpt":{"rendered":"Par R\u00e9daction Coulommiers Publi\u00e9 le 29 avr. 2025 \u00e0 11h56 Que s\u2019est-il pass\u00e9 \u00e0 midi en \u00cele-de-France\u2009ce mardi&hellip;\n","protected":false},"author":2,"featured_media":61519,"comment_status":"","ping_status":"","sticky":false,"template":"","format":"standard","meta":{"footnotes":""},"categories":[1592],"tags":[1111,11,15922,1777,674,1011,27,662,12,626,1072,25,104,2803],"class_list":{"0":"post-61518","1":"post","2":"type-post","3":"status-publish","4":"format-standard","5":"has-post-thumbnail","7":"category-ile-de-france","8":"tag-actu","9":"tag-actualites","10":"tag-coupe-de-france-de-football","11":"tag-eu","12":"tag-europe","13":"tag-fr","14":"tag-france","15":"tag-ile-de-france","16":"tag-news","17":"tag-paris","18":"tag-police","19":"tag-republique-francaise","20":"tag-societe","21":"tag-transport"},"share_on_mastodon":{"url":"https:\/\/pubeurope.com\/@fr\/114420705880104650","error":""},"_links":{"self":[{"href":"https:\/\/www.europesays.com\/fr\/wp-json\/wp\/v2\/posts\/61518","targetHints":{"allow":["GET"]}}],"collection":[{"href":"https:\/\/www.europesays.com\/fr\/wp-json\/wp\/v2\/posts"}],"about":[{"href":"https:\/\/www.europesays.com\/fr\/wp-json\/wp\/v2\/types\/post"}],"author":[{"embeddable":true,"href":"https:\/\/www.europesays.com\/fr\/wp-json\/wp\/v2\/users\/2"}],"replies":[{"embeddable":true,"href":"https:\/\/www.europesays.com\/fr\/wp-json\/wp\/v2\/comments?post=61518"}],"version-history":[{"count":0,"href":"https:\/\/www.europesays.com\/fr\/wp-json\/wp\/v2\/posts\/61518\/revisions"}],"wp:featuredmedia":[{"embeddable":true,"href":"https:\/\/www.europesays.com\/fr\/wp-json\/wp\/v2\/media\/61519"}],"wp:attachment":[{"href":"https:\/\/www.europesays.com\/fr\/wp-json\/wp\/v2\/media?parent=61518"}],"wp:term":[{"taxonomy":"category","embeddable":true,"href":"https:\/\/www.europesays.com\/fr\/wp-json\/wp\/v2\/categories?post=61518"},{"taxonomy":"post_tag","embeddable":true,"href":"https:\/\/www.europesays.com\/fr\/wp-json\/wp\/v2\/tags?post=61518"}],"curies":[{"name":"wp","href":"https:\/\/api.w.org\/{rel}","templated":true}]}}