{"id":615189,"date":"2025-12-22T05:37:19","date_gmt":"2025-12-22T05:37:19","guid":{"rendered":"https:\/\/www.europesays.com\/fr\/615189\/"},"modified":"2025-12-22T05:37:19","modified_gmt":"2025-12-22T05:37:19","slug":"nominations-nicolas-mercier-sophie-cezanne-alexandra-gagliardi-les-mouvements-du-jour","status":"publish","type":"post","link":"https:\/\/www.europesays.com\/fr\/615189\/","title":{"rendered":"Nominations. Nicolas Mercier, Sophie C\u00e9zanne, Alexandra Gagliardi&#8230; : les mouvements du jour"},"content":{"rendered":"<p>L&rsquo;h\u00f4tel InterContinental Lyon \u2014 Hotel Dieu (144 chambres) vient d\u2019annoncer l\u2019arriv\u00e9e de Nicolas Mercier au poste de directeur g\u00e9n\u00e9ral. Il succ\u00e8de \u00e0 Madelijn Vervoord\u00a0et occupait jusqu&rsquo;\u00e0 pr\u00e9sent le poste de directeur g\u00e9n\u00e9ral de l\u2019InterContinental Khao Yai Resort en Tha\u00eflande.<\/p>\n<p>\u00ab\u00a0Je suis particuli\u00e8rement ravi de rejoindre Lyon, une ville dont l\u2019attractivit\u00e9 n\u2019est plus \u00e0 d\u00e9montrer. Son histoire riche, sa culture vibrante et bien s\u00fbr sa gastronomie mondialement reconnue en font une ville unique. Ma vision est de poursuivre [\u00e0 l\u2019InterContinental Lyon \u2013 Hotel Dieu] l\u2019excellence d\u00e9j\u00e0 en place, tout en renfor\u00e7ant encore davantage la chaleur de l\u2019accueil, la cr\u00e9ativit\u00e9 des \u00e9quipes et l\u2019ancrage local. Je souhaite accompagner nos talents, valoriser leur expertise et continuer \u00e0 faire de cet \u00e9tablissement une v\u00e9ritable r\u00e9f\u00e9rence en mati\u00e8re d\u2019hospitalit\u00e9 de luxe, pour nos clients internationaux comme pour les Lyonnais\u00a0\u00bb, a d\u00e9clar\u00e9 Nicolas Mercier.<\/p>\n","protected":false},"excerpt":{"rendered":"L&rsquo;h\u00f4tel InterContinental Lyon \u2014 Hotel Dieu (144 chambres) vient d\u2019annoncer l\u2019arriv\u00e9e de Nicolas Mercier au poste de directeur&hellip;\n","protected":false},"author":2,"featured_media":464038,"comment_status":"","ping_status":"","sticky":false,"template":"","format":"standard","meta":{"footnotes":""},"categories":[1889],"tags":[1111,11,2430,9810,33,1777,674,1011,27,2428,12,9350,25,216],"class_list":{"0":"post-615189","1":"post","2":"type-post","3":"status-publish","4":"format-standard","5":"has-post-thumbnail","7":"category-lyon","8":"tag-actu","9":"tag-actualites","10":"tag-auvergne-rhone-alpes","11":"tag-direct-entreprises","12":"tag-economie","13":"tag-eu","14":"tag-europe","15":"tag-fr","16":"tag-france","17":"tag-lyon","18":"tag-news","19":"tag-nominations","20":"tag-republique-francaise","21":"tag-vie-des-entreprises"},"share_on_mastodon":{"url":"https:\/\/pubeurope.com\/@fr\/115761607126595573","error":""},"_links":{"self":[{"href":"https:\/\/www.europesays.com\/fr\/wp-json\/wp\/v2\/posts\/615189","targetHints":{"allow":["GET"]}}],"collection":[{"href":"https:\/\/www.europesays.com\/fr\/wp-json\/wp\/v2\/posts"}],"about":[{"href":"https:\/\/www.europesays.com\/fr\/wp-json\/wp\/v2\/types\/post"}],"author":[{"embeddable":true,"href":"https:\/\/www.europesays.com\/fr\/wp-json\/wp\/v2\/users\/2"}],"replies":[{"embeddable":true,"href":"https:\/\/www.europesays.com\/fr\/wp-json\/wp\/v2\/comments?post=615189"}],"version-history":[{"count":0,"href":"https:\/\/www.europesays.com\/fr\/wp-json\/wp\/v2\/posts\/615189\/revisions"}],"wp:featuredmedia":[{"embeddable":true,"href":"https:\/\/www.europesays.com\/fr\/wp-json\/wp\/v2\/media\/464038"}],"wp:attachment":[{"href":"https:\/\/www.europesays.com\/fr\/wp-json\/wp\/v2\/media?parent=615189"}],"wp:term":[{"taxonomy":"category","embeddable":true,"href":"https:\/\/www.europesays.com\/fr\/wp-json\/wp\/v2\/categories?post=615189"},{"taxonomy":"post_tag","embeddable":true,"href":"https:\/\/www.europesays.com\/fr\/wp-json\/wp\/v2\/tags?post=615189"}],"curies":[{"name":"wp","href":"https:\/\/api.w.org\/{rel}","templated":true}]}}