{"id":615193,"date":"2025-12-22T05:41:10","date_gmt":"2025-12-22T05:41:10","guid":{"rendered":"https:\/\/www.europesays.com\/fr\/615193\/"},"modified":"2025-12-22T05:41:10","modified_gmt":"2025-12-22T05:41:10","slug":"a-paris-la-cite-universitaire-collecte-les-dons-pour-la-sante-mentale-des-jeunes","status":"publish","type":"post","link":"https:\/\/www.europesays.com\/fr\/615193\/","title":{"rendered":"\u00e0 Paris, la Cit\u00e9 universitaire collecte les dons pour la sant\u00e9 mentale des jeunes"},"content":{"rendered":"<p>                    Par<br \/>\n        <strong><br \/>\n            <a href=\"https:\/\/actu.fr\/auteur\/ines-cussac-actu-fr\" title=\"Consulter tous les articles de In\u00e8s Cussac\" target=\"_blank\" rel=\"noopener\">In\u00e8s Cussac<\/a><br \/>\n                    <\/strong><\/p>\n<p>        Publi\u00e9 le<\/p>\n<p>            22 d\u00e9c. 2025 \u00e0 6h04        <\/p>\n<p>Stress, mal-\u00eatre psychologique, troubles anxieux voire d\u00e9pressifs\u2026 La Cit\u00e9 universitaire de Paris lance une campagne de dons d\u00e9di\u00e9e \u00e0 la sant\u00e9 mentale des \u00e9tudiants et des chercheurs. Celle-ci ne cesse de se d\u00e9grader et les demandes d\u2019accompagnement psychologique explosent depuis 2019 avec <strong>une hausse de 300\u2009%.<\/strong> \u00ab\u2009La Cit\u00e9 internationale constate en effet une d\u00e9gradation pr\u00e9occupante de la sant\u00e9 mentale de ses r\u00e9sidents \u2013 \u00e9tudiants, chercheurs et artistes fran\u00e7ais et internationaux \u2013 fragilis\u00e9e par la pression acad\u00e9mique, <a href=\"https:\/\/actu.fr\/ile-de-france\/paris_75056\/loyers-transports-cout-de-la-vie-paris-reste-la-ville-etudiante-la-plus-chere-de-france-en-2025_63053299.html\" target=\"_blank\" rel=\"noopener\">la pr\u00e9carit\u00e9 financi\u00e8re<\/a>, l\u2019isolement social, l\u2019\u00e9loignement familial ou encore l\u2019incertitude quant \u00e0 l\u2019avenir\u2009\u00bb, indique l\u2019\u00e9tablissement o\u00f9 12\u2009000 r\u00e9sidents se croisent chaque ann\u00e9e sur le campus du 14e arrondissement.<\/p>\n<p class=\" wall-content\">Avec cette collecte, la Cit\u00e9 universitaire veut renforcer l\u2019acc\u00e8s aux soins en cr\u00e9ant notamment \u00ab\u2009un environnement propice au bien-\u00eatre\u2009\u00bb. \u00ab\u2009Dans un contexte o\u00f9 la pression, la pr\u00e9carit\u00e9 et l\u2019isolement peuvent fragiliser, notre r\u00f4le est d\u2019offrir <strong>un espace d\u2019\u00e9coute, de stabilit\u00e9 et de reconstruction<\/strong>. L\u2019augmentation des demandes ces derni\u00e8res ann\u00e9es t\u00e9moigne d\u2019un besoin r\u00e9el\u2009: notre responsabilit\u00e9 est d\u2019y r\u00e9pondre avec humanit\u00e9 et rigueur\u2009\u00bb, explique la psychologue au Relais social international (RSI) de la Cit\u00e9 universitaire, Samantha d\u2019Aboville.<\/p>\n<p>Consultations gratuites, \u00e9v\u00e9nements\u2026<\/p>\n<p class=\" wall-content\">Depuis 20 ans, le campus fait intervenir une \u00e9quipe du RSI, compos\u00e9e d\u2019une assistance sociale, d\u2019une charg\u00e9e d\u2019accueil et d\u2019orientation et d\u2019une psychologue. Parmi les \u00e9tudiants, chercheurs et artistes de passage \u00e0 la Cit\u00e9 universitaire, certains peuvent rencontrer des difficult\u00e9s et \u00eatre ainsi accompagn\u00e9 plus facilement.<\/p>\n<p class=\" wall-content\">Gr\u00e2ce aux dons, le RSI veut aider les r\u00e9sidents \u00e0 se sentir mieux mentalement. Consultations psychiatriques gratuites, organisation d\u2019\u00e9v\u00e9nements pour lutter contre l\u2019isolement, d\u00e9veloppement d\u2019activit\u00e9s sportives\u2026 Plusieurs actions sont d\u00e9j\u00e0 envisag\u00e9es.<\/p>\n<p>Moins d\u2019un \u00e9tudiant sur deux en bonne sant\u00e9 mentale<\/p>\n<p class=\" wall-content\">La majorit\u00e9 des \u00e9tudiants en France pr\u00e9sente une suspicion de d\u00e9tresse psychologique, selon le barom\u00e8tre national de la sant\u00e9 mentale. Moins d\u2019un \u00e9tudiant sur deux se d\u00e9clare en bonne sant\u00e9 mentale et 38\u2009% envisagent d\u2019interrompre leurs \u00e9tudes \u00e0 cause de ce mal-\u00eatre.<\/p>\n<p class=\" wall-content\">D\u2019apr\u00e8s le sondage men\u00e9 par OpinionWay, le moyen le plus efficace pour am\u00e9liorer la prise en charge de ces troubles n\u2019est pas seulement en parlant ou en lan\u00e7ant de grandes campagnes pour encourager la prise de parole et briser des tabous. La formation des m\u00e9decins et des soignants \u00e0 une meilleure \u00e9coute et l\u2019acc\u00e8s facilit\u00e9 \u00e0 des consultations moins ch\u00e8res, plus proches et plus rapides semblent \u00eatre les leviers les plus appropri\u00e9s pour am\u00e9liorer la prise en charge.<\/p>\n<p>Votre r\u00e9gion, votre actu !<\/p>\n<p>Recevez chaque jour les infos qui comptent pour vous.<\/p>\n<p>\t<a href=\"https:\/\/actu.fr\/newsletter\" class=\"ac-btn ac-btn--corner ac-btn--medium ac-btn--blue800\" target=\"_blank\" rel=\"noopener\">S&rsquo;incrire<\/a><br \/>\nPour faire un don, cliquez <a href=\"https:\/\/dons.ciup.fr\/accompagnement-de-nos-residents-en-difficultes\/soutenez-la-sante-mentale-des-etudiants\/\" target=\"_blank\" rel=\"noopener\">ici<\/a>.<\/p>\n<p class=\" wall-content\">Personnalisez votre actualit\u00e9 en ajoutant vos villes et m\u00e9dias en favori avec <a href=\"https:\/\/moncompte.actu.fr\" title=\"D\u00e9couvez Mon Actu\" rel=\"nofollow noopener\" data-trk=\"{&quot;cta&quot;:{&quot;action&quot;:&quot;https:\\\/\\\/moncompte.actu.fr&quot;,&quot;category&quot;:&quot;mon compte&quot;,&quot;from&quot;:&quot;article footer&quot;,&quot;name&quot;:&quot;Mon actu&quot;,&quot;type&quot;:&quot;cta&quot;}}\" target=\"_blank\">Mon Actu<\/a>.<\/p>\n","protected":false},"excerpt":{"rendered":"Par In\u00e8s Cussac Publi\u00e9 le 22 d\u00e9c. 2025 \u00e0 6h04 Stress, mal-\u00eatre psychologique, troubles anxieux voire d\u00e9pressifs\u2026 La&hellip;\n","protected":false},"author":2,"featured_media":615194,"comment_status":"","ping_status":"","sticky":false,"template":"","format":"standard","meta":{"footnotes":""},"categories":[1888],"tags":[1111,1928,11,1927,1064,1777,674,1011,27,12,1926,626,1925,25,104],"class_list":{"0":"post-615193","1":"post","2":"type-post","3":"status-publish","4":"format-standard","5":"has-post-thumbnail","7":"category-paris","8":"tag-actu","9":"tag-actu-paris","10":"tag-actualites","11":"tag-actualites-paris","12":"tag-etudiantses","13":"tag-eu","14":"tag-europe","15":"tag-fr","16":"tag-france","17":"tag-news","18":"tag-news-paris","19":"tag-paris","20":"tag-paris-news","21":"tag-republique-francaise","22":"tag-societe"},"share_on_mastodon":{"url":"https:\/\/pubeurope.com\/@fr\/115761622854795622","error":""},"_links":{"self":[{"href":"https:\/\/www.europesays.com\/fr\/wp-json\/wp\/v2\/posts\/615193","targetHints":{"allow":["GET"]}}],"collection":[{"href":"https:\/\/www.europesays.com\/fr\/wp-json\/wp\/v2\/posts"}],"about":[{"href":"https:\/\/www.europesays.com\/fr\/wp-json\/wp\/v2\/types\/post"}],"author":[{"embeddable":true,"href":"https:\/\/www.europesays.com\/fr\/wp-json\/wp\/v2\/users\/2"}],"replies":[{"embeddable":true,"href":"https:\/\/www.europesays.com\/fr\/wp-json\/wp\/v2\/comments?post=615193"}],"version-history":[{"count":0,"href":"https:\/\/www.europesays.com\/fr\/wp-json\/wp\/v2\/posts\/615193\/revisions"}],"wp:featuredmedia":[{"embeddable":true,"href":"https:\/\/www.europesays.com\/fr\/wp-json\/wp\/v2\/media\/615194"}],"wp:attachment":[{"href":"https:\/\/www.europesays.com\/fr\/wp-json\/wp\/v2\/media?parent=615193"}],"wp:term":[{"taxonomy":"category","embeddable":true,"href":"https:\/\/www.europesays.com\/fr\/wp-json\/wp\/v2\/categories?post=615193"},{"taxonomy":"post_tag","embeddable":true,"href":"https:\/\/www.europesays.com\/fr\/wp-json\/wp\/v2\/tags?post=615193"}],"curies":[{"name":"wp","href":"https:\/\/api.w.org\/{rel}","templated":true}]}}