{"id":615195,"date":"2025-12-22T05:42:31","date_gmt":"2025-12-22T05:42:31","guid":{"rendered":"https:\/\/www.europesays.com\/fr\/615195\/"},"modified":"2025-12-22T05:42:31","modified_gmt":"2025-12-22T05:42:31","slug":"un-diner-pour-deux-au-restaurant-japonais-vesper-a-paris-a-gagner","status":"publish","type":"post","link":"https:\/\/www.europesays.com\/fr\/615195\/","title":{"rendered":"un d\u00eener pour deux au restaurant japonais Vesper \u00e0 Paris \u00e0 gagner"},"content":{"rendered":"<p>Le 21 d\u00e9cembre, la Hotte du P\u00e8re No\u00ebl vous invite \u00e0 savourer un d\u00eener pour deux au restaurant japonais Vesper, dans le 7\u1d49 arrondissement de Paris.<\/p>\n<p class=\"c-paragraph\">La Hotte du P\u00e8re No\u00ebl fait escale \u00e0 Paris pour offrir un moment de pure gastronomie. Pour cette vingt-et-uni\u00e8me case, cap sur le <b>Vesper<\/b>, restaurant japonais d\u2019exception nich\u00e9 au c\u0153ur du <b>7\u1d49 arrondissement<\/b>. \u00c0 gagner : un <b>d\u00eener pour deux <\/b>valable 1 an, une invitation \u00e0 voyager au Japon sans quitter la capitale.<\/p>\n<p><b>Vesper : l\u2019art japonais revisit\u00e9 \u00e0 la parisienne<\/b><\/p>\n<p class=\"c-paragraph\">Install\u00e9 dans l\u2019\u00e9l\u00e9gante avenue Bosquet dans le 7e, <b>Vesper<\/b> s\u00e9duit autant par son ambiance feutr\u00e9e que par son assiette. Le chef y marie <b>la pr\u00e9cision japonaise<\/b> \u00e0 <b>l\u2019inspiration contemporaine fran\u00e7aise<\/b>, pour une exp\u00e9rience \u00e0 la fois d\u00e9licate et inventive.<\/p>\n<p class=\"c-paragraph\">Les sushis et sashimis y c\u00f4toient des cr\u00e9ations originales \u2014 tataki de thon, tempura croustillant, sauces maison \u2014 servis avec une mise en sc\u00e8ne soign\u00e9e. Chaque plat c\u00e9l\u00e8bre la fra\u00eecheur des produits et le raffinement des saveurs umami.<\/p>\n<p class=\"newsletter-subscription__disclaimer\">En vous inscrivant, vous acceptez les <a class=\"c-link newsletter-subscription__legal-link\" href=\"https:\/\/www.lepoint.fr\/html\/cgu\/\" target=\"_blank\" rel=\"noopener\">conditions g\u00e9n\u00e9rales d&rsquo;utilisation<\/a> et notre <a class=\"c-link newsletter-subscription__legal-link\" href=\"https:\/\/www.lepoint.fr\/html\/politique-de-protection-donnees-personnelles\/\" target=\"_blank\" rel=\"noopener\">politique de confidentialit\u00e9<\/a>.<\/p>\n<p><b>Une parenth\u00e8se gastronomique \u00e0 partager<\/b><\/p>\n<p class=\"c-paragraph\">Ce <b>d\u00eener pour deux<\/b> est une promesse d\u2019\u00e9vasion et de complicit\u00e9. Le temps d\u2019une soir\u00e9e, les convives plongent dans un univers de textures, d\u2019ar\u00f4mes et de couleurs o\u00f9 chaque bouch\u00e9e raconte une histoire. L\u2019accueil attentionn\u00e9 et le d\u00e9cor intime ajoutent au charme de cette adresse pris\u00e9e des amateurs de cuisine japonaise contemporaine.<\/p>\n<p><b>Comment participer au jeu concours ?<\/b><\/p>\n<p class=\"c-paragraph\">Pour tenter de gagner votre <b>d\u00eener pour deux au Vesper<\/b>, ouvrez la <b>case du 21 d\u00e9cembre<\/b> dans la <b>Hotte du P\u00e8re No\u00ebl<\/b>, remplissez le formulaire et jouez au jeu du jour. Un moment suspendu \u00e0 partager, entre \u00e9l\u00e9gance parisienne et voyage des sens.<\/p>\n<p class=\"c-paragraph\">Les prix sont mentionn\u00e9s \u00e0 titre indicatif et sont susceptibles d\u2019\u00e9voluer. Certains liens sont track\u00e9s et peuvent g\u00e9n\u00e9rer une commission pour Le Point. Contenu con\u00e7u et propos\u00e9 par Le Point Services. La r\u00e9daction n\u2019a pas particip\u00e9 \u00e0 sa r\u00e9alisation.<\/p>\n","protected":false},"excerpt":{"rendered":"Le 21 d\u00e9cembre, la Hotte du P\u00e8re No\u00ebl vous invite \u00e0 savourer un d\u00eener pour deux au restaurant&hellip;\n","protected":false},"author":2,"featured_media":615196,"comment_status":"","ping_status":"","sticky":false,"template":"","format":"standard","meta":{"footnotes":""},"categories":[1888],"tags":[1111,1928,11,1927,1777,674,1011,27,32094,12,1926,626,1925,25],"class_list":{"0":"post-615195","1":"post","2":"type-post","3":"status-publish","4":"format-standard","5":"has-post-thumbnail","7":"category-paris","8":"tag-actu","9":"tag-actu-paris","10":"tag-actualites","11":"tag-actualites-paris","12":"tag-eu","13":"tag-europe","14":"tag-fr","15":"tag-france","16":"tag-idees-cadeaux","17":"tag-news","18":"tag-news-paris","19":"tag-paris","20":"tag-paris-news","21":"tag-republique-francaise"},"share_on_mastodon":{"url":"https:\/\/pubeurope.com\/@fr\/115761626793862250","error":""},"_links":{"self":[{"href":"https:\/\/www.europesays.com\/fr\/wp-json\/wp\/v2\/posts\/615195","targetHints":{"allow":["GET"]}}],"collection":[{"href":"https:\/\/www.europesays.com\/fr\/wp-json\/wp\/v2\/posts"}],"about":[{"href":"https:\/\/www.europesays.com\/fr\/wp-json\/wp\/v2\/types\/post"}],"author":[{"embeddable":true,"href":"https:\/\/www.europesays.com\/fr\/wp-json\/wp\/v2\/users\/2"}],"replies":[{"embeddable":true,"href":"https:\/\/www.europesays.com\/fr\/wp-json\/wp\/v2\/comments?post=615195"}],"version-history":[{"count":0,"href":"https:\/\/www.europesays.com\/fr\/wp-json\/wp\/v2\/posts\/615195\/revisions"}],"wp:featuredmedia":[{"embeddable":true,"href":"https:\/\/www.europesays.com\/fr\/wp-json\/wp\/v2\/media\/615196"}],"wp:attachment":[{"href":"https:\/\/www.europesays.com\/fr\/wp-json\/wp\/v2\/media?parent=615195"}],"wp:term":[{"taxonomy":"category","embeddable":true,"href":"https:\/\/www.europesays.com\/fr\/wp-json\/wp\/v2\/categories?post=615195"},{"taxonomy":"post_tag","embeddable":true,"href":"https:\/\/www.europesays.com\/fr\/wp-json\/wp\/v2\/tags?post=615195"}],"curies":[{"name":"wp","href":"https:\/\/api.w.org\/{rel}","templated":true}]}}