{"id":615199,"date":"2025-12-22T05:44:34","date_gmt":"2025-12-22T05:44:34","guid":{"rendered":"https:\/\/www.europesays.com\/fr\/615199\/"},"modified":"2025-12-22T05:44:34","modified_gmt":"2025-12-22T05:44:34","slug":"une-dizaine-de-passagers-deposent-plainte-et-demandent-des-comptes-a-air-france","status":"publish","type":"post","link":"https:\/\/www.europesays.com\/fr\/615199\/","title":{"rendered":"une dizaine de passagers d\u00e9posent plainte et demandent des comptes \u00e0 Air France"},"content":{"rendered":"<p>Le vol AF7562 de la compagnie Air-France fait d\u00e9j\u00e0 des remous. Quelques heures \u00e0 peine apr\u00e8s le \u00ab\u00a0probl\u00e8me technique\u00a0\u00bb qui a contraint cet avion reliant Paris-Orly \u00e0 Ajaccio \u00e0 <a href=\"https:\/\/www.corsematin.com\/article\/faits-diversjustice\/1098853285690215\/le-moteur-etait-en-feu-un-vol-air-france-paris-ajaccio-deroute-en-urgence-vers-lyon\" target=\"_blank\" rel=\"noopener\">un atterrissage en urgence \u00e0 l&rsquo;a\u00e9roport de Lyon-Saint-Exup\u00e9ry<\/a>, dans la soir\u00e9e du samedi 20 d\u00e9cembre, l&rsquo;affaire se poursuit devant la justice.<\/p>\n<p>Charlotte Cesari, avocate au barreau de Marseille, pr\u00e9sente \u00e0 bord de ce vol qui accueillait 173 passagers, indique qu&rsquo;elle va d\u00e9poser, ce lundi 22 d\u00e9cembre, une plainte p\u00e9nale pour \u00ab\u00a0mise en danger de la vie d&rsquo;autrui\u00a0\u00bb \u00e0 l&rsquo;encontre de la compagnie a\u00e9rienne, au nom d&rsquo;une dizaine de passagers.<\/p>\n<p>\u00ab\u00a0Air France doit rendre des comptes, consid\u00e8re Me Charlotte Cesari, qui voyageait au c\u00f4t\u00e9 de son p\u00e8re. Ce qui s&rsquo;est pass\u00e9 est tr\u00e8s grave. La compagnie a une obligation de s\u00e9curit\u00e9. Le pr\u00e9judice moral est consid\u00e9rable pour les passagers qui, pour certains, n&rsquo;oseront plus remonter dans un avion apr\u00e8s avoir v\u00e9cu un tel \u00e9v\u00e8nement. Nous souhaitons qu&rsquo;une enqu\u00eate \u00e9claircisse les circonstances de cet incident et d\u00e9termine les responsabilit\u00e9s.\u00a0\u00bb<\/p>\n<p>\u00ab\u00a0Nous n&rsquo;avons eu aucune information officielle sur ce qu&rsquo;il s&rsquo;est pass\u00e9\u00a0\u00bb<\/p>\n<p>D\u00e8s lundi 22 d\u00e9cembre, l&rsquo;avocate portera \u00e9galement une r\u00e9clamation aupr\u00e8s d&rsquo;Air France pour demander un remboursement des billets acquis par les clients. Me Charlotte Cesari est d&rsquo;autant plus remont\u00e9e qu&rsquo;elle pointe une \u00ab\u00a0absence de suivi\u00a0\u00bb de la compagnie a\u00e9rienne, apr\u00e8s cet incident.<\/p>\n<p>\u00ab\u00a0Malgr\u00e9 le caract\u00e8re particuli\u00e8rement angoissant de cet \u00e9v\u00e8nement, nous sommes remont\u00e9s dans un autre avion, \u00e0 Lyon, sans aucune information officielle de la part d&rsquo;Air France sur ce qu&rsquo;il s&rsquo;\u00e9tait pass\u00e9, appuie l&rsquo;avocate. Aucune prise de contact n&rsquo;a eu lieu ce dimanche avec les passagers du vol, comme s&rsquo;il ne s&rsquo;\u00e9tait rien pass\u00e9. C&rsquo;est assez d\u00e9routant, notamment pour une compagnie qui assure une liaison de service public.\u00a0\u00bb<\/p>\n<p>Contact\u00e9e pour r\u00e9agir \u00e0 cette action en justice, la compagnie Air France n&rsquo;avait pas donn\u00e9 suite \u00e0 nos sollicitations, \u00e0 l&rsquo;heure o\u00f9 nous \u00e9crivions ces lignes.<\/p>\n","protected":false},"excerpt":{"rendered":"Le vol AF7562 de la compagnie Air-France fait d\u00e9j\u00e0 des remous. Quelques heures \u00e0 peine apr\u00e8s le \u00ab\u00a0probl\u00e8me&hellip;\n","protected":false},"author":2,"featured_media":615200,"comment_status":"","ping_status":"","sticky":false,"template":"","format":"standard","meta":{"footnotes":""},"categories":[1888],"tags":[17,11,29859,1777,674,274,1011,27,35535,12,626,72355,13642,25,3356,96,1175],"class_list":{"0":"post-615199","1":"post","2":"type-post","3":"status-publish","4":"format-standard","5":"has-post-thumbnail","7":"category-paris","8":"tag-17","9":"tag-actualites","10":"tag-dizaine","11":"tag-eu","12":"tag-europe","13":"tag-faits-divers-justice","14":"tag-fr","15":"tag-france","16":"tag-incident","17":"tag-news","18":"tag-paris","19":"tag-paris-ajaccio","20":"tag-passagers","21":"tag-republique-francaise","22":"tag-sur","23":"tag-une","24":"tag-vol"},"share_on_mastodon":{"url":"https:\/\/pubeurope.com\/@fr\/115761634660451709","error":""},"_links":{"self":[{"href":"https:\/\/www.europesays.com\/fr\/wp-json\/wp\/v2\/posts\/615199","targetHints":{"allow":["GET"]}}],"collection":[{"href":"https:\/\/www.europesays.com\/fr\/wp-json\/wp\/v2\/posts"}],"about":[{"href":"https:\/\/www.europesays.com\/fr\/wp-json\/wp\/v2\/types\/post"}],"author":[{"embeddable":true,"href":"https:\/\/www.europesays.com\/fr\/wp-json\/wp\/v2\/users\/2"}],"replies":[{"embeddable":true,"href":"https:\/\/www.europesays.com\/fr\/wp-json\/wp\/v2\/comments?post=615199"}],"version-history":[{"count":0,"href":"https:\/\/www.europesays.com\/fr\/wp-json\/wp\/v2\/posts\/615199\/revisions"}],"wp:featuredmedia":[{"embeddable":true,"href":"https:\/\/www.europesays.com\/fr\/wp-json\/wp\/v2\/media\/615200"}],"wp:attachment":[{"href":"https:\/\/www.europesays.com\/fr\/wp-json\/wp\/v2\/media?parent=615199"}],"wp:term":[{"taxonomy":"category","embeddable":true,"href":"https:\/\/www.europesays.com\/fr\/wp-json\/wp\/v2\/categories?post=615199"},{"taxonomy":"post_tag","embeddable":true,"href":"https:\/\/www.europesays.com\/fr\/wp-json\/wp\/v2\/tags?post=615199"}],"curies":[{"name":"wp","href":"https:\/\/api.w.org\/{rel}","templated":true}]}}