{"id":61520,"date":"2025-04-29T10:09:10","date_gmt":"2025-04-29T10:09:10","guid":{"rendered":"https:\/\/www.europesays.com\/fr\/61520\/"},"modified":"2025-04-29T10:09:10","modified_gmt":"2025-04-29T10:09:10","slug":"alerte-pollution-a-lozone-en-ile-de-france","status":"publish","type":"post","link":"https:\/\/www.europesays.com\/fr\/61520\/","title":{"rendered":"Alerte pollution \u00e0 l&rsquo;ozone en Ile-de-France"},"content":{"rendered":"<p><a href=\"https:\/\/94.citoyens.com\/2025\/nouvel-episode-de-pollution-aux-particules-fines-en-ile-de-france,04-03-2025.html\" title=\"Nouvel \u00e9pisode de pollution aux particules fines en Ile-de-France\" class=\"visuel\" target=\"_blank\" rel=\"noopener\"> <img decoding=\"async\" src=\"https:\/\/www.europesays.com\/fr\/wp-content\/uploads\/2025\/04\/diesel-pollution-automobile-andreas-lischka-pixabay-380x173.jpg\"  class=\"attachment-home-article wp-post-image lazyload\" alt=\"Nouvel \u00e9pisode de pollution aux particules fines en Ile-de-France\"\/>  \u00a9 andreas-lischka\t <\/a> <a href=\"https:\/\/94.citoyens.com\/2025\/nouvel-episode-de-pollution-aux-particules-fines-en-ile-de-france,04-03-2025.html\" title=\"Nouvel \u00e9pisode de pollution aux particules fines en Ile-de-France\" target=\"_blank\" rel=\"noopener\"> Nouvel \u00e9pisode de pollution aux particules fines en Ile-de-France\t<\/a><\/p>\n<p>L\u2019observatoire de la pollution de l\u2019air en Ile-de-France, Airparif, annonce un nouvel \u00e9pisode de pollution aux particules fines ce mardi 4 mars.<\/p>\n<p><a href=\"https:\/\/94.citoyens.com\/2025\/ile-de-france-les-deces-prematures-lies-a-la-pollution-sont-passes-de-10-000-a-6-200-en-5-ans,09-04-2025.html\" title=\"Ile-de-France : les d\u00e9c\u00e8s pr\u00e9matur\u00e9s li\u00e9s \u00e0 la pollution sont pass\u00e9s de 10 000 \u00e0 6 200 en 5 ans\" class=\"visuel\" target=\"_blank\" rel=\"noopener\"> <img decoding=\"async\" src=\"https:\/\/www.europesays.com\/fr\/wp-content\/uploads\/2025\/04\/georgeclerk-canva-pro-pollution-paris-380x173.jpg\"  class=\"attachment-home-article wp-post-image lazyload\" alt=\"Ile-de-France : les d\u00e9c\u00e8s pr\u00e9matur\u00e9s li\u00e9s \u00e0 la pollution sont pass\u00e9s de 10 000 \u00e0 6 200 en 5 ans\"\/>  \u00a9 Georgeclerk CanvaPro\t <\/a> <a href=\"https:\/\/94.citoyens.com\/2025\/ile-de-france-les-deces-prematures-lies-a-la-pollution-sont-passes-de-10-000-a-6-200-en-5-ans,09-04-2025.html\" title=\"Ile-de-France : les d\u00e9c\u00e8s pr\u00e9matur\u00e9s li\u00e9s \u00e0 la pollution sont pass\u00e9s de 10 000 \u00e0 6 200 en 5 ans\" target=\"_blank\" rel=\"noopener\"> Ile-de-France : les d\u00e9c\u00e8s pr\u00e9matur\u00e9s li\u00e9s \u00e0 la pollution sont pass\u00e9s de 10 000 \u00e0 6 200 en 5 ans\t<\/a><\/p>\n<p>Les niveaux de pollution de l\u2019air en Ile-de-France ont poursuivi en 2024 leur baisse enclench\u00e9e il y a 20 ans mais ont encore un impact significatif sur la sant\u00e9 humaine, a annonc\u00e9 mercredi Airparif, l\u2019organisme de surveillance de la qualit\u00e9 de l\u2019air dans la r\u00e9gion.<\/p>\n<p><a href=\"https:\/\/94.citoyens.com\/2025\/lile-de-france-menacee-par-des-secheresses-severes-apres-2050,17-03-2025.html\" title=\"L\u2019Ile-de-France menac\u00e9e par des s\u00e9cheresses s\u00e9v\u00e8res apr\u00e8s 2050\" class=\"visuel\" target=\"_blank\" rel=\"noopener\"> <img decoding=\"async\" src=\"https:\/\/www.europesays.com\/fr\/wp-content\/uploads\/2025\/04\/vue-aerienne-ile-de-france-google-earth-380x173.jpg\"  class=\"attachment-home-article wp-post-image lazyload\" alt=\"L\u2019Ile-de-France menac\u00e9e par des s\u00e9cheresses s\u00e9v\u00e8res apr\u00e8s 2050\"\/>  \u00a9 Google Earth\t <\/a> <a href=\"https:\/\/94.citoyens.com\/2025\/lile-de-france-menacee-par-des-secheresses-severes-apres-2050,17-03-2025.html\" title=\"L\u2019Ile-de-France menac\u00e9e par des s\u00e9cheresses s\u00e9v\u00e8res apr\u00e8s 2050\" target=\"_blank\" rel=\"noopener\"> L\u2019Ile-de-France menac\u00e9e par des s\u00e9cheresses s\u00e9v\u00e8res apr\u00e8s 2050\t<\/a><\/p>\n<p>Les \u00e9pisodes de s\u00e9cheresse intense sont une menace croissante pour la r\u00e9gion parisienne et pourraient co\u00fbter jusqu\u2019\u00e0 2,5 milliards d\u2019euros, pr\u00e9vient l\u2019Organisation de coop\u00e9ration et de d\u00e9veloppement \u00e9conomiques. L\u2019OCDE appelle \u00e0 renforcer la pr\u00e9vention des risques. Explications.<\/p>\n<p><a href=\"https:\/\/94.citoyens.com\/2025\/geopolitique-de-leau-en-ile-de-france-le-modele-eau-de-paris-etend-son-influence,23-03-2025.html\" title=\"G\u00e9opolitique de l\u2019eau\u00a0en Ile-de-France\u00a0: le mod\u00e8le Eau de Paris \u00e9tend son influence\" class=\"visuel\" target=\"_blank\" rel=\"noopener\"> <img decoding=\"async\" src=\"https:\/\/www.europesays.com\/fr\/wp-content\/uploads\/2025\/04\/eau-de-paris-seine-bievre-cachan-cd-380x173.jpg\"  class=\"attachment-home-article wp-post-image lazyload\" alt=\"G\u00e9opolitique de l\u2019eau\u00a0en Ile-de-France\u00a0: le mod\u00e8le Eau de Paris \u00e9tend son influence\"\/>  \u00a9 CD\t <\/a> <a class=\"lien-icone-article-payant\" href=\"https:\/\/94.citoyens.com\/gestion-abonnement\/paiement-abonnement?level=1\" title=\"Article r\u00e9serv\u00e9 aux abonn\u00e9s\" target=\"_blank\" rel=\"noopener\">  <img decoding=\"async\" class=\"icone-article-payant\" alt=\"Article r\u00e9serv\u00e9 aux abonn\u00e9s\" src=\"https:\/\/www.europesays.com\/fr\/wp-content\/uploads\/2025\/04\/sans_contour_32x32_couleur_originale.png\"\/>  <\/a> <a href=\"https:\/\/94.citoyens.com\/2025\/geopolitique-de-leau-en-ile-de-france-le-modele-eau-de-paris-etend-son-influence,23-03-2025.html\" title=\"G\u00e9opolitique de l\u2019eau\u00a0en Ile-de-France\u00a0: le mod\u00e8le Eau de Paris \u00e9tend son influence\" target=\"_blank\" rel=\"noopener\"> G\u00e9opolitique de l\u2019eau\u00a0en Ile-de-France\u00a0: le mod\u00e8le Eau de Paris \u00e9tend son influence\t<\/a><\/p>\n<p>Plut\u00f4t que du Champagne, de l\u2019eau claire en carafe. C\u2019est ainsi qu\u2019Eau de Paris, l\u2019\u00e9tablissement public en charge de la production et distribution de l\u2019eau dans la capitale, a arros\u00e9 son contrat avec de nouvelles r\u00e9gies publiques ce jeudi 20 mars. L\u2019enjeu : l\u2019approvisionnement en eau, mais, aussi, une approche \u00e9cologique et de gouvernance qui\u2026<\/p>\n","protected":false},"excerpt":{"rendered":"\u00a9 andreas-lischka Nouvel \u00e9pisode de pollution aux particules fines en Ile-de-France L\u2019observatoire de la pollution de l\u2019air en&hellip;\n","protected":false},"author":2,"featured_media":61521,"comment_status":"","ping_status":"","sticky":false,"template":"","format":"standard","meta":{"footnotes":""},"categories":[1592],"tags":[1111,11,1777,674,1011,27,662,12,626,1800,25],"class_list":{"0":"post-61520","1":"post","2":"type-post","3":"status-publish","4":"format-standard","5":"has-post-thumbnail","7":"category-ile-de-france","8":"tag-actu","9":"tag-actualites","10":"tag-eu","11":"tag-europe","12":"tag-fr","13":"tag-france","14":"tag-ile-de-france","15":"tag-news","16":"tag-paris","17":"tag-pollution","18":"tag-republique-francaise"},"share_on_mastodon":{"url":"https:\/\/pubeurope.com\/@fr\/114420709102659033","error":""},"_links":{"self":[{"href":"https:\/\/www.europesays.com\/fr\/wp-json\/wp\/v2\/posts\/61520","targetHints":{"allow":["GET"]}}],"collection":[{"href":"https:\/\/www.europesays.com\/fr\/wp-json\/wp\/v2\/posts"}],"about":[{"href":"https:\/\/www.europesays.com\/fr\/wp-json\/wp\/v2\/types\/post"}],"author":[{"embeddable":true,"href":"https:\/\/www.europesays.com\/fr\/wp-json\/wp\/v2\/users\/2"}],"replies":[{"embeddable":true,"href":"https:\/\/www.europesays.com\/fr\/wp-json\/wp\/v2\/comments?post=61520"}],"version-history":[{"count":0,"href":"https:\/\/www.europesays.com\/fr\/wp-json\/wp\/v2\/posts\/61520\/revisions"}],"wp:featuredmedia":[{"embeddable":true,"href":"https:\/\/www.europesays.com\/fr\/wp-json\/wp\/v2\/media\/61521"}],"wp:attachment":[{"href":"https:\/\/www.europesays.com\/fr\/wp-json\/wp\/v2\/media?parent=61520"}],"wp:term":[{"taxonomy":"category","embeddable":true,"href":"https:\/\/www.europesays.com\/fr\/wp-json\/wp\/v2\/categories?post=61520"},{"taxonomy":"post_tag","embeddable":true,"href":"https:\/\/www.europesays.com\/fr\/wp-json\/wp\/v2\/tags?post=61520"}],"curies":[{"name":"wp","href":"https:\/\/api.w.org\/{rel}","templated":true}]}}