{"id":615201,"date":"2025-12-22T05:45:16","date_gmt":"2025-12-22T05:45:16","guid":{"rendered":"https:\/\/www.europesays.com\/fr\/615201\/"},"modified":"2025-12-22T05:45:16","modified_gmt":"2025-12-22T05:45:16","slug":"en-cas-daffrontement-militaire-avec-moscou-le-gros-des-effectifs-terrestres-de-leurope-serait-fourni-par-seulement-six-pays","status":"publish","type":"post","link":"https:\/\/www.europesays.com\/fr\/615201\/","title":{"rendered":"En cas d&rsquo;affrontement militaire avec Moscou, le gros des effectifs terrestres de l&rsquo;Europe serait fourni par seulement six pays"},"content":{"rendered":"<p class=\"ap-StoryElement ap-StoryElement--mb ap-StoryText\">\u00ab\u00a0L&rsquo;\u00e9valuation des rapports de force entre l&rsquo;Europe et la Russie confirme une confrontation multidimensionnelle appel\u00e9e \u00e0 perdurer \u00e0 court, moyen et long terme\u00a0\u00bb soulignent \u00e0 ce sujet les chercheurs de l&rsquo;Institut fran\u00e7ais des relations internationales (Ifri) dans une \u00e9tude publi\u00e9e il y a quelques semaines. Et ceux-ci d&rsquo;enfoncer le clou : \u00ab\u00a0La Russie se pr\u00e9pare effectivement \u00e0 assumer une forme d&rsquo;affrontement militaire avec des membres de l&rsquo;Otan. Si la dur\u00e9e r\u00e9aliste n\u00e9cessaire \u00e0 la r\u00e9alisation de cet objectif fait l&rsquo;objet d&rsquo;un vif d\u00e9bat, personne ne remet en question la pr\u00e9paration de la Russie \u00e0 la guerre\u00a0\u00bb.<\/p>\n<p class=\"ap-StoryElement ap-StoryElement--mb ap-StoryText\">Les chercheurs de l&rsquo;Ifri se sont donc pench\u00e9s concr\u00e8tement sur l&rsquo;\u00e9tat des forces en pr\u00e9sence.<\/p>\n<p><a href=\"https:\/\/www.lalibre.be\/international\/europe\/2025\/12\/19\/bart-de-wever-obtient-une-victoire-au-sommet-europeen-avec-labandon-du-plan-pour-renflouer-lukraine-avec-les-actifs-russes-immobilises-dans-lue-F2TDL6IYQVD47HZKALHCKZWAMY\/\" target=\"_self\" class=\"ap-StoryInterstitialLink ap-StoryElement ap-StoryElement--mb\" rel=\"noopener\">Bart De Wever obtient une victoire au sommet europ\u00e9en, avec l&rsquo;abandon du plan pour renflouer l&rsquo;Ukraine avec les actifs russes immobilis\u00e9s dans l&rsquo;UE<\/a>1. Forces terrestres<\/p>\n<p class=\"ap-StoryElement ap-StoryElement--mb ap-StoryText\">Les forces terrestres russes comptent actuellement environ 550 000 soldats auxquels il faut ajouter 45 000 parachutistes, 10 000 fusiliers marins et 340 000 \u00e0 440 000 soldats issus de la garde nationale. Au total, les troupes russes pourraient donc atteindre jusqu&rsquo;\u00e0 950 000 soldats.<\/p>\n<p class=\"ap-StoryElement ap-StoryElement--mb ap-StoryText\">En comparaison, les effectifs terrestres des pays europ\u00e9ens de l&rsquo;Otan (hors Turquie) atteignent 750 000 soldats. Cet \u00e9cart est d&rsquo;autant plus frappant si l&rsquo;on prend en compte la disponibilit\u00e9 effective : tandis que la Russie a d\u00e9montr\u00e9 en Ukraine son aptitude \u00e0 ponctionner une portion significative de sa structure de force (jusqu&rsquo;\u00e0 environ 60 %), il est douteux que les forces europ\u00e9ennes pr\u00e9sentent une telle disponibilit\u00e9 politique, strat\u00e9gique et op\u00e9rationnelle.<\/p>\n<p class=\"ap-StoryElement ap-StoryElement--mb ap-StoryText\">Vingt pays membres de l&rsquo;Otan (et de l&rsquo;UE) sur trente-deux disposent de volumes de forces terrestres professionnelles inf\u00e9rieurs \u00e0 15 000 soldats. En cas d&rsquo;op\u00e9ration majeure, le gros des effectifs terrestres devrait ainsi \u00eatre fourni par seulement six pays (la France, le Royaume-Uni, l&rsquo;Allemagne, la Pologne, l&rsquo;Italie et l&rsquo;Espagne).<\/p>\n<p class=\"ap-StoryElement ap-StoryElement--mb ap-StoryText\">En mati\u00e8re d&rsquo;\u00e9quipement, les <a href=\"https:\/\/www.lalibre.be\/international\/europe\/guerre-ukraine-russie\/2025\/12\/15\/les-europeens-proposent-de-diriger-une-force-multinationale-en-ukraine-7I57KLLIWJCSRG2RHMWGKR455M\/\" target=\"_self\" rel=\"noopener\">arm\u00e9es europ\u00e9ennes<\/a> sont sous-dot\u00e9es et ont largement compt\u00e9 jusqu&rsquo;ici sur les achats d&rsquo;armes aux \u00c9tats-Unis. La premi\u00e8re lacune concerne la puissance de feu, notamment l&rsquo;artillerie canons et roquettes, ainsi que des drones de frappe. Seule une poign\u00e9e de pays en Europe (la Pologne, la Roumanie et les \u00c9tats baltes) tentent actuellement d&rsquo;y rem\u00e9dier. Il manque, enfin, aux Europ\u00e9ens davantage de capacit\u00e9s de renseignement et de surveillance. Mais les forces europ\u00e9ennes devraient, en revanche, b\u00e9n\u00e9ficier d&rsquo;un avantage qualitatif gr\u00e2ce \u00e0 leur ma\u00eetrise de la tactique interarmes et \u00e0 la qualification de leur personnel de tous niveaux.<\/p>\n<p><a href=\"https:\/\/www.lalibre.be\/international\/europe\/guerre-ukraine-russie\/2025\/12\/20\/le-missile-le-plus-performant-de-tous-les-temps-sera-livre-a-lukraine-en-2026-UF7DXEK4JRFOFA3COUQCYZTVZ4\/\" target=\"_self\" class=\"ap-StoryInterstitialLink ap-StoryElement ap-StoryElement--mb\" rel=\"noopener\">\u00ab\u00a0Le missile le plus performant de tous les temps\u00a0\u00bb sera livr\u00e9 \u00e0 l&rsquo;Ukraine en 2026<\/a>2. Forces a\u00e9riennes, navales et spatiales<\/p>\n<p class=\"ap-StoryElement ap-StoryElement--mb ap-StoryText\">En mati\u00e8re de puissance a\u00e9rienne, les alli\u00e9s de l&rsquo;Otan, m\u00eame si l&rsquo;on ne consid\u00e8re que les pays europ\u00e9ens, affichent une nette sup\u00e9riorit\u00e9 face \u00e0 la Russie, aussi bien quantitative que qualitative, disposant de plus de 1 500 avions de combat, contre moins d&rsquo;un millier. Certes, la flotte europ\u00e9enne d&rsquo;avions de chasse sera r\u00e9duite d&rsquo;au moins 20 % sur la d\u00e9cennie \u00e0 venir, mais son avance technologique devrait consid\u00e9rablement augmenter avec le remplacement des appareils de 4e g\u00e9n\u00e9ration (F-16, Su-27, etc.) par des avions de g\u00e9n\u00e9rations dits \u00ab\u00a04.5\u00a0\u00bb et \u00ab\u00a05\u00a0\u00bb (Rafale et Gripen pour les premiers et F-35 pour les seconds).<\/p>\n<p class=\"ap-StoryElement ap-StoryElement--mb ap-StoryText\">M\u00eame avantage qualitatif et quantitatif indiscutable dans <a href=\"https:\/\/www.lalibre.be\/belgique\/2025\/11\/03\/le-m940-oostende-la-nouvelle-pepite-anti-mines-de-la-marine-belge-la-securite-de-nos-mers-nest-pas-acquise-3RMV3KME7ZD7PJBVQFQKGN5C7Q\/\" target=\"_self\" rel=\"noopener\">le domaine naval<\/a> avec plus d&rsquo;une centaine de grands b\u00e2timents de surface, soit trois fois plus que la marine russe. Toutefois, la g\u00e9ographie du th\u00e9\u00e2tre d&rsquo;op\u00e9rations permet difficilement de faire de cette sup\u00e9riorit\u00e9 un atout d\u00e9cisif. La Russie est entour\u00e9e de quelques mers \u00e9troites qui s&rsquo;av\u00e9reraient dangereuses \u00e0 approcher pour ses adversaires. Dans le domaine spatial, le rapport de force est nuanc\u00e9, juge l&rsquo;Ifri.<\/p>\n<p><a href=\"https:\/\/www.lalibre.be\/international\/2025\/12\/20\/comment-le-covid-et-la-guerre-ont-change-vladimir-poutine-et-sa-garde-rapprochee-NBDQRXNQNFEV3HFP7KOU7PBB3E\/\" target=\"_self\" class=\"ap-StoryInterstitialLink ap-StoryElement ap-StoryElement--mb\" rel=\"noopener\">Comment le Covid et la guerre ont chang\u00e9 Vladimir Poutine et sa garde rapproch\u00e9e<\/a>3. Armement nucl\u00e9aire<\/p>\n<p class=\"ap-StoryElement ap-StoryElement--mb ap-StoryText\"><a href=\"https:\/\/www.lalibre.be\/international\/europe\/guerre-ukraine-russie\/2025\/10\/29\/dans-quelles-conditions-la-russie-pourrait-elle-mener-une-frappe-nucleaire-IM6AGUPUERCYXBD6CT2YETZSKU\/\" target=\"_self\" rel=\"noopener\">La Russie ne manque jamais une occasion de rappeler son statut de superpuissance nucl\u00e9aire<\/a>, disposant d&rsquo;environ 1 700 t\u00eates nucl\u00e9aires strat\u00e9giques d\u00e9ploy\u00e9es et d&rsquo;environ 2 600 en r\u00e9serve. Son approche, fond\u00e9e sur une rh\u00e9torique atomico-apocalyptique extr\u00eamement agressive et sur des actions concr\u00e8tes beaucoup plus mod\u00e9r\u00e9es, vise \u00e0 amplifier l&rsquo;effet des menaces \u00e0 l&rsquo;encontre d&rsquo;un Occident consid\u00e9r\u00e9 comme faible et divis\u00e9, tout en \u00e9vitant une escalade nucl\u00e9aire incontr\u00f4l\u00e9e. Mais cette doctrine est en train d&rsquo;\u00e9voluer.<\/p>\n<p class=\"ap-StoryElement ap-StoryElement--mb ap-StoryText\">\u00c0 l&rsquo;heure actuelle, les postures de dissuasion am\u00e9ricaines (1770 t\u00eates nucl\u00e9aires d\u00e9ploy\u00e9es), fran\u00e7aises (280) et britanniques (120) ont pour effet de prot\u00e9ger l&rsquo;Europe des intimidations et du chantage nucl\u00e9aire russe. Si la cr\u00e9dibilit\u00e9 de la dissuasion \u00e9largie des \u00c9tats-Unis venait \u00e0 \u00eatre s\u00e9rieusement mise \u00e0 mal, l&rsquo;Europe souffrirait d&rsquo;un d\u00e9s\u00e9quilibre.<\/p>\n<p><a href=\"https:\/\/www.lalibre.be\/economie\/conjoncture\/2025\/12\/17\/joseph-henrotin-voila-la-russie-ne-peut-pas-gagner-NMFSKQTOBFCWRAOLNZK6ILQ4QI\/\" target=\"_self\" class=\"ap-StoryInterstitialLink ap-StoryElement ap-StoryElement--mb\" rel=\"noopener\">Joseph Henrotin : \u00ab\u00a0Voil\u00e0&#8230; La Russie ne peut pas gagner\u00a0\u00bb<\/a>4. Industrie et investissements<\/p>\n<p class=\"ap-StoryElement ap-StoryElement--mb ap-StoryText\">Les d\u00e9penses russes li\u00e9es \u00e0 la d\u00e9fense n&rsquo;ont cess\u00e9 d&rsquo;augmenter, passant de 3,5 % du PIB en 2021 \u00e0 plus de 6,6 % en 2025, ce qui repr\u00e9sente plus d&rsquo;un tiers du budget f\u00e9d\u00e9ral. Si, en termes absolus, ces montants ont \u00e9t\u00e9 estim\u00e9s en 2024 \u00e0 environ 145 milliards de dollars, en termes de parit\u00e9 de pouvoir d&rsquo;achat avec l&rsquo;Occident, ces d\u00e9penses s&rsquo;\u00e9levaient plut\u00f4t \u00e0 460 milliards de dollars, un chiffre relativement \u00e9quivalent aux d\u00e9penses militaires cumul\u00e9es des alli\u00e9s europ\u00e9ens de l&rsquo;Otan cette m\u00eame ann\u00e9e.<\/p>\n<p class=\"ap-StoryElement ap-StoryElement--mb ap-StoryText\">Sur le plan industriel, la Russie est toutefois parvenue \u00e0 augmenter radicalement sa production d&rsquo;obus (passant de 250 000 projectiles de 152 millim\u00e8tres en 2022 \u00e0 plus de 1,3 million en 2024), mais aussi de drones (plus d&rsquo;un million en 2024). La production de <a href=\"https:\/\/www.lalibre.be\/international\/europe\/guerre-ukraine-russie\/2025\/10\/02\/guerre-en-ukraine-le-changement-radical-dans-la-position-americaine-va-t-il-avoir-un-impact-important-sur-le-conflit-54LYZRHASFDHVNOYZI4EJJUTSU\/\" target=\"_self\" rel=\"noopener\">missiles de croisi\u00e8re<\/a> a quant \u00e0 elle doubl\u00e9 voire tripl\u00e9 selon les mod\u00e8les. L&rsquo;industrie europ\u00e9enne, de son c\u00f4t\u00e9, a eu du mal \u00e0 r\u00e9pondre \u00e0 un changement de philosophie en faveur de plus de quantit\u00e9, plus rapidement, de qualit\u00e9 \u00ab\u00a0suffisante\u00a0\u00bb, l\u00e0 o\u00f9 elle avait mis\u00e9 depuis des d\u00e9cennies sur des armes de haute technologie, taill\u00e9es sur mesure pour un besoin limit\u00e9.<\/p>\n<p class=\"ap-StoryElement ap-StoryElement--mb ap-StoryText\"><b>Retrouvez mardi et mercredi les volets 2 (politique et soci\u00e9t\u00e9) et 3 (alliances internationales) de cette s\u00e9rie sur le rapport de force entre l&rsquo;Europe et la Russie.<\/b><\/p>\n","protected":false},"excerpt":{"rendered":"\u00ab\u00a0L&rsquo;\u00e9valuation des rapports de force entre l&rsquo;Europe et la Russie confirme une confrontation multidimensionnelle appel\u00e9e \u00e0 perdurer \u00e0&hellip;\n","protected":false},"author":2,"featured_media":615202,"comment_status":"","ping_status":"","sticky":false,"template":"","format":"standard","meta":{"footnotes":""},"categories":[1591],"tags":[11,35820,29129,1887,1227,12,9024,1885,1886,132],"class_list":{"0":"post-615201","1":"post","2":"type-post","3":"status-publish","4":"format-standard","5":"has-post-thumbnail","7":"category-russie","8":"tag-actualites","9":"tag-army","10":"tag-defence","11":"tag-federation-de-russie","12":"tag-horizontal","13":"tag-news","14":"tag-politics","15":"tag-russia","16":"tag-russian-federation","17":"tag-russie"},"share_on_mastodon":{"url":"https:\/\/pubeurope.com\/@fr\/115761638572591142","error":""},"_links":{"self":[{"href":"https:\/\/www.europesays.com\/fr\/wp-json\/wp\/v2\/posts\/615201","targetHints":{"allow":["GET"]}}],"collection":[{"href":"https:\/\/www.europesays.com\/fr\/wp-json\/wp\/v2\/posts"}],"about":[{"href":"https:\/\/www.europesays.com\/fr\/wp-json\/wp\/v2\/types\/post"}],"author":[{"embeddable":true,"href":"https:\/\/www.europesays.com\/fr\/wp-json\/wp\/v2\/users\/2"}],"replies":[{"embeddable":true,"href":"https:\/\/www.europesays.com\/fr\/wp-json\/wp\/v2\/comments?post=615201"}],"version-history":[{"count":0,"href":"https:\/\/www.europesays.com\/fr\/wp-json\/wp\/v2\/posts\/615201\/revisions"}],"wp:featuredmedia":[{"embeddable":true,"href":"https:\/\/www.europesays.com\/fr\/wp-json\/wp\/v2\/media\/615202"}],"wp:attachment":[{"href":"https:\/\/www.europesays.com\/fr\/wp-json\/wp\/v2\/media?parent=615201"}],"wp:term":[{"taxonomy":"category","embeddable":true,"href":"https:\/\/www.europesays.com\/fr\/wp-json\/wp\/v2\/categories?post=615201"},{"taxonomy":"post_tag","embeddable":true,"href":"https:\/\/www.europesays.com\/fr\/wp-json\/wp\/v2\/tags?post=615201"}],"curies":[{"name":"wp","href":"https:\/\/api.w.org\/{rel}","templated":true}]}}