{"id":615207,"date":"2025-12-22T05:48:52","date_gmt":"2025-12-22T05:48:52","guid":{"rendered":"https:\/\/www.europesays.com\/fr\/615207\/"},"modified":"2025-12-22T05:48:52","modified_gmt":"2025-12-22T05:48:52","slug":"epsicap-nano-accelere-au-royaume-uni-avec-trois-nouvelles-acquisitions-zoominvest","status":"publish","type":"post","link":"https:\/\/www.europesays.com\/fr\/615207\/","title":{"rendered":"Epsicap Nano acc\u00e9l\u00e8re au Royaume-Uni avec trois nouvelles acquisitions | ZoomInvest"},"content":{"rendered":"<p data-start=\"87\" data-end=\"421\"><strong data-start=\"87\" data-end=\"421\" class=\"font-semibold text-[var(--brand-black)]\">La SCPI Epsicap Nano, g\u00e9r\u00e9e par Epsicap REIM, renforce sa pr\u00e9sence europ\u00e9enne avec trois nouvelles acquisitions commerciales au Royaume-Uni. Des op\u00e9rations qui illustrent son ambition : devenir la r\u00e9f\u00e9rence de l\u2019immobilier small caps en Europe, sur des actifs inf\u00e9rieurs \u00e0 10 M\u20ac, alliant qualit\u00e9 locative et visibilit\u00e9 long terme.<\/strong><\/p>\n<p>Une strat\u00e9gie europ\u00e9enne affirm\u00e9e<\/p>\n<p data-start=\"466\" data-end=\"727\">La SCPI Epsicap Nano, g\u00e9r\u00e9e par Epsicap REIM, vient de r\u00e9aliser trois nouvelles acquisitions au Royaume-Uni.<br \/>Ces op\u00e9rations s\u2019inscrivent dans l\u2019ambition d\u2019Epsicap REIM de faire d\u2019Epsicap Nano la r\u00e9f\u00e9rence de l\u2019immobilier small caps en Europe (actifs <\/p>\n<blockquote data-start=\"729\" data-end=\"1017\" class=\"border-l-4 border-[var(--brand-green)] pl-4 py-2 my-3 italic text-gray-700 bg-gray-50 rounded-r\">\n<p data-start=\"731\" data-end=\"1017\">Florian Le Qu\u00e9r\u00e9, Directeur des investissements et Associ\u00e9 chez Epsicap REIM, d\u00e9clare : \u00ab Nous sommes tr\u00e8s satisfaits de ces trois nouvelles acquisitions commerciales au Royaume-Uni, lou\u00e9es \u00e0 des locataires de grande qualit\u00e9 et offrant des flux de tr\u00e9sorerie s\u00e9curis\u00e9s \u00e0 long terme. \u00bb<\/p>\n<\/blockquote>\n<p>Hull (Angleterre)<\/p>\n<p data-start=\"1046\" data-end=\"1434\">Ensemble commercial situ\u00e9 au <strong data-start=\"1075\" data-end=\"1096\" class=\"font-semibold text-[var(--brand-black)]\">Quora Retail Park<\/strong>, \u00e0 Hull, ville portuaire strat\u00e9gique du Yorkshire de l\u2019Est, au c\u0153ur de l\u2019estuaire de l\u2019Humber.<br \/>L\u2019actif d\u00e9veloppe une surface locative totale de <strong data-start=\"1243\" data-end=\"1255\" class=\"font-semibold text-[var(--brand-black)]\">4 401 m\u00b2<\/strong> et est enti\u00e8rement lou\u00e9 aux enseignes <strong data-start=\"1294\" data-end=\"1302\" class=\"font-semibold text-[var(--brand-black)]\">Aldi<\/strong> et <strong data-start=\"1306\" data-end=\"1323\" class=\"font-semibold text-[var(--brand-black)]\">Home Bargains<\/strong>, avec une dur\u00e9e r\u00e9siduelle ferme des baux de <strong data-start=\"1369\" data-end=\"1380\" class=\"font-semibold text-[var(--brand-black)]\">8,5 ans<\/strong>, garantissant une occupation stable et de long terme.<\/p>\n<p>Glasgow (\u00c9cosse)<\/p>\n<p data-start=\"1718\" data-end=\"2150\">Ensemble commercial situ\u00e9 au <strong data-start=\"1747\" data-end=\"1776\" class=\"font-semibold text-[var(--brand-black)]\">Great Western Retail Park<\/strong>, \u00e0 Glasgow, l\u2019une des principales m\u00e9tropoles d\u2019\u00c9cosse, b\u00e9n\u00e9ficiant d\u2019une forte attractivit\u00e9 \u00e9conomique et commerciale.<br \/>L\u2019actif d\u00e9veloppe une surface de <strong data-start=\"1931\" data-end=\"1943\" class=\"font-semibold text-[var(--brand-black)]\">4 956 m\u00b2<\/strong> et est lou\u00e9 aux enseignes <strong data-start=\"1970\" data-end=\"1983\" class=\"font-semibold text-[var(--brand-black)]\">The Range<\/strong> et <strong data-start=\"1987\" data-end=\"2010\" class=\"font-semibold text-[var(--brand-black)]\">Flooring Superstore<\/strong>. Il pr\u00e9sente une dur\u00e9e r\u00e9siduelle ferme des baux de <strong data-start=\"2063\" data-end=\"2075\" class=\"font-semibold text-[var(--brand-black)]\">14,5 ans<\/strong> au moment de l\u2019acquisition, offrant une visibilit\u00e9 locative de long terme.<\/p>\n<p>Sunderland (Angleterre)<\/p>\n<p data-start=\"2431\" data-end=\"2790\">Ensemble commercial situ\u00e9 sur <strong data-start=\"2461\" data-end=\"2480\" class=\"font-semibold text-[var(--brand-black)]\">Silksworth Lane<\/strong>, \u00e0 Tunstall, dans la ville de Sunderland, au nord-est de l\u2019Angleterre.<br \/>L\u2019actif d\u00e9veloppe une surface de <strong data-start=\"2587\" data-end=\"2599\" class=\"font-semibold text-[var(--brand-black)]\">4 097 m\u00b2<\/strong> et est enti\u00e8rement lou\u00e9 \u00e0 l\u2019enseigne <strong data-start=\"2637\" data-end=\"2650\" class=\"font-semibold text-[var(--brand-black)]\">The Range<\/strong>. Il pr\u00e9sente une dur\u00e9e r\u00e9siduelle ferme des baux de <strong data-start=\"2703\" data-end=\"2715\" class=\"font-semibold text-[var(--brand-black)]\">15,9 ans<\/strong> au moment de l\u2019acquisition, offrant une visibilit\u00e9 locative de long terme.<\/p>\n","protected":false},"excerpt":{"rendered":"La SCPI Epsicap Nano, g\u00e9r\u00e9e par Epsicap REIM, renforce sa pr\u00e9sence europ\u00e9enne avec trois nouvelles acquisitions commerciales au&hellip;\n","protected":false},"author":2,"featured_media":615208,"comment_status":"","ping_status":"","sticky":false,"template":"","format":"standard","meta":{"footnotes":""},"categories":[1588],"tags":[11,2813,71676,1777,674,590,399,12,473,1853,1851,1850,1852,71675],"class_list":{"0":"post-615207","1":"post","2":"type-post","3":"status-publish","4":"format-standard","5":"has-post-thumbnail","7":"category-royaume-uni","8":"tag-actualites","9":"tag-article","10":"tag-asset-management","11":"tag-eu","12":"tag-europe","13":"tag-finance","14":"tag-investissement","15":"tag-news","16":"tag-royaume-uni","17":"tag-royaume-uni-de-grande-bretagne-et-dirlande-du-nord","18":"tag-uk","19":"tag-united-kingdom","20":"tag-united-kingdom-of-great-britain-and-northern-ireland","21":"tag-zoominvest"},"share_on_mastodon":{"url":"https:\/\/pubeurope.com\/@fr\/115761654244684513","error":""},"_links":{"self":[{"href":"https:\/\/www.europesays.com\/fr\/wp-json\/wp\/v2\/posts\/615207","targetHints":{"allow":["GET"]}}],"collection":[{"href":"https:\/\/www.europesays.com\/fr\/wp-json\/wp\/v2\/posts"}],"about":[{"href":"https:\/\/www.europesays.com\/fr\/wp-json\/wp\/v2\/types\/post"}],"author":[{"embeddable":true,"href":"https:\/\/www.europesays.com\/fr\/wp-json\/wp\/v2\/users\/2"}],"replies":[{"embeddable":true,"href":"https:\/\/www.europesays.com\/fr\/wp-json\/wp\/v2\/comments?post=615207"}],"version-history":[{"count":0,"href":"https:\/\/www.europesays.com\/fr\/wp-json\/wp\/v2\/posts\/615207\/revisions"}],"wp:featuredmedia":[{"embeddable":true,"href":"https:\/\/www.europesays.com\/fr\/wp-json\/wp\/v2\/media\/615208"}],"wp:attachment":[{"href":"https:\/\/www.europesays.com\/fr\/wp-json\/wp\/v2\/media?parent=615207"}],"wp:term":[{"taxonomy":"category","embeddable":true,"href":"https:\/\/www.europesays.com\/fr\/wp-json\/wp\/v2\/categories?post=615207"},{"taxonomy":"post_tag","embeddable":true,"href":"https:\/\/www.europesays.com\/fr\/wp-json\/wp\/v2\/tags?post=615207"}],"curies":[{"name":"wp","href":"https:\/\/api.w.org\/{rel}","templated":true}]}}