{"id":615209,"date":"2025-12-22T05:50:56","date_gmt":"2025-12-22T05:50:56","guid":{"rendered":"https:\/\/www.europesays.com\/fr\/615209\/"},"modified":"2025-12-22T05:50:56","modified_gmt":"2025-12-22T05:50:56","slug":"allemagne-un-exemple-a-suivre","status":"publish","type":"post","link":"https:\/\/www.europesays.com\/fr\/615209\/","title":{"rendered":"Allemagne, un exemple \u00e0 suivre?"},"content":{"rendered":"<p>          Opinion   <\/p>\n<p>       \u2013   <\/p>\n<p>  Allemagne, un exemple \u00e0 suivre? <\/p>\n<p class=\"lead regular externalicon-big astro-mrojhlls\"> Pour le professeur Bernard Hirschel, Berlin a remplac\u00e9 ses 200 TWh d\u2019\u00e9lectricit\u00e9 nucl\u00e9aire par du solaire et de l\u2019\u00e9olien. Mais pour le climat, le bilan est nul: le pays br\u00fble toujours autant de charbon et de gaz.    <\/p>\n<p>    Commentaire  <\/p>\n<p>Bernard Hirschel &#8211; professeur de m\u00e9decine<\/p>\n<p>   Publi\u00e9: 18.12.2025, 08h07                   Abonnez-vous d\u00e8s maintenant et profitez de la fonction de lecture audio. <\/p>\n<p>  S&rsquo;abonner   Se connecter  <\/p>\n<p>    <a href=\"https:\/\/bottalk.io\/\" class=\"bottalklink astro-5ez2hx6t\" target=\"_blank\" rel=\"noreferrer noopener\"> BotTalk <\/a>        <\/p>\n<p class=\"articleParagraph externalicon-big focus _content-width article-element astro-g2qwsodm astro-hwk6bfo3\">Il faut reconna\u00eetre une chose aux Allemands: ils font ce qu\u2019ils disent. Au d\u00e9but des ann\u00e9es 2000, ils ont d\u00e9cid\u00e9 de sortir du nucl\u00e9aire. Fin 2023, la derni\u00e8re centrale nucl\u00e9aire fut ferm\u00e9e. La production \u00e9lectronucl\u00e9aire de 2003, environ 200 t\u00e9rawattheures (TWh) fut enti\u00e8rement remplac\u00e9e par 200 TWh d\u2019origine \u00e9olienne et solaire. <\/p>\n<p class=\"articleParagraph externalicon-big focus _content-width article-element astro-g2qwsodm astro-hwk6bfo3\">Est-ce un mod\u00e8le \u00e0 suivre? Quels sont les effets sur le climat? \u00c0 quels co\u00fbts? <\/p>\n<p class=\"articleParagraph externalicon-big focus _content-width article-element astro-g2qwsodm astro-hwk6bfo3\">Concernant le CO2, tant le nucl\u00e9aire que le renouvelable en \u00e9mettent tr\u00e8s peu. En rempla\u00e7ant l\u2019un par l\u2019autre, l\u2019effet net sur le climat est nul. C\u2019e\u00fbt \u00e9t\u00e9 diff\u00e9rent si le renouvelable s\u2019\u00e9tait ajout\u00e9 au nucl\u00e9aire; dans ce cas, l\u2019\u00e9lectricit\u00e9 allemande serait aujourd\u2019hui pratiquement neutre en carbone. Mais la r\u00e9alit\u00e9 est diff\u00e9rente. L\u2019Allemagne, contrairement \u00e0 la France, br\u00fble toujours beaucoup de charbon et de gaz pour produire du courant \u2013 en novembre 2025 par exemple, deux tiers de l\u2019\u00e9lectricit\u00e9 allemande provenaient de sources non renouvelables, charbon allemand et nucl\u00e9aire fran\u00e7ais. <\/p>\n<p class=\"articleParagraph externalicon-big focus _content-width article-element astro-g2qwsodm astro-hwk6bfo3\">Quant aux co\u00fbts, entre 350 et 700\u00a0milliards d\u2019euros ont \u00e9t\u00e9 d\u00e9pens\u00e9s pour \u00e9radiquer l\u2019\u00e9nergie nucl\u00e9aire en Allemagne. Actuellement, on estime que la \u00abEnergiewende\u00bb co\u00fbte au moins 40\u00a0milliards d\u2019euros par an. Un exemple: La loi oblige les compagnies \u00e9lectriques \u00e0 acheter du courant solaire ou \u00e9olien \u00e0 des prix \u00e9lev\u00e9s. C\u2019est \u00e0 perte, car le courant solaire est produit surtout vers midi en \u00e9t\u00e9, quand il ne vaut pratiquement rien. Co\u00fbt pour l\u2019\u00c9tat allemand en 2025: quelque 17\u00a0milliards d\u2019euros. Notons, en passant, le caract\u00e8re antisocial de ces paiements. Car pour produire de l\u2019\u00e9lectricit\u00e9 solaire il faut avoir un toit, donc une maison, donc \u00eatre relativement ais\u00e9; les co\u00fbts, sous forme d\u2019imp\u00f4ts et de prix \u00e9lev\u00e9 de l\u2019\u00e9lectricit\u00e9, sont assum\u00e9s par tout le monde. Pourtant, c\u2019est surtout \u00e0 gauche du spectre politique qu\u2019on trouve les enthousiastes du solaire et les adversaires du nucl\u00e9aire. Allez comprendre\u2026 <\/p>\n<p class=\"articleParagraph externalicon-big focus _content-width article-element astro-g2qwsodm astro-hwk6bfo3\">Pour beaucoup de Suisses, en particulier outre-Sarine, l\u2019Allemagne sert d\u2019exemple. Le vote populaire de 2017 emp\u00eache la construction de nouvelles centrales nucl\u00e9aires. Contrairement \u00e0 l\u2019Allemagne, l\u2019exploitation continue des centrales existantes est admise. Mais ces centrales vieillissent; un jour il faudra les arr\u00eater. Si on ne peut pas les remplacer, il faudra en hiver importer du courant (nucl\u00e9aire) fran\u00e7ais ou (fossile?) allemand en esp\u00e9rant qu\u2019il sera disponible. Les \u00e9nergies renouvelables ne pourront pas combler toutes les lacunes. Voici l\u2019arri\u00e8re-fond de la discussion actuelle sur le renouveau nucl\u00e9aire et l\u2019initiative \u00ab <a class=\" astro-hwk6bfo3\" target=\"_blank\" rel=\"noopener noreferrer\" href=\"https:\/\/www.bk.admin.ch\/ch\/f\/pore\/vi\/vis533.html\" data-article-link=\"https:\/\/www.bk.admin.ch\/ch\/f\/pore\/vi\/vis533.html\">Stop au blackout<\/a>\u00bb. <\/p>\n<p class=\"boxtitle astro-42aj3uwb astro-hwk6bfo3\">Davantage sur le nucl\u00e9aire <\/p>\n<p>        Newsletter   <\/p>\n<p>\u00abLa Tribune des abonn\u00e9s\u00bb<\/p>\n<p> Adress\u00e9e \u00e0 nos plus fid\u00e8les lectrices et lecteurs, cette lettre leur propose une s\u00e9lection de nos meilleurs articles  ainsi que des contenus exclusifs. <\/p>\n<p class=\"astro-cztuaoj5\"> <a class=\"more astro-cztuaoj5\" href=\"https:\/\/www.tdg.ch\/nos-newsletters\" target=\"_blank\" rel=\"noopener\"> Autres newsletters <\/a> <\/p>\n<p>     Se connecter           <\/p>\n<p class=\"Feedback content-width astro-kvtdmsee\"> Vous avez trouv\u00e9 une erreur? <a href=\"https:\/\/www.tdg.ch\/mailto:tes_correction@tamedia.ch?subject=Avis%20d\" erreur=\"\" class=\"feedbacklink _underlinelink astro-kvtdmsee\" target=\"_blank\" rel=\"noopener\"> Merci de nous la signaler. <\/a> <\/p>\n","protected":false},"excerpt":{"rendered":"Opinion \u2013 Allemagne, un exemple \u00e0 suivre? Pour le professeur Bernard Hirschel, Berlin a remplac\u00e9 ses 200 TWh&hellip;\n","protected":false},"author":2,"featured_media":615210,"comment_status":"","ping_status":"","sticky":false,"template":"","format":"standard","meta":{"footnotes":""},"categories":[1587],"tags":[11,672,1804,1805,1803,1777,674,1801,12,1802,2300],"class_list":{"0":"post-615209","1":"post","2":"type-post","3":"status-publish","4":"format-standard","5":"has-post-thumbnail","7":"category-allemagne","8":"tag-actualites","9":"tag-allemagne","10":"tag-bundesrepublik-deutschland","11":"tag-de","12":"tag-deutschland","13":"tag-eu","14":"tag-europe","15":"tag-germany","16":"tag-news","17":"tag-republique-federale-dallemagne","18":"tag-stats-seo"},"share_on_mastodon":{"url":"https:\/\/pubeurope.com\/@fr\/115761662074286262","error":""},"_links":{"self":[{"href":"https:\/\/www.europesays.com\/fr\/wp-json\/wp\/v2\/posts\/615209","targetHints":{"allow":["GET"]}}],"collection":[{"href":"https:\/\/www.europesays.com\/fr\/wp-json\/wp\/v2\/posts"}],"about":[{"href":"https:\/\/www.europesays.com\/fr\/wp-json\/wp\/v2\/types\/post"}],"author":[{"embeddable":true,"href":"https:\/\/www.europesays.com\/fr\/wp-json\/wp\/v2\/users\/2"}],"replies":[{"embeddable":true,"href":"https:\/\/www.europesays.com\/fr\/wp-json\/wp\/v2\/comments?post=615209"}],"version-history":[{"count":0,"href":"https:\/\/www.europesays.com\/fr\/wp-json\/wp\/v2\/posts\/615209\/revisions"}],"wp:featuredmedia":[{"embeddable":true,"href":"https:\/\/www.europesays.com\/fr\/wp-json\/wp\/v2\/media\/615210"}],"wp:attachment":[{"href":"https:\/\/www.europesays.com\/fr\/wp-json\/wp\/v2\/media?parent=615209"}],"wp:term":[{"taxonomy":"category","embeddable":true,"href":"https:\/\/www.europesays.com\/fr\/wp-json\/wp\/v2\/categories?post=615209"},{"taxonomy":"post_tag","embeddable":true,"href":"https:\/\/www.europesays.com\/fr\/wp-json\/wp\/v2\/tags?post=615209"}],"curies":[{"name":"wp","href":"https:\/\/api.w.org\/{rel}","templated":true}]}}