{"id":61522,"date":"2025-04-29T10:10:12","date_gmt":"2025-04-29T10:10:12","guid":{"rendered":"https:\/\/www.europesays.com\/fr\/61522\/"},"modified":"2025-04-29T10:10:12","modified_gmt":"2025-04-29T10:10:12","slug":"que-prevoit-bison-fute-sur-les-routes-de-paris-et-dile-de-france","status":"publish","type":"post","link":"https:\/\/www.europesays.com\/fr\/61522\/","title":{"rendered":"que pr\u00e9voit Bison Fut\u00e9 sur les routes de Paris et d&rsquo;\u00cele-de-France\u00a0?"},"content":{"rendered":"<p>            Par<br \/>\n        <strong><br \/>\n            <a href=\"https:\/\/actu.fr\/auteur\/redaction-paris\" title=\"Consulter tous les articles de R\u00e9daction Paris\" target=\"_blank\" rel=\"noopener\">R\u00e9daction Paris<\/a><br \/>\n        <\/strong><\/p>\n<p>        Publi\u00e9 le<\/p>\n<p>            29 avr. 2025 \u00e0 11h31        <\/p>\n<p>Franciliens et Parisiens qui n\u2019iront pas manifester vont peut-\u00eatre opter pour une fuite loin d\u2019\u00cele-de-France. <a href=\"https:\/\/actu.fr\/tag\/bison-fute\" target=\"_blank\" rel=\"noopener\">Bison Fut\u00e9<\/a> a pens\u00e9 \u00e0 eux et d\u00e9voile ses pr\u00e9visions de <a href=\"https:\/\/actu.fr\/tag\/circulation\" target=\"_blank\" rel=\"noopener\">circulation<\/a> pour ce <strong>premier pont du mois de mai<\/strong>.<\/p>\n<p>Mercredi 30\u00a0avril 2025<\/p>\n<p class=\" wall-content\">La journ\u00e9e sera class\u00e9e <strong>orange<\/strong> dans le sens des d\u00e9parts et verte dans celui des retours, partout en France. \u00ab\u2009En \u00cele-de-France, dans le sens des d\u00e9parts, en milieu d\u2019apr\u00e8s-midi, la hausse des trafics sur les autoroutes A10 et A6, combin\u00e9e aux d\u00e9placements li\u00e9s aux trajets travail-domicile, pourrait engendrer des difficult\u00e9s de circulation jusqu\u2019en fin de soir\u00e9e. L\u2019autoroute A13 pourrait \u00e9galement conna\u00eetre des encombrements d\u00e8s le milieu de l\u2019apr\u00e8s-midi\u2009\u00bb, pr\u00e9dit le centre national d\u2019observation routi\u00e8re.<\/p>\n<p class=\" wall-content\"><strong>Les conseils dans le sens des d\u00e9parts\u2009:<\/strong><\/p>\n<p class=\" wall-content\">\u2013 quittez ou traversez l\u2019\u00cele-de-France avant 14h,<br \/>\u2013 \u00e9vitez l\u2019autoroute A13, entre Rouen et Caen, de 16h \u00e0 20h,<br \/>\u2013 \u00e9vitez l\u2019autoroute A11, entre Le\u00a0Mans et Angers de 13h \u00e0 19h,<br \/>\u2013 \u00e9vitez l\u2019autoroute A10, entre Tours et Poitiers, de 14h \u00e0 19h,<br \/>\u2013 \u00e9vitez l\u2019autoroute A7, entre Lyon et Orange, de 14h \u00e0 20h,<br \/>\u2013 \u00e9vitez l\u2019autoroute A8, entre Le Luc et l\u2019Italie, de 13h \u00e0 19h,<br \/>\u2013 \u00e9vitez l\u2019autoroute A9, entre Montpellier et Narbonne, de 17h \u00e0 20h,<br \/>\u2013 \u00e9vitez le tunnel du Mont-Blanc (N205), entre la France et l\u2019Italie, de 10h \u00e0 20h.<\/p>\n<p>Jeudi\u00a01er, vendredi\u00a02 et samedi 3\u00a0mai 2025<\/p>\n<p class=\" wall-content\">Journ\u00e9es <strong>vertes<\/strong> dans les deux sens et dans toute la France.<\/p>\n<p>Dimanche 4 mai 2025<\/p>\n<p class=\" wall-content\">Une fin de week-end o\u00f9, sans surprise, les d\u00e9parts seront plus difficiles que les retours, lesquels sont class\u00e9s <strong>orange<\/strong> dans tout l\u2019Hexagone. \u00ab\u2009En \u00cele-de-France, la circulation sera dense d\u00e8s le tout d\u00e9but de l\u2019apr\u00e8s-midi sur les autoroutes A6 et A10. L\u2019autoroute A13 pourrait aussi enregistrer des difficult\u00e9s de circulation entre le d\u00e9but de l\u2019apr\u00e8s-midi et la fin de soir\u00e9e\u2009\u00bb, pr\u00e9cise Bison Fut\u00e9.<\/p>\n<p>Vid\u00e9os : en ce moment sur Actu<\/p>\n<p class=\" wall-content\"><strong>Les conseils dans le sens des retours\u2009:<\/strong><\/p>\n<p class=\" wall-content\">\u2013 rejoignez ou traversez l\u2019\u00cele-de-France avant 11h,<br \/>\u2013 \u00e9vitez l\u2019autoroute A13, entre Caen et Paris, de 13h \u00e0 22h,<br \/>\u2013 \u00e9vitez l\u2019autoroute A11, entre Nantes et Angers, de 15h \u00e0 19h,<br \/>\u2013 \u00e9vitez l\u2019autoroute A10, entre Bordeaux et Tours, de 13h \u00e0 18h,<br \/>\u2013 \u00e9vitez l\u2019autoroute A9, entre Narbonne et Orange, de 14h \u00e0 19h,<br \/>\u2013 \u00e9vitez l\u2019autoroute A8, entre l\u2019Italie et Aix-en-Provence, de 12h \u00e0 19h,<br \/>\u2013 \u00e9vitez l\u2019autoroute A7, entre Orange et Lyon, de 14h \u00e0 21h,<br \/>\u2013 \u00e9vitez l\u2019autoroute A61, entre Narbonne et Toulouse, de 14h \u00e0 19h.<\/p>\n<p class=\" wall-content\">Suivez toute l\u2019actualit\u00e9 de vos villes et m\u00e9dias favoris en vous inscrivant \u00e0 <a href=\"https:\/\/moncompte.actu.fr\" title=\"D\u00e9couvez Mon Actu\" rel=\"nofollow noopener\" data-trk=\"{&quot;cta&quot;:{&quot;action&quot;:&quot;https:\\\/\\\/moncompte.actu.fr&quot;,&quot;category&quot;:&quot;mon compte&quot;,&quot;from&quot;:&quot;article footer&quot;,&quot;name&quot;:&quot;Mon actu&quot;,&quot;type&quot;:&quot;cta&quot;}}\" target=\"_blank\">Mon Actu<\/a>.<\/p>\n","protected":false},"excerpt":{"rendered":"Par R\u00e9daction Paris Publi\u00e9 le 29 avr. 2025 \u00e0 11h31 Franciliens et Parisiens qui n\u2019iront pas manifester vont&hellip;\n","protected":false},"author":2,"featured_media":61523,"comment_status":"","ping_status":"","sticky":false,"template":"","format":"standard","meta":{"footnotes":""},"categories":[1888],"tags":[1111,1928,11,1927,6427,3542,1777,674,1011,27,12,1926,626,1925,25,104],"class_list":{"0":"post-61522","1":"post","2":"type-post","3":"status-publish","4":"format-standard","5":"has-post-thumbnail","7":"category-paris","8":"tag-actu","9":"tag-actu-paris","10":"tag-actualites","11":"tag-actualites-paris","12":"tag-bison-fute","13":"tag-circulation","14":"tag-eu","15":"tag-europe","16":"tag-fr","17":"tag-france","18":"tag-news","19":"tag-news-paris","20":"tag-paris","21":"tag-paris-news","22":"tag-republique-francaise","23":"tag-societe"},"share_on_mastodon":{"url":"","error":""},"_links":{"self":[{"href":"https:\/\/www.europesays.com\/fr\/wp-json\/wp\/v2\/posts\/61522","targetHints":{"allow":["GET"]}}],"collection":[{"href":"https:\/\/www.europesays.com\/fr\/wp-json\/wp\/v2\/posts"}],"about":[{"href":"https:\/\/www.europesays.com\/fr\/wp-json\/wp\/v2\/types\/post"}],"author":[{"embeddable":true,"href":"https:\/\/www.europesays.com\/fr\/wp-json\/wp\/v2\/users\/2"}],"replies":[{"embeddable":true,"href":"https:\/\/www.europesays.com\/fr\/wp-json\/wp\/v2\/comments?post=61522"}],"version-history":[{"count":0,"href":"https:\/\/www.europesays.com\/fr\/wp-json\/wp\/v2\/posts\/61522\/revisions"}],"wp:featuredmedia":[{"embeddable":true,"href":"https:\/\/www.europesays.com\/fr\/wp-json\/wp\/v2\/media\/61523"}],"wp:attachment":[{"href":"https:\/\/www.europesays.com\/fr\/wp-json\/wp\/v2\/media?parent=61522"}],"wp:term":[{"taxonomy":"category","embeddable":true,"href":"https:\/\/www.europesays.com\/fr\/wp-json\/wp\/v2\/categories?post=61522"},{"taxonomy":"post_tag","embeddable":true,"href":"https:\/\/www.europesays.com\/fr\/wp-json\/wp\/v2\/tags?post=61522"}],"curies":[{"name":"wp","href":"https:\/\/api.w.org\/{rel}","templated":true}]}}