{"id":615223,"date":"2025-12-22T06:04:16","date_gmt":"2025-12-22T06:04:16","guid":{"rendered":"https:\/\/www.europesays.com\/fr\/615223\/"},"modified":"2025-12-22T06:04:16","modified_gmt":"2025-12-22T06:04:16","slug":"ce-titre-peut-mapporter-de-la-confiance","status":"publish","type":"post","link":"https:\/\/www.europesays.com\/fr\/615223\/","title":{"rendered":"\u00ab Ce titre peut m&rsquo;apporter de la confiance \u00bb"},"content":{"rendered":"<p>                    Par<br \/>\n        <strong><br \/>\n            <a href=\"https:\/\/actu.fr\/auteur\/a-gotthold\" title=\"Consulter tous les articles de Alexis Gotthold\" target=\"_blank\" rel=\"noopener\">Alexis Gotthold<\/a><br \/>\n                    <\/strong><\/p>\n<p>        Publi\u00e9 le<\/p>\n<p>            21 d\u00e9c. 2025 \u00e0 15h26        <\/p>\n<p>Revenue d\u2019une ann\u00e9e enti\u00e8re <b>sans jouer<\/b>, la pivot <a href=\"https:\/\/actu.fr\/sports\/basket\/basket-le-bc-hague-vise-le-top-4-en-nationale-3-feminine-cette-saison_63067576.html\" target=\"_blank\" rel=\"noopener\">du BC Hague<\/a> (Manche) Camille Godmuse a remport\u00e9 notre <b>Troph\u00e9e du meilleur espoir<\/b> pour <b>l\u2019ann\u00e9e 2025<\/b>, au terme d\u2019une finale qui a rassembl\u00e9 plus de 2\u2009500 suffrages face \u00e0 <a href=\"https:\/\/actu.fr\/normandie\/digosville_50162\/cyclo-cross-pauline-bramoulle-affiche-ses-ambitions-avant-la-coupe-de-france_63569074.html\" target=\"_blank\" rel=\"noopener\">Pauline Bramoull\u00e9<\/a> (cyclo-cross).<\/p>\n<p class=\" wall-content\">\u00c0 19\u00a0ans, elle est devenue un <b>membre incontournable <\/b>de l\u2019\u00e9quipe d\u2019<a href=\"https:\/\/actu.fr\/normandie\/la-hague_50041\/basket-nationale-3-feminine-alex-zazzi-nouveau-coach-du-bc-hague_61222165.html\" target=\"_blank\" rel=\"noopener\">Alex Zazzi <\/a>en <b>Nationale 3<\/b>, garnissant r\u00e9guli\u00e8rement ses <b>lignes de statistiques<\/b>.<\/p>\n<p class=\"ac-article-content__question wall-content\">Comment r\u00e9agissez-vous \u00e0 votre victoire pour le Troph\u00e9e du meilleur espoir de La Presse de la Manche 2025\u2009?<\/p>\n<p class=\" wall-content\">Je suis contente, pour moi et pour le BC Hague\u2009! Il y a des gens que je ne connais pas qui ont vot\u00e9 pour moi, ce qui veut dire qu\u2019ils ont estim\u00e9 que j\u2019avais fait une bonne ann\u00e9e sportive. En plus, je suis dans un sport collectif, quand beaucoup d\u2019autres avaient des titres qui parlent peut-\u00eatre plus.<\/p>\n<p>\u00ab\u2009Ce sont les filles de l\u2019\u00e9quipe qui m\u2019ont appris ma nomination\u2009\u00bb<\/p>\n<p class=\"ac-article-content__question wall-content\">Comment avez-vous v\u00e9cu votre nomination\u2009?<\/p>\n<p class=\" wall-content\">Au d\u00e9but, j\u2019ai \u00e9t\u00e9 surprise, ce sont les filles de l\u2019\u00e9quipe qui me l\u2019ont appris en me montrant le journal. Je ne m\u2019y attendais pas du tout, parce qu\u2019en plus j\u2019ai \u00e9t\u00e9 bless\u00e9e une partie de l\u2019ann\u00e9e. Je m\u2019\u00e9tais fait les ligaments crois\u00e9s du genou droit en mars\u00a02024, au cours d\u2019un match, et je n\u2019ai repris qu\u2019en mars.<\/p>\n<p class=\"ac-article-content__question wall-content\">Quelle strat\u00e9gie avez-vous mise en place pour aller au bout\u2009?<\/p>\n<p class=\" wall-content\">Au d\u00e9part, je ne voulais pas perdre au premier tour, et au fur et \u00e0 mesure, j\u2019ai eu envie de gagner\u2009! Chaque tour se passait bien et, pour la finale, j\u2019avais vraiment envie de l\u2019emporter. \u00c7a a march\u00e9\u2009! J\u2019ai mobilis\u00e9 mes contacts, mes amis. Dans ma famille, ils ont aussi demand\u00e9 aux gens qu\u2019ils connaissaient, et les filles de l\u2019\u00e9quipe ont aussi demand\u00e9 \u00e0 leurs coll\u00e8gues de voter.<\/p>\n<p>    <a href=\"https:\/\/www.facebook.com\/plugins\/post.php?href=https%3A%2F%2Fwww.facebook.com%2Flapressedelamanchesport%2Fposts%2Fpfbid0vMHGV2UyL2UpSKpxE97VJUw6ko77Moay6eGcRSnx7GNLM5jLzbbjtL2Lnr6Mxoxal&amp;show_text=true&amp;width=350\" title=\"Ouvrie le lien\" target=\"_blank\" rel=\"noopener\">Cliquez ici pour visualiser le contenu<\/a><\/p>\n<p class=\"ac-article-content__question wall-content\">Qu\u2019est-ce que peut changer ce troph\u00e9e pour vous\u2009?<\/p>\n<p class=\" wall-content\">Ce titre peut m\u2019apporter de la confiance, me faire dire en match que je suis \u00e0 ma place, m\u00eame si je sais que mes co\u00e9quipi\u00e8res ont confiance en moi.<\/p>\n<p>\u00ab\u2009J\u2019ai commenc\u00e9 le basket \u00e0 4\u00a0ans \u00e0 Urville et je n\u2019ai jamais quitt\u00e9 le club\u2009!\u2009\u00bb<\/p>\n<p class=\"ac-article-content__question wall-content\">C\u2019est aussi la victoire d\u2019une sportive 100\u2009% Nord-Cotentin\u2009!<\/p>\n<p class=\" wall-content\">Je suis n\u00e9e \u00e0 <a href=\"https:\/\/actu.fr\/normandie\/cherbourg-en-cotentin_50129\" target=\"_blank\" rel=\"noopener\">Cherbourg<\/a> et j\u2019ai commenc\u00e9 le basket \u00e0 <a href=\"https:\/\/actu.fr\/normandie\/urville-nacqueville_50611\" target=\"_blank\" rel=\"noopener\">Urville <\/a>quand j\u2019avais 4\u00a0ans, et je n\u2019ai plus jamais quitt\u00e9 le club depuis. J\u2019ai tout appris ici. En jeunes, on avait une bonne \u00e9quipe donc il y a toujours eu un bon niveau pour progresser, ce qui m\u2019a aid\u00e9.<\/p>\n<p>Votre r\u00e9gion, votre actu !<\/p>\n<p>Recevez chaque jour les infos qui comptent pour vous.<\/p>\n<p>\t<a href=\"https:\/\/actu.fr\/newsletter\" class=\"ac-btn ac-btn--corner ac-btn--medium ac-btn--blue800\" target=\"_blank\" rel=\"noopener\">S&rsquo;incrire<\/a><\/p>\n<p class=\"ac-article-content__question wall-content\">Pourquoi avoir choisi le basket\u2009?<\/p>\n<p class=\" wall-content\">Je suis issue d\u2019une famille de basketteurs. Mes tatas Alice et Anne-Claire N\u00e9e jouent au basket, et j\u2019ai voulu faire comme elles. Mon tonton joue aussi, mon fr\u00e8re \u00e9volue \u00e0 l\u2019UST\u2026<\/p>\n<p class=\"ac-article-content__question wall-content\">\u00c0 quel moment avez-vous tap\u00e9 \u00e0 la porte de l\u2019\u00e9quipe premi\u00e8re\u2009?<\/p>\n<p class=\" wall-content\">C\u2019\u00e9tait \u00e0 mes 15\u00a0ans. En premi\u00e8re ann\u00e9e de U18, on nous a fait faire un surclassement pour pouvoir faire la pr\u00e9paration avec les seniors et potentiellement effectuer quelques matches avec la deuxi\u00e8me \u00e9quipe, mais avec les blessures je me suis retrouv\u00e9e \u00e0 faire mon premier match de N3 \u00e0 mes 15\u00a0ans, \u00e0 <a href=\"https:\/\/actu.fr\/paris\/\" target=\"_blank\" rel=\"noopener\">Paris<\/a>.<\/p>\n<p class=\"ac-article-content__question wall-content\">Et depuis\u2009?<\/p>\n<p class=\" wall-content\">Cela a \u00e9t\u00e9 progressif. Au d\u00e9but, je ne jouais pas beaucoup, trois-quatre minutes par-ci, par-l\u00e0, pour d\u00e9panner et permettre aux int\u00e9rieures de souffler, mais l\u2019ann\u00e9e d\u2019apr\u00e8s, j\u2019avais d\u00e9j\u00e0 eu plus de temps de jeu, jusqu\u2019\u00e0 maintenant o\u00f9 vu qu\u2019il n\u2019y a plus Morgane Rouzic, je joue beaucoup plus, je fais vraiment partie de l\u2019\u00e9quipe premi\u00e8re. Je n\u2019ai plus les U18 depuis mon retour de blessure.<\/p>\n<p>\u00ab\u2009Je sais que je ne veux pas faire du basket mon m\u00e9tier\u2009\u00bb<\/p>\n<p class=\"ac-article-content__question wall-content\">Des joueuses vous ont-elles particuli\u00e8rement aid\u00e9 dans votre d\u00e9veloppement\u2009?<\/p>\n<p class=\" wall-content\">Oui, je pense \u00e0 Morgane, notamment \u00e0 partir du moment o\u00f9 j\u2019ai int\u00e9gr\u00e9 le groupe seniors. C\u2019est une int\u00e9rieure avec beaucoup plus d\u2019exp\u00e9rience que moi, elle m\u2019apprenait des trucs. Mes tatas m\u2019ont toujours pouss\u00e9e \u00e0 jouer, donn\u00e9 des petits conseils parce qu\u2019elles aussi jouent au m\u00eame poste que moi.<\/p>\n<p class=\"ac-article-content__question wall-content\">Comment jugez-vous votre saison jusque-l\u00e0\u2009?<\/p>\n<p class=\" wall-content\">Ce que je fais, c\u2019est bien, je marque pas mal, j\u2019aide l\u2019\u00e9quipe m\u00eame si c\u2019est compliqu\u00e9 puisqu\u2019on pourrait avoir de meilleurs r\u00e9sultats. On reste en milieu de tableau, donc \u00e7a va.<\/p>\n<p>Classement<\/p>\n<p>1. Camille Godmuse (basket)<br \/>&#13;<br \/>\n2. Pauline Bramoull\u00e9 (cyclo-cross)<br \/>&#13;<br \/>\n3. Juliette Hannot (athl\u00e9tisme)<br \/>&#13;<br \/>\n4. Romane Morel (tennis)<br \/>&#13;<br \/>\n5. Olivia Jeanne (course \u00e0 pied)<br \/>&#13;<br \/>\n6. Guillaume Adam (cyclisme)<br \/>&#13;<br \/>\n7. L\u00e9o Grisel (VTT)<br \/>&#13;<br \/>\n8. Isaac Saillard (handball)<br \/>&#13;<br \/>\n9. Tom Brunet (moto)<br \/>&#13;<br \/>\n10. Jean-Loup Francis (funboard)<br \/>&#13;<br \/>\n11. Jeanne Chuquet (athl\u00e9tisme)<br \/>&#13;<br \/>\n12. Svanilde Dromain (gymnastique)<br \/>&#13;<br \/>\n13. Marin Lan\u00e9e (cano\u00eb-kayak)<br \/>&#13;<br \/>\n14. M\u00e9line Leblond (tir)<br \/>&#13;<br \/>\n15. Lucien Herland (skateboard)<br \/>&#13;<br \/>\n16. Mohamed Hafid (football)<\/p>\n<p class=\"ac-article-content__question wall-content\">Comment voyez-vous votre avenir dans le basket\u2009?<\/p>\n<p class=\" wall-content\">Je sais que je ne veux pas en faire mon m\u00e9tier. Je suis \u00e9tudiante \u00e0 la facult\u00e9 de <a href=\"https:\/\/actu.fr\/normandie\/caen_14118\" target=\"_blank\" rel=\"noopener\">Caen<\/a> (Calvados), en math\u00e9matiques, et j\u2019aimerais devenir professeure. Niveau basket, je suis bien \u00e0 Urville en N3, et si un jour on monte en N2, je me verrais bien rester avec les filles. Si une \u00e9quipe de N2 me propose un challenge, pourquoi pas dire oui.<\/p>\n<p class=\"ac-article-content__question wall-content\">Que peut-on vous souhaiter pour 2026\u2009?<\/p>\n<p class=\" wall-content\">Continuer de progresser, de prendre encore plus confiance en moi dans ce que je fais, supporter l\u2019\u00e9quipe et participer aux matches le dimanche\u2009! Et ce serait bien de monter un peu dans le classement\u2026<\/p>\n<p>Le Troph\u00e9e des espoirs 2025 a cumul\u00e9 un total de 13\u2009942 votes sur les 15 confrontations, soit une moyenne de pr\u00e8s de 930 votes par match. C\u2019est la finale qui a rassembl\u00e9 le plus de suffrages, avec 2\u2009530 votes, un record.<\/p>\n<p class=\" wall-content\">Personnalisez votre actualit\u00e9 en ajoutant vos villes et m\u00e9dias en favori avec <a href=\"https:\/\/moncompte.actu.fr\" title=\"D\u00e9couvez Mon Actu\" rel=\"nofollow noopener\" data-trk=\"{&quot;cta&quot;:{&quot;action&quot;:&quot;https:\\\/\\\/moncompte.actu.fr&quot;,&quot;category&quot;:&quot;mon compte&quot;,&quot;from&quot;:&quot;article footer&quot;,&quot;name&quot;:&quot;Mon actu&quot;,&quot;type&quot;:&quot;cta&quot;}}\" target=\"_blank\">Mon Actu<\/a>.<\/p>\n","protected":false},"excerpt":{"rendered":"Par Alexis Gotthold Publi\u00e9 le 21 d\u00e9c. 2025 \u00e0 15h26 Revenue d\u2019une ann\u00e9e enti\u00e8re sans jouer, la pivot&hellip;\n","protected":false},"author":2,"featured_media":615224,"comment_status":"","ping_status":"","sticky":false,"template":"","format":"standard","meta":{"footnotes":""},"categories":[1411],"tags":[1465,3168,1154,207,1011,27,60],"class_list":{"0":"post-615223","1":"post","2":"type-post","3":"status-publish","4":"format-standard","5":"has-post-thumbnail","7":"category-cyclisme","8":"tag-basket","9":"tag-cotentin","10":"tag-cycling","11":"tag-cyclisme","12":"tag-fr","13":"tag-france","14":"tag-sports"},"share_on_mastodon":{"url":"https:\/\/pubeurope.com\/@fr\/115761713233184777","error":""},"_links":{"self":[{"href":"https:\/\/www.europesays.com\/fr\/wp-json\/wp\/v2\/posts\/615223","targetHints":{"allow":["GET"]}}],"collection":[{"href":"https:\/\/www.europesays.com\/fr\/wp-json\/wp\/v2\/posts"}],"about":[{"href":"https:\/\/www.europesays.com\/fr\/wp-json\/wp\/v2\/types\/post"}],"author":[{"embeddable":true,"href":"https:\/\/www.europesays.com\/fr\/wp-json\/wp\/v2\/users\/2"}],"replies":[{"embeddable":true,"href":"https:\/\/www.europesays.com\/fr\/wp-json\/wp\/v2\/comments?post=615223"}],"version-history":[{"count":0,"href":"https:\/\/www.europesays.com\/fr\/wp-json\/wp\/v2\/posts\/615223\/revisions"}],"wp:featuredmedia":[{"embeddable":true,"href":"https:\/\/www.europesays.com\/fr\/wp-json\/wp\/v2\/media\/615224"}],"wp:attachment":[{"href":"https:\/\/www.europesays.com\/fr\/wp-json\/wp\/v2\/media?parent=615223"}],"wp:term":[{"taxonomy":"category","embeddable":true,"href":"https:\/\/www.europesays.com\/fr\/wp-json\/wp\/v2\/categories?post=615223"},{"taxonomy":"post_tag","embeddable":true,"href":"https:\/\/www.europesays.com\/fr\/wp-json\/wp\/v2\/tags?post=615223"}],"curies":[{"name":"wp","href":"https:\/\/api.w.org\/{rel}","templated":true}]}}