{"id":615227,"date":"2025-12-22T06:06:11","date_gmt":"2025-12-22T06:06:11","guid":{"rendered":"https:\/\/www.europesays.com\/fr\/615227\/"},"modified":"2025-12-22T06:06:11","modified_gmt":"2025-12-22T06:06:11","slug":"muriel-robin-et-anne-le-nen-cette-decision-radicale-et-ce-rituel-discret-qui-ont-tout-change-dans-leur-couple","status":"publish","type":"post","link":"https:\/\/www.europesays.com\/fr\/615227\/","title":{"rendered":"Muriel Robin et Anne Le Nen : cette d\u00e9cision radicale et ce rituel discret qui ont tout chang\u00e9 dans leur couple"},"content":{"rendered":"<p>Invit\u00e9e de Quelle \u00e9poque ! le 20 d\u00e9cembre<br \/>\n2025 sur France 2, Muriel Robin a livr\u00e9 de rares confidences sur<br \/>\nson couple avec Anne Le Nen. Derri\u00e8re leurs vingt ans d\u2019amour, des<br \/>\nd\u00e9cisions \u00e9tonnantes et un rituel touchant intriguent le<br \/>\npublic.<\/p>\n<p>Sur un plateau t\u00e9l\u00e9 le samedi 20 d\u00e9cembre 2025, <strong>Muriel<br \/>\nRobin<\/strong> n\u00a0\u00bbest pas seulement venue parler de son film La<br \/>\npire m\u00e8re au monde, attendu au cin\u00e9ma le 24 d\u00e9cembre. Face \u00e0<br \/>\nL\u00e9a Salam\u00e9, l&rsquo;humoriste de 70 ans a surtout ouvert une fen\u00eatre rare<br \/>\nsur son histoire d&rsquo;amour avec <strong>Anne Le Nen<\/strong>, sa<br \/>\nfemme depuis 2021 et sa compagne depuis plus de vingt ans. Un<br \/>\ncouple qui, loin du clich\u00e9 du bonheur facile, s&rsquo;est construit sur<br \/>\ndes choix tr\u00e8s conscients.<\/p>\n<p>Tout est parti d&rsquo;une question directe de L\u00e9a Salam\u00e9 : \u00ab\u00a0En<br \/>\nparlant d\u2019amour, on est oblig\u00e9 de vous poser la question : 20 ans<br \/>\nd\u2019amour, une femme toujours aussi amoureuse mais comment vous<br \/>\nfaites ?\u00a0\u00bb, lui a demand\u00e9 la journaliste. <strong>Muriel<br \/>\nRobin<\/strong> a r\u00e9pondu sans d\u00e9tour : \u00ab\u00a0On parle beaucoup, on n\u2019est<br \/>\npas parties tout de suite \u00e0 la premi\u00e8re dispute, et puis on fait en<br \/>\nsorte que la relation soit de plus en plus int\u00e9ressante,\u00a0\u00bb a<br \/>\nexpliqu\u00e9 la com\u00e9dienne dans l&rsquo;\u00e9mission Quelle \u00e9poque ! sur<br \/>\nFrance 2, avant d&rsquo;ajouter : \u00ab\u00a0c\u2019est vrai qu\u2019on prend des d\u00e9cisions,<br \/>\non prend la d\u00e9cision de ne pas se disputer par exemple.\u00a0\u00bb Vingt ans<br \/>\napr\u00e8s, elle affirme qu&rsquo;elles n&rsquo;ont plus envie que leur relation<br \/>\ns&rsquo;arr\u00eate.<\/p>\n<p>Vingt ans de couple pour Muriel Robin et Anne Le<br \/>\nNen<\/p>\n<p>Avant cette s\u00e9r\u00e9nit\u00e9 affich\u00e9e, le chemin n&rsquo;a pas \u00e9t\u00e9 lin\u00e9aire.<br \/>\n<strong>Muriel Robin<\/strong> a d\u00e9j\u00e0 racont\u00e9 qu&rsquo;au moment o\u00f9 elle<br \/>\nrencontre <strong>Anne Le Nen<\/strong>, elle traverse une p\u00e9riode<br \/>\ncompliqu\u00e9e : \u00ab\u00a0Franchement, je n&rsquo;\u00e9tais pas fr\u00e9quentable&#8230; Ce<br \/>\nn&rsquo;\u00e9tait pas terrible. Je n&rsquo;\u00e9tais pas bien\u00a0\u00bb, reconna\u00eet-elle. M\u00eame si<br \/>\nelle avait commenc\u00e9 un travail sur elle, sa future \u00e9pouse pose<br \/>\nalors un cadre tr\u00e8s clair en lui disant : \u00ab\u00a0[Anne Le Nen] m\u2019a dit :<br \/>\n&lsquo;Si tu veux te d\u00e9truire, vas-y, mais moi je ne peux pas regarder<br \/>\nquelqu&rsquo;un que j\u2019aime se d\u00e9truire'\u00a0\u00bb.<\/p>\n<p>Cette phrase marque un tournant : il y aura de l&rsquo;amour, mais pas<br \/>\nau prix de l&rsquo;autodestruction. Peu \u00e0 peu, les deux femmes b\u00e2tissent<br \/>\nune relation plus apais\u00e9e, qui s&rsquo;inscrit dans la dur\u00e9e.<br \/>\nAujourd&rsquo;hui, elles vivent ensemble depuis plus de vingt ans, se<br \/>\nsont mari\u00e9es en 2021 et <strong>Muriel Robin<\/strong>, qui a f\u00eat\u00e9<br \/>\nses 70 ans en ao\u00fbt 2025, parle d&rsquo;un couple qui continue \u00e0 se<br \/>\ntransformer avec le temps plut\u00f4t que de s&rsquo;essouffler.<\/p>\n<p>Les d\u00e9cisions de couple qui font durer<br \/>\nl&rsquo;amour<\/p>\n<p>Sur le plateau, l&rsquo;humoriste insiste sur ce c\u00f4t\u00e9 volontaire. Pour<br \/>\nelle, un couple ne repose pas seulement sur les sentiments, mais<br \/>\naussi sur des choix tr\u00e8s concrets faits ensemble. Parmi ces<br \/>\nd\u00e9cisions, elle \u00e9voque par exemple :<\/p>\n<ul>\n<li>le fait de beaucoup parler, m\u00eame quand quelque chose ne va pas<br \/>\n;<\/li>\n<li>l&rsquo;id\u00e9e de ne pas partir au premier conflit ;<\/li>\n<li>la volont\u00e9 de rendre la relation toujours plus<br \/>\nint\u00e9ressante.<\/li>\n<\/ul>\n<p>Cette id\u00e9e de choix se retrouve dans une autre formule qu&rsquo;elle<br \/>\naime employer : \u00ab\u00a0Les choses on peut les d\u00e9cider en fait\u00a0\u00bb. Elle va<br \/>\nm\u00eame plus loin en expliquant : \u00ab\u00a0je crois qu&rsquo;on peut d\u00e9cider de se<br \/>\nfaire une vie meilleure et d&rsquo;\u00eatre meilleur soi-m\u00eame. Et on y<br \/>\narrive, du coup \u00e7a devient tr\u00e8s tr\u00e8s int\u00e9ressant et tr\u00e8s agr\u00e9able<br \/>\net la relation on n&rsquo;a pas du tout envie qu&rsquo;elle s&rsquo;arr\u00eate car elle<br \/>\nest de plus en plus int\u00e9ressante et de plus en plus riche.\u00a0\u00bb En<br \/>\nsouriant, elle ajoute aussi cette projection pleine d&rsquo;humour :<br \/>\n\u00ab\u00a0comme on est tr\u00e8s jeunes je pense que c&rsquo;est parti encore pour 60<br \/>\nou 70 ans.\u00a0\u00bb<\/p>\n<p>Go\u00fbter et petits mots : les<br \/>\nrituels de Muriel Robin et Anne Le Nen<\/p>\n<p>Assise aux c\u00f4t\u00e9s de <strong>Muriel Robin<\/strong>, Louise<br \/>\nBourgoin a tenu \u00e0 souligner le r\u00f4le des petites attentions dans<br \/>\ncette histoire. Sur le plateau, l&rsquo;actrice glisse ainsi : \u00ab\u00a0il y a<br \/>\nles petits mots aussi, c\u2019est touchant\u00a0\u00bb. L&rsquo;humoriste rebondit alors<br \/>\navec autod\u00e9rision : \u00ab\u00a0Vous avez le droit de rire, mais Anne me<br \/>\npr\u00e9pare mon go\u00fbter,\u00a0\u00bb avant de pr\u00e9ciser que chaque go\u00fbter pr\u00e9par\u00e9<br \/>\npar <strong>Anne Le Nen<\/strong> s&rsquo;accompagne d&rsquo;un petit mot<br \/>\nd&rsquo;amour \u00e9crit \u00e0 la main.<\/p>\n<p>Ce d\u00e9tail du go\u00fbter en dit long sur la mani\u00e8re dont le couple<br \/>\nentretient la flamme au quotidien. Pour les deux femmes, ces petits<br \/>\ngestes r\u00e9p\u00e9t\u00e9s rendent leur histoire plus riche, plus agr\u00e9able, et<br \/>\ndonnent \u00e0 leur vie commune une saveur qui, visiblement, donne envie<br \/>\nde continuer encore longtemps.<\/p>\n","protected":false},"excerpt":{"rendered":"Invit\u00e9e de Quelle \u00e9poque ! le 20 d\u00e9cembre 2025 sur France 2, Muriel Robin a livr\u00e9 de rares&hellip;\n","protected":false},"author":2,"featured_media":615228,"comment_status":"","ping_status":"","sticky":false,"template":"","format":"standard","meta":{"footnotes":""},"categories":[1359],"tags":[1376,1000,1193,58,59,1011,27,594,973,252],"class_list":{"0":"post-615227","1":"post","2":"type-post","3":"status-publish","4":"format-standard","5":"has-post-thumbnail","7":"category-people","8":"tag-amour","9":"tag-celebrites","10":"tag-couple","11":"tag-divertissement","12":"tag-entertainment","13":"tag-fr","14":"tag-france","15":"tag-france-2","16":"tag-people","17":"tag-television"},"share_on_mastodon":{"url":"https:\/\/pubeurope.com\/@fr\/115761721069163839","error":""},"_links":{"self":[{"href":"https:\/\/www.europesays.com\/fr\/wp-json\/wp\/v2\/posts\/615227","targetHints":{"allow":["GET"]}}],"collection":[{"href":"https:\/\/www.europesays.com\/fr\/wp-json\/wp\/v2\/posts"}],"about":[{"href":"https:\/\/www.europesays.com\/fr\/wp-json\/wp\/v2\/types\/post"}],"author":[{"embeddable":true,"href":"https:\/\/www.europesays.com\/fr\/wp-json\/wp\/v2\/users\/2"}],"replies":[{"embeddable":true,"href":"https:\/\/www.europesays.com\/fr\/wp-json\/wp\/v2\/comments?post=615227"}],"version-history":[{"count":0,"href":"https:\/\/www.europesays.com\/fr\/wp-json\/wp\/v2\/posts\/615227\/revisions"}],"wp:featuredmedia":[{"embeddable":true,"href":"https:\/\/www.europesays.com\/fr\/wp-json\/wp\/v2\/media\/615228"}],"wp:attachment":[{"href":"https:\/\/www.europesays.com\/fr\/wp-json\/wp\/v2\/media?parent=615227"}],"wp:term":[{"taxonomy":"category","embeddable":true,"href":"https:\/\/www.europesays.com\/fr\/wp-json\/wp\/v2\/categories?post=615227"},{"taxonomy":"post_tag","embeddable":true,"href":"https:\/\/www.europesays.com\/fr\/wp-json\/wp\/v2\/tags?post=615227"}],"curies":[{"name":"wp","href":"https:\/\/api.w.org\/{rel}","templated":true}]}}