{"id":615229,"date":"2025-12-22T06:09:15","date_gmt":"2025-12-22T06:09:15","guid":{"rendered":"https:\/\/www.europesays.com\/fr\/615229\/"},"modified":"2025-12-22T06:09:15","modified_gmt":"2025-12-22T06:09:15","slug":"tu-transpires-larrogance-et-le-narcissisme","status":"publish","type":"post","link":"https:\/\/www.europesays.com\/fr\/615229\/","title":{"rendered":"tu transpires l\u2019arrogance et le narcissisme"},"content":{"rendered":"<p>Le conseil de classe de TBT9, diffus\u00e9 le 18 d\u00e9cembre, a<br \/>\nune nouvelle fois confirm\u00e9 sa r\u00e9putation d\u2019exercice redout\u00e9. Pens\u00e9<br \/>\ncomme un <strong>moment de v\u00e9rit\u00e9<\/strong>, ce passage oblig\u00e9<br \/>\nexpose les chroniqueurs \u00e0 des jugements sans filtre, souvent<br \/>\nteint\u00e9s d\u2019ironie, parfois d\u2019une r\u00e9elle duret\u00e9. Cette \u00e9dition s\u2019est<br \/>\nr\u00e9v\u00e9l\u00e9e particuli\u00e8rement <strong>d\u00e9licate pour Matthieu<br \/>\nDelormeau<\/strong>, dont le retour \u00e0 l\u2019antenne apr\u00e8s une chute tr\u00e8s<br \/>\nm\u00e9diatis\u00e9e a servi de point de d\u00e9part \u00e0 une s\u00e9rie de critiques<br \/>\nappuy\u00e9es.<\/p>\n<p>Conscient d\u2019entrer sur un terrain glissant, le chroniqueur a<br \/>\ntent\u00e9 de <strong>d\u00e9samorcer les attaques<\/strong> avant m\u00eame<br \/>\nqu\u2019elles ne surgissent. Dans une intervention presque solennelle,<br \/>\nil a lanc\u00e9 : \u00ab\u00a0Un mot tr\u00e8s court. Ne voyez pas celui qui a \u00e9t\u00e9<br \/>\n6-7 fois meilleur chroniqueur. Ne soyez pas\u2026 Soyez libres.\u00a0\u00bb<br \/>\nUne phrase qui sonne comme une demande de recul, invitant ses<br \/>\ncoll\u00e8gues \u00e0 <strong>juger l\u2019homme du pr\u00e9sent<\/strong> plut\u00f4t que la<br \/>\nfigure pass\u00e9e du programme.<\/p>\n<p>Matthieu Delormeau confront\u00e9 au jugement de Cyril Hanouna<\/p>\n<p>Mais l\u2019initiative n\u2019a <strong>pas infl\u00e9chi la<br \/>\ndynamiqu<\/strong>e. Aux commandes de la s\u00e9quence, <a href=\"https:\/\/www.mariefrance.fr\/tele\/matthieu-delormeau-reapparait-meconnaissable-coquard-bleus-plateau-cyril-hanouna-fait-peur-1228302.html\" target=\"_blank\" rel=\"noopener\"><br \/>\nCyril Hanouna a rapidement fix\u00e9 un cadre<\/a> beaucoup plus s\u00e9v\u00e8re.<br \/>\nS\u2019appuyant sur l\u2019image r\u00e9cente de Matthieu Delormeau, encore marqu\u00e9<br \/>\nphysiquement, il a impos\u00e9 une lecture sans indulgence. \u00ab\u00a0Ne<br \/>\nvoyez pas en Mathieu celui qui a \u00e9t\u00e9 avant meilleur chroniqueur.<br \/>\nVoyez le nouveau Mathieu\u2026 le tolard. <strong>Voyez Mathieu le<br \/>\nfragile<\/strong>.\u00a0\u00bb Une mani\u00e8re de signifier que, pour lui,<br \/>\nquelque chose s\u2019est d\u00e9finitivement d\u00e9plac\u00e9.<\/p>\n<p>Dans ce climat, les autres chroniqueurs ont <strong>encha\u00een\u00e9 les<br \/>\nprises de parole<\/strong>, souvent incisives. Olivier Dartigolles a<br \/>\nchoisi la r\u00e9f\u00e9rence litt\u00e9raire pour r\u00e9sumer la situation, l\u00e2chant :<br \/>\n\u00ab\u00a0Delormeau comme le comte de Monte-Cristo a connu le<br \/>\ncachot.\u00a0\u00bb Derri\u00e8re la formule, l\u2019<strong>id\u00e9e d\u2019un retour<br \/>\ncompliqu\u00e9<\/strong> et d\u2019une r\u00e9putation \u00e9corn\u00e9e s\u2019impose, sans<br \/>\nv\u00e9ritable contrepoids.<\/p>\n<p><img loading=\"lazy\" decoding=\"async\" aria-describedby=\"caption-attachment-1228766\" itemprop=\"thumbnailUrl\" class=\"wp-image-1228766 img-responsive size-full\" src=\"https:\/\/www.europesays.com\/fr\/wp-content\/uploads\/2025\/12\/1-58.jpg\" alt=\"Matthieu Delormeau\" width=\"1280\" height=\"720\"\/><br \/>\n\u00a9<br \/>\nW9<\/p>\n<p id=\"caption-attachment-1228766\" class=\"wp-caption-text\">Sous<br \/>\nl\u2019autorit\u00e9 de Cyril Hanouna, Matthieu Delormeau fait face \u00e0 un<br \/>\nregard s\u00e9v\u00e8re qui ent\u00e9rine son retour difficile sur le plateau<\/p>\n<p>Des jugements s\u00e9v\u00e8res adress\u00e9s \u00e0 Matthieu Delormeau<\/p>\n<p>L\u2019intervention de <a href=\"https:\/\/www.mariefrance.fr\/news-people\/danielle-moreau-devoile-montant-salaire-tpmp-lemission-sarrete-vais-faire-manche-1127780.html\" target=\"_blank\" rel=\"noopener\"><br \/>\nDanielle Moreau a marqu\u00e9 un tournant plus personnel<\/a>. Apr\u00e8s une<br \/>\n<strong>entr\u00e9e volontairement flatteuse<\/strong>, \u00e9voquant \u00ab\u00a0un<br \/>\nphysique avantageux, un humour ravageur, une intelligence au-dessus<br \/>\nde la moyenne\u00a0\u00bb, elle a brusquement chang\u00e9 de registre.<br \/>\n\u00ab\u00a0Oui, Mathieu, tu as tout pour toi, mais il te manque le<br \/>\nprincipal, la <strong>facult\u00e9 d\u2019\u00eatre heureux<\/strong>.\u00a0\u00bb La<br \/>\nsanction est imm\u00e9diate : 2 sur 10, assorti d\u2019une justification qui<br \/>\nse veut cinglante, \u00ab\u00a0le nombre de fois o\u00f9 tu m\u2019as dit bonjour<br \/>\ndepuis qu\u2019on se conna\u00eet.\u00a0\u00bb<\/p>\n<p>La critique la plus frontale est toutefois venue de la<br \/>\nchroniqueuse Nawarra. Sans d\u00e9tour, elle accuse Matthieu Delormeau<br \/>\nde \u00ab\u00a0<strong>transpirer l\u2019arrogance et le<br \/>\nnarcissisme<\/strong>\u00ab\u00a0. Elle enfonce le clou avec cette<br \/>\nremarque : \u00ab\u00a0Je vois que tout ce que tu critiques, tu finis par<br \/>\ntomber dedans.\u00a0\u00bb Si elle lui reconna\u00eet une fonction au sein de<br \/>\nl\u2019\u00e9mission, \u00ab\u00a0il faut bien un petit <strong>rigolo autour de la<br \/>\ntable<\/strong>\u00ab\u00a0, la note attribu\u00e9e reste implacable : 1 sur<br \/>\n10.<\/p>\n<p><img loading=\"lazy\" decoding=\"async\" aria-describedby=\"caption-attachment-1183353\" class=\"wp-image-1183353 img-responsive size-full\" src=\"https:\/\/www.europesays.com\/fr\/wp-content\/uploads\/2025\/12\/mathieu-delormeau.jpeg\" alt=\"Matthieu Delormeau\" width=\"1280\" height=\"720\"\/><br \/>\n\u00a9<br \/>\nDR<\/p>\n<p id=\"caption-attachment-1183353\" class=\"wp-caption-text\">Matthieu<br \/>\nDelormeau essuie des critiques personnelles appuy\u00e9es, ponctu\u00e9es de<br \/>\nnotes s\u00e9v\u00e8res et de reproches sans d\u00e9tour<\/p>\n<p>Le dernier mot de Matthieu Delormeau<br \/>\ndans le conseil de classe<\/p>\n<p>Face \u00e0 cette <strong>accumulation de jugements<\/strong>,<br \/>\n<a href=\"https:\/\/www.mariefrance.fr\/news-people\/matthieu-delormeau-voile-amant-acteur-beau-mondialement-connu-voulait-dire-gay-1228747.html\" target=\"_blank\" rel=\"noopener\"><br \/>\nMatthieu Delormeau tente alors une ultime d\u00e9fense<\/a>, en<br \/>\nbrandissant un argument central dans l\u2019univers t\u00e9l\u00e9visuel.<br \/>\n\u00ab\u00a0Sans moi, pas d\u2019audience.\u00a0\u00bb Une affirmation imm\u00e9diatement<br \/>\n<strong>contest\u00e9e par Cyril Hanouna<\/strong>, qui le reprend sans<br \/>\nm\u00e9nagement, refermant toute possibilit\u00e9 de r\u00e9\u00e9quilibrage du<br \/>\nd\u00e9bat.<\/p>\n<blockquote class=\"twitter-tweet\"><p><a class=\"twitter-link\" rel=\"noindex, nofollow noopener\" href=\"https:\/\/twitter.com\/mariefrancemag\/status\/1967893897058636254\" target=\"_blank\"><\/p><\/blockquote>\n<p>La s\u00e9quence se conclut sur une remarque \u00e0 la fois am\u00e8re et<br \/>\ncharg\u00e9e d\u2019ironie, \u00ab\u00a0Un homme brillant <strong>jug\u00e9 par des<br \/>\nminables<\/strong>\u00ab\u00a0, prononc\u00e9e par un chroniqueur visiblement<br \/>\ntouch\u00e9. Cette sortie finale r\u00e9sume l\u2019esprit du conseil de classe,<br \/>\nun exercice o\u00f9 la mise en sc\u00e8ne du jugement, souvent<br \/>\n<strong>teint\u00e9e de second degr\u00e9<\/strong>, laisse n\u00e9anmoins<br \/>\ntranspara\u00eetre la rudesse d\u2019un retour tr\u00e8s expos\u00e9.<\/p>\n<p><script async src=\"https:\/\/platform.twitter.com\/widgets.js\" charset=\"utf-8\"><\/script><\/p>\n","protected":false},"excerpt":{"rendered":"Le conseil de classe de TBT9, diffus\u00e9 le 18 d\u00e9cembre, a une nouvelle fois confirm\u00e9 sa r\u00e9putation d\u2019exercice&hellip;\n","protected":false},"author":2,"featured_media":615230,"comment_status":"","ping_status":"","sticky":false,"template":"","format":"standard","meta":{"footnotes":""},"categories":[1356],"tags":[21303,58,59,1011,27,252,1364],"class_list":{"0":"post-615229","1":"post","2":"type-post","3":"status-publish","4":"format-standard","5":"has-post-thumbnail","7":"category-television","8":"tag-buzz_nonli","9":"tag-divertissement","10":"tag-entertainment","11":"tag-fr","12":"tag-france","13":"tag-television","14":"tag-tv"},"share_on_mastodon":{"url":"https:\/\/pubeurope.com\/@fr\/115761733878618912","error":""},"_links":{"self":[{"href":"https:\/\/www.europesays.com\/fr\/wp-json\/wp\/v2\/posts\/615229","targetHints":{"allow":["GET"]}}],"collection":[{"href":"https:\/\/www.europesays.com\/fr\/wp-json\/wp\/v2\/posts"}],"about":[{"href":"https:\/\/www.europesays.com\/fr\/wp-json\/wp\/v2\/types\/post"}],"author":[{"embeddable":true,"href":"https:\/\/www.europesays.com\/fr\/wp-json\/wp\/v2\/users\/2"}],"replies":[{"embeddable":true,"href":"https:\/\/www.europesays.com\/fr\/wp-json\/wp\/v2\/comments?post=615229"}],"version-history":[{"count":0,"href":"https:\/\/www.europesays.com\/fr\/wp-json\/wp\/v2\/posts\/615229\/revisions"}],"wp:featuredmedia":[{"embeddable":true,"href":"https:\/\/www.europesays.com\/fr\/wp-json\/wp\/v2\/media\/615230"}],"wp:attachment":[{"href":"https:\/\/www.europesays.com\/fr\/wp-json\/wp\/v2\/media?parent=615229"}],"wp:term":[{"taxonomy":"category","embeddable":true,"href":"https:\/\/www.europesays.com\/fr\/wp-json\/wp\/v2\/categories?post=615229"},{"taxonomy":"post_tag","embeddable":true,"href":"https:\/\/www.europesays.com\/fr\/wp-json\/wp\/v2\/tags?post=615229"}],"curies":[{"name":"wp","href":"https:\/\/api.w.org\/{rel}","templated":true}]}}