{"id":615244,"date":"2025-12-22T06:19:14","date_gmt":"2025-12-22T06:19:14","guid":{"rendered":"https:\/\/www.europesays.com\/fr\/615244\/"},"modified":"2025-12-22T06:19:14","modified_gmt":"2025-12-22T06:19:14","slug":"englues-dans-des-affaires-de-corruption-les-socialistes-subissent-un-gros-revers","status":"publish","type":"post","link":"https:\/\/www.europesays.com\/fr\/615244\/","title":{"rendered":"Englu\u00e9s dans des affaires de corruption, les socialistes subissent un gros revers"},"content":{"rendered":"<p>En Espagne, les coups durs s\u2019accumulent pour le socialiste <a href=\"https:\/\/www.20minutes.fr\/monde\/espagne\/4157509-20250608-espagne-dizaines-milliers-manifestants-contre-gouvernement-pedro-sanchez-accuse-corruption\" target=\"_blank\" class=\"c-link c-link--is-underlined\" rel=\"nofollow noopener\">Pedro Sanchez<\/a>. Eclabouss\u00e9 par des scandales, le parti du Premier ministre a subi une d\u00e9route dimanche. Son adversaire, le Parti populaire (PP), a de nouveau remport\u00e9 une \u00e9lection r\u00e9gionale en Estr\u00e9madure, dans l\u2019ouest du pays. Et ce scrutin a \u00e9t\u00e9 marqu\u00e9 par une nouvelle progression de l\u2019extr\u00eame droite.<\/p>\n<p>Le PP a obtenu 43\u00a0% des voix, ce qui lui donnerait 29 si\u00e8ges sur les 65 que compte le parlement r\u00e9gional \u2013 contre 28 dans l\u2019assembl\u00e9e sortante \u2013, selon des r\u00e9sultats officiels portant sur 99\u00a0% des bulletins d\u00e9pouill\u00e9s. Cette performance laisse le parti conservateur \u00e0 nouveau d\u00e9pendant de la formation d\u2019extr\u00eame droite Vox pour diriger la r\u00e9gion. Vox a vu son nombre de si\u00e8ges passer de 5 \u00e0 11, avec pr\u00e8s de 17\u00a0% des voix.<\/p>\n<p>Une r\u00e9gion longtemps bastion des socialistes<\/p>\n<p>Les socialistes du PSOE perdent 14 points et 10 si\u00e8ges, avec moins de 26\u00a0% des suffrages, ne remportant plus que 18 si\u00e8ges dans une r\u00e9gion qui fut longtemps l\u2019un de leurs bastions, et qu\u2019ils ont dirig\u00e9e jusqu\u2019en\u00a02023.<\/p>\n<\/p>\n<p>Ces \u00e9lections anticip\u00e9es dans cette r\u00e9gion rurale qui compte environ un million d\u2019habitants \u00e9taient surtout le premier scrutin depuis qu\u2019un tribunal a ordonn\u00e9 \u00e0 l\u2019ancien ministre des Transports Jos\u00e9 Luis Abalos, un proche collaborateur de Pedro Sanchez, de compara\u00eetre pour corruption. Actuellement <a href=\"https:\/\/www.20minutes.fr\/monde\/espagne\/4190992-20251211-espagne-ex-ministre-transports-proche-pedro-sanchez-va-etre-juge-corruption\" target=\"_blank\" class=\"c-link c-link--is-underlined\" rel=\"nofollow noopener\">en d\u00e9tention dans l\u2019attente de son proc\u00e8s<\/a>, il est soup\u00e7onn\u00e9 d\u2019avoir empoch\u00e9 des pots-de-vin li\u00e9s \u00e0 l\u2019attribution de march\u00e9s publics et le parquet a requis vingt-quatre ans de prison contre lui. Il a \u00e9t\u00e9 exclu du PSOE.<\/p>\n<p>L\u2019\u00e9pouse du Premier ministre dans le viseur de la justice<\/p>\n<p>D\u2019autres enqu\u00eates pour corruption ciblent l\u2019\u00e9pouse du Premier ministre, Bego\u00f1a G\u00f3mez, et son fr\u00e8re cadet, <a href=\"https:\/\/www.20minutes.fr\/monde\/espagne\/4154944-20250522-espagne-frere-premier-ministre-juge-voici-pourquoi\" target=\"_blank\" class=\"c-link c-link--is-underlined\" rel=\"nofollow noopener\">le compositeur et chef d\u2019orchestre David Sanchez<\/a>. Celui-ci est accus\u00e9 d\u2019avoir utilis\u00e9 l\u2019influence politique du chef du gouvernement pour obtenir en\u00a02017 un poste de responsable des arts et du spectacle au sein du gouvernement provincial de Badajoz, dans le sud-ouest de l\u2019Estr\u00e9madure. Il doit \u00eatre jug\u00e9 pour trafic d\u2019influence en mai\u00a02026 aux c\u00f4t\u00e9s de dix autres pr\u00e9venus, dont le candidat socialiste \u00e0 la pr\u00e9sidence du gouvernement d\u2019Estr\u00e9madure, Miguel Angel Gallardo.<\/p>\n<p><a href=\"https:\/\/www.20minutes.fr\/dossier\/espagne\" target=\"_blank\" class=\"c-link c-btn c-btn--primary\" rel=\"nofollow noopener\">Notre dossier sur l&rsquo;Espagne<\/a><\/p>\n<p>Le PSOE a en outre \u00e9t\u00e9 critiqu\u00e9 ces derni\u00e8res semaines pour son incapacit\u00e9 pr\u00e9sum\u00e9e \u00e0 traiter des cas de harc\u00e8lement sexuel impliquant des hauts responsables masculins.<\/p>\n","protected":false},"excerpt":{"rendered":"En Espagne, les coups durs s\u2019accumulent pour le socialiste Pedro Sanchez. Eclabouss\u00e9 par des scandales, le parti du&hellip;\n","protected":false},"author":2,"featured_media":615245,"comment_status":"","ping_status":"","sticky":false,"template":"","format":"standard","meta":{"footnotes":""},"categories":[5],"tags":[47,11,1770,123,1011,27,14,74,12,4484,122,133,28],"class_list":{"0":"post-615244","1":"post","2":"type-post","3":"status-publish","4":"format-standard","5":"has-post-thumbnail","7":"category-international","8":"tag-actualite","9":"tag-actualites","10":"tag-corruption","11":"tag-espagne","12":"tag-fr","13":"tag-france","14":"tag-international","15":"tag-monde","16":"tag-news","17":"tag-parti-socialiste-ps","18":"tag-pedro-sanchez","19":"tag-video","20":"tag-world"},"share_on_mastodon":{"url":"https:\/\/pubeurope.com\/@fr\/115761772280302408","error":""},"_links":{"self":[{"href":"https:\/\/www.europesays.com\/fr\/wp-json\/wp\/v2\/posts\/615244","targetHints":{"allow":["GET"]}}],"collection":[{"href":"https:\/\/www.europesays.com\/fr\/wp-json\/wp\/v2\/posts"}],"about":[{"href":"https:\/\/www.europesays.com\/fr\/wp-json\/wp\/v2\/types\/post"}],"author":[{"embeddable":true,"href":"https:\/\/www.europesays.com\/fr\/wp-json\/wp\/v2\/users\/2"}],"replies":[{"embeddable":true,"href":"https:\/\/www.europesays.com\/fr\/wp-json\/wp\/v2\/comments?post=615244"}],"version-history":[{"count":0,"href":"https:\/\/www.europesays.com\/fr\/wp-json\/wp\/v2\/posts\/615244\/revisions"}],"wp:featuredmedia":[{"embeddable":true,"href":"https:\/\/www.europesays.com\/fr\/wp-json\/wp\/v2\/media\/615245"}],"wp:attachment":[{"href":"https:\/\/www.europesays.com\/fr\/wp-json\/wp\/v2\/media?parent=615244"}],"wp:term":[{"taxonomy":"category","embeddable":true,"href":"https:\/\/www.europesays.com\/fr\/wp-json\/wp\/v2\/categories?post=615244"},{"taxonomy":"post_tag","embeddable":true,"href":"https:\/\/www.europesays.com\/fr\/wp-json\/wp\/v2\/tags?post=615244"}],"curies":[{"name":"wp","href":"https:\/\/api.w.org\/{rel}","templated":true}]}}