{"id":615250,"date":"2025-12-22T06:22:19","date_gmt":"2025-12-22T06:22:19","guid":{"rendered":"https:\/\/www.europesays.com\/fr\/615250\/"},"modified":"2025-12-22T06:22:19","modified_gmt":"2025-12-22T06:22:19","slug":"le-service-qui-ne-ferme-jamais-loeil","status":"publish","type":"post","link":"https:\/\/www.europesays.com\/fr\/615250\/","title":{"rendered":"le service qui ne ferme jamais l\u2019\u0153il"},"content":{"rendered":"<p>Ce matin-l\u00e0, il n\u2019est m\u00eame pas 10 heures que toutes les chaises de la salle d\u2019attente des urgences ophtalmologiques du CHU de Saint-Etienne sont d\u00e9j\u00e0 occup\u00e9es. Deux septuag\u00e9naires, pr\u00e9sentant un trouble de la vision suite \u00e0 une op\u00e9ration de la cataracte -dont l\u2019une qui l\u2019a fait r\u00e9aliser dans un cabinet priv\u00e9- y resteront install\u00e9es quelques heures. Tout comme un trentenaire \u00e0 l\u2019\u0153il gauche amoch\u00e9 et \u00e0 l\u2019\u0153il droit pans\u00e9.<\/p>\n<p>Accompagn\u00e9e de sa maman, une petite fille, en pleurs, apr\u00e8s avoir re\u00e7u dans l\u2019\u0153il, les doigts d\u2019un camarade de classe, s\u2019y attardera, elle, beaucoup moins longtemps. Priorit\u00e9 aux enfants. Placard\u00e9 sur l\u2019un des quatre murs de la salle, un mot indique en toutes lettres que \u00ab\u00a0l\u2019ordre de passage ne d\u00e9pend pas de l\u2019ordre d\u2019arriv\u00e9e.\u00a0\u00bb<\/p>\n<p>De 30 minutes \u00e0 quelques heures d\u2019attente<\/p>\n<p>Alors, en&#8230;<\/p>\n","protected":false},"excerpt":{"rendered":"Ce matin-l\u00e0, il n\u2019est m\u00eame pas 10 heures que toutes les chaises de la salle d\u2019attente des urgences&hellip;\n","protected":false},"author":2,"featured_media":615251,"comment_status":"","ping_status":"","sticky":false,"template":"","format":"standard","meta":{"footnotes":""},"categories":[9653],"tags":[1111,11,2430,7539,1777,674,1011,27,3367,12,25,4001,71],"class_list":{"0":"post-615250","1":"post","2":"type-post","3":"status-publish","4":"format-standard","5":"has-post-thumbnail","7":"category-saint-etienne","8":"tag-actu","9":"tag-actualites","10":"tag-auvergne-rhone-alpes","11":"tag-edition-loire-sud","12":"tag-eu","13":"tag-europe","14":"tag-fr","15":"tag-france","16":"tag-loire","17":"tag-news","18":"tag-republique-francaise","19":"tag-saint-etienne","20":"tag-sante"},"share_on_mastodon":{"url":"https:\/\/pubeurope.com\/@fr\/115761784066015927","error":""},"_links":{"self":[{"href":"https:\/\/www.europesays.com\/fr\/wp-json\/wp\/v2\/posts\/615250","targetHints":{"allow":["GET"]}}],"collection":[{"href":"https:\/\/www.europesays.com\/fr\/wp-json\/wp\/v2\/posts"}],"about":[{"href":"https:\/\/www.europesays.com\/fr\/wp-json\/wp\/v2\/types\/post"}],"author":[{"embeddable":true,"href":"https:\/\/www.europesays.com\/fr\/wp-json\/wp\/v2\/users\/2"}],"replies":[{"embeddable":true,"href":"https:\/\/www.europesays.com\/fr\/wp-json\/wp\/v2\/comments?post=615250"}],"version-history":[{"count":0,"href":"https:\/\/www.europesays.com\/fr\/wp-json\/wp\/v2\/posts\/615250\/revisions"}],"wp:featuredmedia":[{"embeddable":true,"href":"https:\/\/www.europesays.com\/fr\/wp-json\/wp\/v2\/media\/615251"}],"wp:attachment":[{"href":"https:\/\/www.europesays.com\/fr\/wp-json\/wp\/v2\/media?parent=615250"}],"wp:term":[{"taxonomy":"category","embeddable":true,"href":"https:\/\/www.europesays.com\/fr\/wp-json\/wp\/v2\/categories?post=615250"},{"taxonomy":"post_tag","embeddable":true,"href":"https:\/\/www.europesays.com\/fr\/wp-json\/wp\/v2\/tags?post=615250"}],"curies":[{"name":"wp","href":"https:\/\/api.w.org\/{rel}","templated":true}]}}