{"id":615255,"date":"2025-12-22T06:25:16","date_gmt":"2025-12-22T06:25:16","guid":{"rendered":"https:\/\/www.europesays.com\/fr\/615255\/"},"modified":"2025-12-22T06:25:16","modified_gmt":"2025-12-22T06:25:16","slug":"nancy-apres-trois-cancers-lancienne-cadre-de-direction-devient-savonniere","status":"publish","type":"post","link":"https:\/\/www.europesays.com\/fr\/615255\/","title":{"rendered":"Nancy. Apr\u00e8s trois cancers, l\u2019ancienne cadre de direction devient savonni\u00e8re"},"content":{"rendered":"<p>\u00ab\u00a0C\u2019est tr\u00e8s \u00e9mouvant pour moi. d\u2019\u00eatre ici. Ma m\u00e8re, qui \u00e9tait originaire de Champenoux, a vendu des tricots, des pulls en laine et en coton, pendant dix ans, sur le march\u00e9 autrefois install\u00e9 place Charles-III\u00a0\u00bb.<\/p>\n<p>Une renaissance apr\u00e8s avoir travers\u00e9 des temp\u00eates<\/p>\n<p>Comme sa maman aujourd\u2019hui d\u00e9c\u00e9d\u00e9e, Line Henry-Lotte a embrass\u00e9 une carri\u00e8re de commer\u00e7ante&#8230;<\/p>\n","protected":false},"excerpt":{"rendered":"\u00ab\u00a0C\u2019est tr\u00e8s \u00e9mouvant pour moi. d\u2019\u00eatre ici. Ma m\u00e8re, qui \u00e9tait originaire de Champenoux, a vendu des tricots,&hellip;\n","protected":false},"author":2,"featured_media":615256,"comment_status":"","ping_status":"","sticky":false,"template":"","format":"standard","meta":{"footnotes":""},"categories":[9635],"tags":[1111,11,1477,33,1704,1777,674,1011,27,775,1702,1703,12,25],"class_list":{"0":"post-615255","1":"post","2":"type-post","3":"status-publish","4":"format-standard","5":"has-post-thumbnail","7":"category-nancy","8":"tag-actu","9":"tag-actualites","10":"tag-artisanat","11":"tag-economie","12":"tag-edition-nancy-et-agglomeration","13":"tag-eu","14":"tag-europe","15":"tag-fr","16":"tag-france","17":"tag-grand-est","18":"tag-nancy","19":"tag-nancy-ville-54b","20":"tag-news","21":"tag-republique-francaise"},"share_on_mastodon":{"url":"https:\/\/pubeurope.com\/@fr\/115761795911032718","error":""},"_links":{"self":[{"href":"https:\/\/www.europesays.com\/fr\/wp-json\/wp\/v2\/posts\/615255","targetHints":{"allow":["GET"]}}],"collection":[{"href":"https:\/\/www.europesays.com\/fr\/wp-json\/wp\/v2\/posts"}],"about":[{"href":"https:\/\/www.europesays.com\/fr\/wp-json\/wp\/v2\/types\/post"}],"author":[{"embeddable":true,"href":"https:\/\/www.europesays.com\/fr\/wp-json\/wp\/v2\/users\/2"}],"replies":[{"embeddable":true,"href":"https:\/\/www.europesays.com\/fr\/wp-json\/wp\/v2\/comments?post=615255"}],"version-history":[{"count":0,"href":"https:\/\/www.europesays.com\/fr\/wp-json\/wp\/v2\/posts\/615255\/revisions"}],"wp:featuredmedia":[{"embeddable":true,"href":"https:\/\/www.europesays.com\/fr\/wp-json\/wp\/v2\/media\/615256"}],"wp:attachment":[{"href":"https:\/\/www.europesays.com\/fr\/wp-json\/wp\/v2\/media?parent=615255"}],"wp:term":[{"taxonomy":"category","embeddable":true,"href":"https:\/\/www.europesays.com\/fr\/wp-json\/wp\/v2\/categories?post=615255"},{"taxonomy":"post_tag","embeddable":true,"href":"https:\/\/www.europesays.com\/fr\/wp-json\/wp\/v2\/tags?post=615255"}],"curies":[{"name":"wp","href":"https:\/\/api.w.org\/{rel}","templated":true}]}}