{"id":615261,"date":"2025-12-22T06:28:11","date_gmt":"2025-12-22T06:28:11","guid":{"rendered":"https:\/\/www.europesays.com\/fr\/615261\/"},"modified":"2025-12-22T06:28:11","modified_gmt":"2025-12-22T06:28:11","slug":"video-mort-brutale-de-francois-rio-ses-derniers-mots-en-faveur-de-lemploi-lors-de-linauguration-de-la-ligne-5-de-tramway-a-montpellier","status":"publish","type":"post","link":"https:\/\/www.europesays.com\/fr\/615261\/","title":{"rendered":"VID\u00c9O Mort brutale de Fran\u00e7ois Rio\u00a0: ses derniers mots en faveur de l\u2019emploi lors de l\u2019inauguration de la ligne 5 de tramway \u00e0 Montpellier"},"content":{"rendered":"<p>\n                                                                Le maire de Saint-Jean-de-V\u00e9das, d\u00e9c\u00e9d\u00e9 brutalement samedi 20\u00a0d\u00e9cembre, a prononc\u00e9 un dernier discours le matin, lors de l\u2019inauguration de tramway \u00e0 Montpellier.\n                            <\/p>\n<p><a href=\"https:\/\/www.midilibre.fr\/2025\/12\/20\/disparition-brutale-de-francois-rio-maire-de-saint-jean-de-vedas-a-lage-de-42-ans-13123694.php\" target=\"_blank\" rel=\"noopener\">D\u00e9c\u00e9d\u00e9 samedi 20\u00a0d\u00e9cembre de fa\u00e7on subite apr\u00e8s une fausse route<\/a>, Fran\u00e7ois Rio a prononc\u00e9 son dernier discours de maire le matin m\u00eame \u00e0 l\u2019occasion de <a href=\"https:\/\/www.midilibre.fr\/2025\/12\/20\/direct-inauguration-de-la-ligne-5-du-tramway-a-montpellier-cest-le-grand-jour-avec-le-plein-de-festivites-meme-sous-la-pluie-13120923.php\" target=\"_blank\" rel=\"noopener\">l\u2019inauguration de la ligne 5 de tramway<\/a>. L\u2019\u00e9lu a pris la parole \u00e0 la station Gr\u00e9s de Montpellier puisque le\u00a0terminus de la ligne est\u00a0situ\u00e9 sur le territoire de Saint-Jean-de-V\u00e9das.<\/p>\n<p>Deux lignes de tramway \u00e0 Saint-Jean-de-V\u00e9das<\/p>\n<p>D\u2019humeur badine, il expliquait n\u2019avoir pas pr\u00e9par\u00e9 son discours, contrairement \u00e0 son habitude. Heureux d\u2019avoir deux lignes de tramway sur sa ville \u2013 la L2 et la L5 \u2013, Fran\u00e7ois Rio\u00a0badinait\u00a0sur le sujet prenant \u00e0 t\u00e9moin le pr\u00e9sident Micha\u00ebl Delafosse et les maires\u00a0de la M\u00e9tropole.<\/p>\n<p>Les jeunes des MLI embauch\u00e9s sur le chantier de la ligne 5<\/p>\n<p><a href=\"https:\/\/www.midilibre.fr\/2025\/12\/21\/passionne-par-sa-commune-de-saint-jean-de-vedas-le-maire-francois-rio-laisse-un-grand-vide-derriere-lui-apres-son-deces-brutal-a-42-ans-13124337.php\" target=\"_blank\" rel=\"noopener\">Militant socialiste de la premi\u00e8re heure<\/a>, il remerciait chaleureusement Julie Fr\u00eache et Micha\u00ebl Delafosse pour leur engagement. Il se f\u00e9licitait \u00e9galement du nombre d\u2019emplois cr\u00e9\u00e9s gr\u00e2ce \u00e0 la construction de cette ligne 5. D\u2019autant que de nombreuses clauses d\u2019insertion, pr\u00e9vues dans le cahier des charges impos\u00e9 par la M\u00e9tropole aux entreprises, ont permis de faire travailler de nombreux jeunes des missions locales que chapeautait\u00a0Fran\u00e7ois Rio.<\/p>\n","protected":false},"excerpt":{"rendered":"Le maire de Saint-Jean-de-V\u00e9das, d\u00e9c\u00e9d\u00e9 brutalement samedi 20\u00a0d\u00e9cembre, a prononc\u00e9 un dernier discours le matin, lors de l\u2019inauguration&hellip;\n","protected":false},"author":2,"featured_media":615262,"comment_status":"","ping_status":"","sticky":false,"template":"","format":"standard","meta":{"footnotes":""},"categories":[9599],"tags":[1111,11,1777,674,1011,27,7089,2208,12,2680,316,25],"class_list":{"0":"post-615261","1":"post","2":"type-post","3":"status-publish","4":"format-standard","5":"has-post-thumbnail","7":"category-montpellier","8":"tag-actu","9":"tag-actualites","10":"tag-eu","11":"tag-europe","12":"tag-fr","13":"tag-france","14":"tag-herault","15":"tag-montpellier","16":"tag-news","17":"tag-occitanie","18":"tag-politique","19":"tag-republique-francaise"},"share_on_mastodon":{"url":"https:\/\/pubeurope.com\/@fr\/115761807662021490","error":""},"_links":{"self":[{"href":"https:\/\/www.europesays.com\/fr\/wp-json\/wp\/v2\/posts\/615261","targetHints":{"allow":["GET"]}}],"collection":[{"href":"https:\/\/www.europesays.com\/fr\/wp-json\/wp\/v2\/posts"}],"about":[{"href":"https:\/\/www.europesays.com\/fr\/wp-json\/wp\/v2\/types\/post"}],"author":[{"embeddable":true,"href":"https:\/\/www.europesays.com\/fr\/wp-json\/wp\/v2\/users\/2"}],"replies":[{"embeddable":true,"href":"https:\/\/www.europesays.com\/fr\/wp-json\/wp\/v2\/comments?post=615261"}],"version-history":[{"count":0,"href":"https:\/\/www.europesays.com\/fr\/wp-json\/wp\/v2\/posts\/615261\/revisions"}],"wp:featuredmedia":[{"embeddable":true,"href":"https:\/\/www.europesays.com\/fr\/wp-json\/wp\/v2\/media\/615262"}],"wp:attachment":[{"href":"https:\/\/www.europesays.com\/fr\/wp-json\/wp\/v2\/media?parent=615261"}],"wp:term":[{"taxonomy":"category","embeddable":true,"href":"https:\/\/www.europesays.com\/fr\/wp-json\/wp\/v2\/categories?post=615261"},{"taxonomy":"post_tag","embeddable":true,"href":"https:\/\/www.europesays.com\/fr\/wp-json\/wp\/v2\/tags?post=615261"}],"curies":[{"name":"wp","href":"https:\/\/api.w.org\/{rel}","templated":true}]}}