{"id":615265,"date":"2025-12-22T06:30:12","date_gmt":"2025-12-22T06:30:12","guid":{"rendered":"https:\/\/www.europesays.com\/fr\/615265\/"},"modified":"2025-12-22T06:30:12","modified_gmt":"2025-12-22T06:30:12","slug":"la-circulation-des-trains-perturbee","status":"publish","type":"post","link":"https:\/\/www.europesays.com\/fr\/615265\/","title":{"rendered":"la circulation des trains perturb\u00e9e"},"content":{"rendered":"<p>                    Par<br \/>\n        <strong><br \/>\n            <a href=\"https:\/\/actu.fr\/auteur\/adrien-filoche\" title=\"Consulter tous les articles de Adrien Filoche\" target=\"_blank\" rel=\"noopener\">Adrien Filoche<\/a><br \/>\n                    <\/strong><\/p>\n<p>        Publi\u00e9 le<\/p>\n<p>            22 d\u00e9c. 2025 \u00e0 7h06        <\/p>\n<p>Un <strong>accident de la circulation<\/strong> s\u2019est produit dans la nuit du 21 au 22 d\u00e9cembre 2025 au niveau de <a href=\"https:\/\/actu.fr\/normandie\/pavilly_76495\" target=\"_blank\" rel=\"noopener\">Pavilly (Seine-Maritime)<\/a>, pr\u00e8s de <a href=\"https:\/\/actu.fr\/normandie\/rouen_76540\" target=\"_blank\" rel=\"noopener\">Rouen<\/a>. Un automobiliste a fait des tonneaux et a percut\u00e9 la barri\u00e8re du passage \u00e0 niveau 48. L\u2019incident a provoqu\u00e9 des perturbations sur le trafic routier et \u00e9galement sur <a href=\"https:\/\/actu.fr\/tag\/gare-roue-rive-droite\" target=\"_blank\" rel=\"noopener\">la circulation des trains.<\/a><\/p>\n<p>Un accident qui a fait quatre bless\u00e9s<\/p>\n<p class=\" wall-content\">Quatre personnes, l\u00e9g\u00e8rement bless\u00e9es, sont parvenues \u00e0 sortir du v\u00e9hicule avant l\u2019arriv\u00e9e des secours. Elles sont \u00e9t\u00e9 transport\u00e9es au CHU de Rouen. En plus des pompiers, la Direction Interd\u00e9partementale des Routes du Nord Ouest (Dirno), la SNCF et la gendarmerie se sont \u00e9galement rendues sur place.<\/p>\n<p class=\" wall-content\">Suite \u00e0 l\u2019accident, <strong>des d\u00e9bris mat\u00e9riels ont \u00e9t\u00e9 projet\u00e9s sur les voies.<\/strong> Cela a n\u00e9cessit\u00e9 l\u2019arr\u00eat de la circulation des trains. Selon le Sdis76 (Service d\u00e9partemental d\u2019incendie et de secours de la Seine-Maritime), la route D143a restera ferm\u00e9e le temps des travaux. Une d\u00e9viation est mise en place.<\/p>\n<p class=\" wall-content\">Par ailleurs, l\u2019incident provoque dans la matin\u00e9e du lundi 22 d\u00e9cembre des retards sur les trains circulant entre Le Havre et Rouen, comme on peut le constater sur <a href=\"https:\/\/www.ter.sncf.com\/normandie\/se-deplacer\/prochains-departs\" target=\"_blank\" rel=\"noopener\">le point trafic en temps r\u00e9el de la SNCF.<\/a><\/p>\n<p>Suivez l\u2019actualit\u00e9 de Rouen sur <a href=\"https:\/\/www.whatsapp.com\/channel\/0029VaKfnf99hXF2ddApFB1D\" target=\"_blank\" rel=\"noopener\">notre cha\u00eene WhatsApp<\/a> et sur <a href=\"https:\/\/www.tiktok.com\/@76actu.fr?lang=fr\" target=\"_blank\" rel=\"noopener\">notre compte TikTok<\/a><\/p>\n<p class=\" wall-content\">Personnalisez votre actualit\u00e9 en ajoutant vos villes et m\u00e9dias en favori avec <a href=\"https:\/\/moncompte.actu.fr\" title=\"D\u00e9couvez Mon Actu\" rel=\"nofollow noopener\" data-trk=\"{&quot;cta&quot;:{&quot;action&quot;:&quot;https:\\\/\\\/moncompte.actu.fr&quot;,&quot;category&quot;:&quot;mon compte&quot;,&quot;from&quot;:&quot;article footer&quot;,&quot;name&quot;:&quot;Mon actu&quot;,&quot;type&quot;:&quot;cta&quot;}}\" target=\"_blank\">Mon Actu<\/a>.<\/p>\n<p>                    <script async src=\"\/\/www.tiktok.com\/embed.js\"><\/script><\/p>\n","protected":false},"excerpt":{"rendered":"Par Adrien Filoche Publi\u00e9 le 22 d\u00e9c. 2025 \u00e0 7h06 Un accident de la circulation s\u2019est produit dans&hellip;\n","protected":false},"author":2,"featured_media":615266,"comment_status":"","ping_status":"","sticky":false,"template":"","format":"standard","meta":{"footnotes":""},"categories":[9587],"tags":[119,1111,11,1777,674,118,1011,27,12,5161,1311,25,9590,2215],"class_list":{"0":"post-615265","1":"post","2":"type-post","3":"status-publish","4":"format-standard","5":"has-post-thumbnail","7":"category-rouen","8":"tag-accident","9":"tag-actu","10":"tag-actualites","11":"tag-eu","12":"tag-europe","13":"tag-faits-divers","14":"tag-fr","15":"tag-france","16":"tag-news","17":"tag-normandie","18":"tag-pompiers","19":"tag-republique-francaise","20":"tag-rouen","21":"tag-sncf"},"share_on_mastodon":{"url":"https:\/\/pubeurope.com\/@fr\/115761815499788611","error":""},"_links":{"self":[{"href":"https:\/\/www.europesays.com\/fr\/wp-json\/wp\/v2\/posts\/615265","targetHints":{"allow":["GET"]}}],"collection":[{"href":"https:\/\/www.europesays.com\/fr\/wp-json\/wp\/v2\/posts"}],"about":[{"href":"https:\/\/www.europesays.com\/fr\/wp-json\/wp\/v2\/types\/post"}],"author":[{"embeddable":true,"href":"https:\/\/www.europesays.com\/fr\/wp-json\/wp\/v2\/users\/2"}],"replies":[{"embeddable":true,"href":"https:\/\/www.europesays.com\/fr\/wp-json\/wp\/v2\/comments?post=615265"}],"version-history":[{"count":0,"href":"https:\/\/www.europesays.com\/fr\/wp-json\/wp\/v2\/posts\/615265\/revisions"}],"wp:featuredmedia":[{"embeddable":true,"href":"https:\/\/www.europesays.com\/fr\/wp-json\/wp\/v2\/media\/615266"}],"wp:attachment":[{"href":"https:\/\/www.europesays.com\/fr\/wp-json\/wp\/v2\/media?parent=615265"}],"wp:term":[{"taxonomy":"category","embeddable":true,"href":"https:\/\/www.europesays.com\/fr\/wp-json\/wp\/v2\/categories?post=615265"},{"taxonomy":"post_tag","embeddable":true,"href":"https:\/\/www.europesays.com\/fr\/wp-json\/wp\/v2\/tags?post=615265"}],"curies":[{"name":"wp","href":"https:\/\/api.w.org\/{rel}","templated":true}]}}