{"id":615267,"date":"2025-12-22T06:31:12","date_gmt":"2025-12-22T06:31:12","guid":{"rendered":"https:\/\/www.europesays.com\/fr\/615267\/"},"modified":"2025-12-22T06:31:12","modified_gmt":"2025-12-22T06:31:12","slug":"plus-de-80-personnes-verbalisees","status":"publish","type":"post","link":"https:\/\/www.europesays.com\/fr\/615267\/","title":{"rendered":"plus de 80 personnes verbalis\u00e9es"},"content":{"rendered":"<p class=\"article__intro\">Malgr\u00e9 l&rsquo;interdiction de rassemblement \u00e9mise par le pr\u00e9fet, plusieurs centaines de personnes s&rsquo;\u00e9taient rassembl\u00e9es dans la nuit du samedi 20 au dimanche 21 d\u00e9cembre sur l&rsquo;\u00eele Lacroix pour une rave party, qui a \u00e9t\u00e9 interrompue par les forces de l&rsquo;ordre.<\/p>\n<p>\n      La Quotidienne Soci\u00e9t\u00e9\n    <\/p>\n<p>\n      De la vie quotidienne aux grands enjeux, recevez tous les jours les sujets qui font la soci\u00e9t\u00e9 locale, comme la justice, l\u2019\u00e9ducation, la sant\u00e9 et la famille.\n    <\/p>\n<p>    France T\u00e9l\u00e9visions utilise votre adresse e-mail afin de vous envoyer la newsletter \u00ab\u00a0La Quotidienne Soci\u00e9t\u00e9\u00a0\u00bb. Vous pouvez vous d\u00e9sinscrire \u00e0 tout moment via le lien en bas de cette newsletter. <a target=\"_blank\" href=\"https:\/\/www.francetelevisions.fr\/groupe\/confidentialite\/politique-de-confidentialite\/politique-de-confidentialite-de-france-televisions-6503\" rel=\"noopener\">Notre politique de confidentialit\u00e9<\/a><\/p>\n<p>L&rsquo;\u00e9v\u00e8nement \u00e9tait baptis\u00e9 Underground Never die. Il a rassembl\u00e9 plusieurs centaines de f\u00eatards dans les locaux de l&rsquo;ancienne piscine d\u00e9saffect\u00e9e, situ\u00e9e sur l&rsquo;\u00eele Lacroix \u00e0 Rouen (Seine-Maritime) dans la nuit du samedi 20 au dimanche 21 d\u00e9cembre 2025.<\/p>\n<\/p>\n<p>Une rave party organis\u00e9e malgr\u00e9 une interdiction de rassemblement \u00e9mise par le pr\u00e9fet. Dans la matin\u00e9e de dimanche, les forces de l&rsquo;ordre sont donc intervenues sur le site, dans lequel \u00ab\u00a0les organisateurs avaient p\u00e9n\u00e9tr\u00e9 par effraction\u00a0\u00bb, souligne la pr\u00e9fecture de Seine-Maritime dans un communiqu\u00e9.<\/p>\n<p>\u00ab\u00a0D\u00e8s l&rsquo;arriv\u00e9e des premiers arrivant, dimanche avant 1\u00a0heure\u00a0\u00bb, poursuit-elle, elle a mis en place \u00ab\u00a0un dispositif de s\u00e9curisation qui incluait des contr\u00f4les routiers.\u00a0\u00bb Au matin, l&rsquo;\u00e9vacuation du site a finalement \u00e9t\u00e9 r\u00e9alis\u00e9e \u00ab\u00a0sans heurt\u00a0\u00bb.<\/p>\n<p>La police a alors proc\u00e9d\u00e9 \u00e0 la v\u00e9rification de 84\u00a0identit\u00e9s dans le cadre de verbalisation pour violation de l&rsquo;arr\u00eat\u00e9 pr\u00e9fectorale. Deux amendes pour usages de stup\u00e9fiants ont \u00e9galement \u00e9t\u00e9 dress\u00e9es, et une personne a \u00e9t\u00e9 interpel\u00e9e dans le cadre d&rsquo;un signalement au FDR, le fichier des personnes recherch\u00e9es.<\/p>\n<p>La police a \u00e9galement saisi le mat\u00e9riel de la rave party, \u00e0 savoir deux groupes \u00e9lectrog\u00e8nes, des jeux de lumi\u00e8res, des caissons de basse et des amplificateurs.<\/p><\/p>\n","protected":false},"excerpt":{"rendered":"Malgr\u00e9 l&rsquo;interdiction de rassemblement \u00e9mise par le pr\u00e9fet, plusieurs centaines de personnes s&rsquo;\u00e9taient rassembl\u00e9es dans la nuit du&hellip;\n","protected":false},"author":2,"featured_media":615268,"comment_status":"","ping_status":"","sticky":false,"template":"","format":"standard","meta":{"footnotes":""},"categories":[9587],"tags":[1111,11,1777,674,1011,27,12,5161,25,9590],"class_list":{"0":"post-615267","1":"post","2":"type-post","3":"status-publish","4":"format-standard","5":"has-post-thumbnail","7":"category-rouen","8":"tag-actu","9":"tag-actualites","10":"tag-eu","11":"tag-europe","12":"tag-fr","13":"tag-france","14":"tag-news","15":"tag-normandie","16":"tag-republique-francaise","17":"tag-rouen"},"share_on_mastodon":{"url":"https:\/\/pubeurope.com\/@fr\/115761819361688362","error":""},"_links":{"self":[{"href":"https:\/\/www.europesays.com\/fr\/wp-json\/wp\/v2\/posts\/615267","targetHints":{"allow":["GET"]}}],"collection":[{"href":"https:\/\/www.europesays.com\/fr\/wp-json\/wp\/v2\/posts"}],"about":[{"href":"https:\/\/www.europesays.com\/fr\/wp-json\/wp\/v2\/types\/post"}],"author":[{"embeddable":true,"href":"https:\/\/www.europesays.com\/fr\/wp-json\/wp\/v2\/users\/2"}],"replies":[{"embeddable":true,"href":"https:\/\/www.europesays.com\/fr\/wp-json\/wp\/v2\/comments?post=615267"}],"version-history":[{"count":0,"href":"https:\/\/www.europesays.com\/fr\/wp-json\/wp\/v2\/posts\/615267\/revisions"}],"wp:featuredmedia":[{"embeddable":true,"href":"https:\/\/www.europesays.com\/fr\/wp-json\/wp\/v2\/media\/615268"}],"wp:attachment":[{"href":"https:\/\/www.europesays.com\/fr\/wp-json\/wp\/v2\/media?parent=615267"}],"wp:term":[{"taxonomy":"category","embeddable":true,"href":"https:\/\/www.europesays.com\/fr\/wp-json\/wp\/v2\/categories?post=615267"},{"taxonomy":"post_tag","embeddable":true,"href":"https:\/\/www.europesays.com\/fr\/wp-json\/wp\/v2\/tags?post=615267"}],"curies":[{"name":"wp","href":"https:\/\/api.w.org\/{rel}","templated":true}]}}