{"id":615269,"date":"2025-12-22T06:38:34","date_gmt":"2025-12-22T06:38:34","guid":{"rendered":"https:\/\/www.europesays.com\/fr\/615269\/"},"modified":"2025-12-22T06:38:34","modified_gmt":"2025-12-22T06:38:34","slug":"rugby-pro-d2-un-jeune-ouvreur-tres-attendu-un-adversaire-tres-remonte-ce-quil-faut-savoir-avant-fcg","status":"publish","type":"post","link":"https:\/\/www.europesays.com\/fr\/615269\/","title":{"rendered":"Rugby &#8211; Pro D2. Un jeune ouvreur tr\u00e8s attendu, un adversaire tr\u00e8s remont\u00e9&#8230; ce qu\u2019il faut savoir avant FCG"},"content":{"rendered":"<p>  Les enjeux du match\u00a0: inverser une mauvaise spirale<\/p>\n<p>Ces derniers jours, Grenoble comme Dax ont eu tendance \u00e0 broyer du noir. Les Landais, car <a title=\"rugby Pro D2 sanctions vs trois clubs\" href=\"https:\/\/www.ledauphine.com\/sport\/2025\/12\/15\/c-est-une-sanction-sans-precedent-qui-est-extremement-choquante-prochain-adversaire-du-fcg-dax-ecope-d-un-retrait-de-neuf-points\" target=\"_blank\" rel=\"noopener\">ils ont \u00e9t\u00e9 sanctionn\u00e9s durement par le Conseil de discipline du rugby fran\u00e7ais<\/a> (retrait de neuf points au classement\u00a0; en plus des cinq d\u00e9j\u00e0 perdus, avant m\u00eame le d\u00e9but de la saison). Les Is\u00e9rois, car ils ont encaiss\u00e9 deux claques \u00e0 l\u2019ext\u00e9rieur (\u00e0 Colomiers, 7-43\u00a0; puis \u00e0 Valence\/Romans, 15-33) pour commencer d\u00e9cembre. Si l\u2019un et l\u2019autre ne veulent pas passer de tr\u00e8s mauvaises F\u00eates de No\u00ebl, il faudra gagner vendredi soir\u00a0; peut-\u00eatre pas pour s\u2019offrir un cadeau avant l\u2019heure, mais au moins un rayon de soleil.<\/p>\n<p>Pour le FCG (11e, 28 points), ce serait aussi l\u2019opportunit\u00e9 de rester \u00e0 porter du top 6 (Aurillac, 36 points, est l\u2019actuel dernier qualifiable).<\/p>\n<p>  L\u2019adversaire\u00a0: tout vert et tout rouge<\/p>\n<p>S\u2019il n\u2019y avait que le terrain\u2026 l\u2019USD se porterait bien. <a href=\"https:\/\/www.ledauphine.com\/sport\/2025\/12\/17\/sanctions-reaction-d-orgueil-coulisses-agitees-dax-traverse-une-saison-de-galeres\" target=\"_blank\" title=\"rugby Pro D2 FCG vs Dax mag adversaire\" rel=\"noopener\">Vincent Etcheto et ses hommes ont gagn\u00e9 cinq de leurs six derniers matchs<\/a> \u00a0; ce qui leur avait permis de remonter \u00e0 la 12e place. Ils ont notamment gagn\u00e9 \u00e0 Biarritz (33-18) et viennent de faire tomber Colomiers (3e, 13-8).<\/p>\n<p>Mais en coulisses, c\u2019est bien diff\u00e9rent\u2026 Finances dans le rouge (NDLR\u00a0: il manquerait un million d\u2019\u20acuros pour boucler le budget de la saison), pr\u00e9sident d\u00e9missionnaire (Benjamin Gufflet) et nouveau pr\u00e9sident par interim (Thomas Medina). Les Dacquois sont venus en Is\u00e8re escort\u00e9s de pas de maux de t\u00eate.<\/p>\n<p>Pour autant, ils se pr\u00e9senteront au Stade des Alpes avec une \u00e9quipe tr\u00e8s solide, proche de celle qui pourrait \u00eatre align\u00e9e au stade Maurice-Boyau pour un match important. M\u00eame sans leur ailier fidjien Ratu Nacika (suspendu une semaine pour deux cartons jaunes re\u00e7us dans le m\u00eame match, vendredi dernier), ils ont les moyens de faire un coup \u00e0 Grenoble. M\u00eame apr\u00e8s une semaine tr\u00e8s agit\u00e9e et avec peu d\u2019entra\u00eenements.<\/p>\n<p>  L\u2019homme \u00e0 suivre\u00a0: Ma\u00ebl Navizet<\/p>\n<p>Il sera le quatri\u00e8me ouvreur align\u00e9 cette saison par le FCG (apr\u00e8s Marc Palmier, Max Cl\u00e9ment et Romain Trouilloud, en attendant Sam Davies, probablement en 2e mi-temps) et certainement le plus excitant \u00e0 voir \u00e9voluer. Parce qu\u2019il n\u2019a que 18 ans, parce qu\u2019il produit des performances tr\u00e8s prometteuses avec l\u2019\u00e9quipe Reichel Espoirs grenobloise et parce qu\u2019il a \u00e9t\u00e9 couv\u00e9 pendant plusieurs ann\u00e9es \u00e0 Lesdigui\u00e8res. Apr\u00e8s <a title=\"rugby Pro D2 25-26 VRDR - FCG r\u00e9su\" href=\"https:\/\/www.ledauphine.com\/sport\/2025\/12\/12\/le-vrdr-s-adjuge-un-derby-a-sens-unique-face-au-fc-grenoble%20\" target=\"_blank\" rel=\"noopener\">neuf minutes en fin de match, au stade Pompidou<\/a>, Ma\u00ebl Navizet va d\u00e9buter son premier match en professionnel. \u00ab\u00a0Un r\u00eave de gosse\u00a0\u00bb, que l\u2019enfant de Proveysieux (neveu d\u2019un ancien joueur du FCG, Denis) va tenter de transformer en r\u00e9ussite face \u00e0 Dax.<\/p>\n<p>  La d\u00e9claration<\/p>\n<p>\u00ab\u00a0Je connais tous les mecs en face et je connais leur \u00e9tat d\u2019esprit. Avec ce qu\u2019il se passe, ils vont venir gonfl\u00e9s \u00e0 bloc pour r\u00e9cup\u00e9rer un maximum de points. J\u2019ai averti mon \u00e9quipe par rapport \u00e0 \u00e7a\u00a0: il faudra faire un gros match. [\u2026] Leur menace de gr\u00e8ve\u00a0? C\u2019\u00e9tait pour mettre la pression sur leur pr\u00e9sident\u2026 et \u00e7a a fonctionn\u00e9. Je savais qu\u2019ils avaient l\u2019intention de jouer, quoi qu\u2019il arrive, et ils seront pr\u00eats. Nous, on a \u00e9t\u00e9 s\u00e9rieux cette semaine. On s\u2019est bien pr\u00e9par\u00e9 \u00e0 recevoir une \u00e9quipe qui va jouer son va-tout, qui va s\u2019accrocher, et s\u2019accrocher jusqu\u2019\u00e0 la derni\u00e8re minute.\u00a0\u00bb <strong>De Jeff Dubois, l\u2019entra\u00eeneur principal du FC Grenoble, \u00e0 propos du contexte dacquois.<\/strong><\/p>\n<p class=\"note\">Le match Grenoble &#8211; Dax sera \u00e0 suivre en direct comment\u00e9 sur www.ledauphine.com\/sport vendredi \u00e0 partir de 19 heures.<\/p>\n","protected":false},"excerpt":{"rendered":"Les enjeux du match\u00a0: inverser une mauvaise spirale Ces derniers jours, Grenoble comme Dax ont eu tendance \u00e0&hellip;\n","protected":false},"author":2,"featured_media":615270,"comment_status":"","ping_status":"","sticky":false,"template":"","format":"standard","meta":{"footnotes":""},"categories":[9566],"tags":[1111,11,2430,112,113,114,1777,674,2727,1701,1011,27,2731,2732,108,12,2308,25,479,517,1947],"class_list":{"0":"post-615269","1":"post","2":"type-post","3":"status-publish","4":"format-standard","5":"has-post-thumbnail","7":"category-grenoble","8":"tag-actu","9":"tag-actualites","10":"tag-auvergne-rhone-alpes","11":"tag-edition-grenoble-agglomeration","12":"tag-edition-gresivaudan-oisans","13":"tag-edition-voiron-saint-marcellin","14":"tag-eu","15":"tag-europe","16":"tag-fcg-fc-grenoble-rugby","17":"tag-fil-info-sport","18":"tag-fr","19":"tag-france","20":"tag-grenoble","21":"tag-grenoble-bassin","22":"tag-isere","23":"tag-news","24":"tag-pro-d2","25":"tag-republique-francaise","26":"tag-rugby","27":"tag-sport","28":"tag-sport-national"},"share_on_mastodon":{"url":"https:\/\/pubeurope.com\/@fr\/115761847037281033","error":""},"_links":{"self":[{"href":"https:\/\/www.europesays.com\/fr\/wp-json\/wp\/v2\/posts\/615269","targetHints":{"allow":["GET"]}}],"collection":[{"href":"https:\/\/www.europesays.com\/fr\/wp-json\/wp\/v2\/posts"}],"about":[{"href":"https:\/\/www.europesays.com\/fr\/wp-json\/wp\/v2\/types\/post"}],"author":[{"embeddable":true,"href":"https:\/\/www.europesays.com\/fr\/wp-json\/wp\/v2\/users\/2"}],"replies":[{"embeddable":true,"href":"https:\/\/www.europesays.com\/fr\/wp-json\/wp\/v2\/comments?post=615269"}],"version-history":[{"count":0,"href":"https:\/\/www.europesays.com\/fr\/wp-json\/wp\/v2\/posts\/615269\/revisions"}],"wp:featuredmedia":[{"embeddable":true,"href":"https:\/\/www.europesays.com\/fr\/wp-json\/wp\/v2\/media\/615270"}],"wp:attachment":[{"href":"https:\/\/www.europesays.com\/fr\/wp-json\/wp\/v2\/media?parent=615269"}],"wp:term":[{"taxonomy":"category","embeddable":true,"href":"https:\/\/www.europesays.com\/fr\/wp-json\/wp\/v2\/categories?post=615269"},{"taxonomy":"post_tag","embeddable":true,"href":"https:\/\/www.europesays.com\/fr\/wp-json\/wp\/v2\/tags?post=615269"}],"curies":[{"name":"wp","href":"https:\/\/api.w.org\/{rel}","templated":true}]}}