{"id":615277,"date":"2025-12-22T06:42:17","date_gmt":"2025-12-22T06:42:17","guid":{"rendered":"https:\/\/www.europesays.com\/fr\/615277\/"},"modified":"2025-12-22T06:42:17","modified_gmt":"2025-12-22T06:42:17","slug":"ce-qui-change-sur-le-reseau-cts-les-24-et-31-decembre-a-strasbourg","status":"publish","type":"post","link":"https:\/\/www.europesays.com\/fr\/615277\/","title":{"rendered":"ce qui change sur le r\u00e9seau CTS les 24 et 31 d\u00e9cembre \u00e0 Strasbourg"},"content":{"rendered":"<p>                    Par<br \/>\n        <strong><br \/>\n            <a href=\"https:\/\/actu.fr\/auteur\/thomas-blanc\" title=\"Consulter tous les articles de Thomas Blanc\" target=\"_blank\" rel=\"noopener\">Thomas Blanc<\/a><br \/>\n                    <\/strong><\/p>\n<p>        Publi\u00e9 le<\/p>\n<p>            22 d\u00e9c. 2025 \u00e0 7h02        <\/p>\n<p>Comme chaque ann\u00e9e, \u00e0 l\u2019occasion des f\u00eates de fin d\u2019ann\u00e9e, la <a href=\"https:\/\/actu.fr\/tag\/compagnie-des-transports-strasbourgeois-cts\" target=\"_blank\" rel=\"noopener\">Compagnie des transports strasbourgeois (CTS)<\/a> modifie son offre pour <strong>les nuits du 24 et du 31\u00a0d\u00e9cembre 2025<\/strong>. Voici ce qu\u2019il faut savoir si vous pr\u00e9voyez de vous d\u00e9placer en tram ou en bus pour <strong>ces deux r\u00e9veillons<\/strong>.<\/p>\n<p>Fin de service \u00e0 19h le soir de No\u00ebl<\/p>\n<p class=\" wall-content\">Le mercredi 24\u00a0d\u00e9cembre, d\u00e8s le <a href=\"https:\/\/actu.fr\/tag\/marche-de-noel-de-strasbourg\" target=\"_blank\" rel=\"noopener\">march\u00e9 de No\u00ebl de Strasbourg<\/a> d\u00e9finitivement cl\u00f4tur\u00e9 \u00e0 19h, <strong>le r\u00e9seau de bus et de tram sera interrompu<\/strong>. \u00ab\u2009Il n\u2019y aura plus de bus et trams en circulation dans l\u2019ensemble de l\u2019agglom\u00e9ration\u2009\u00bb, \u00e0 partir de cet horaire, \u00e9crit l\u2019op\u00e9rateur de <a href=\"https:\/\/actu.fr\/tag\/transport\" target=\"_blank\" rel=\"noopener\">transport<\/a> dans un communiqu\u00e9.<\/p>\n<p class=\" wall-content\">La station souterraine Gare Centrale des lignes de tram A et D sera ferm\u00e9e du mercredi 24 d\u00e9cembre<strong> d\u00e8s 19h15<\/strong> jusqu\u2019au jeudi 25\u00a0d\u00e9cembre \u00e0 5h, <strong>heure o\u00f9 tout le trafic reprendra<\/strong>. Les tramways circuleront toutes les 15 \u00e0 18\u00a0minutes ce jour-l\u00e0.<\/p>\n<p>Un r\u00e9seau adapt\u00e9 pour le soir du Nouvel An<\/p>\n<p class=\" wall-content\">Pour ce qui est du mercredi 31 d\u00e9cembre, c\u2019est un petit peu plus technique. Un r\u00e9seau adapt\u00e9 \u00ab\u2009Nouvel An\u2009\u00bb pouvant int\u00e9grer <strong>des d\u00e9viations sur certaines lignes de bus<\/strong> (C5, C7, G, 30, 31, 40, 45) sera propos\u00e9. Tous les d\u00e9tails sont disponibles sur le <a href=\"https:\/\/www.cts-strasbourg.eu\/fr\/Article\/Dispositif-bus-et-tram-soirees-des-24-et-31-decembre\/\" target=\"_blank\" rel=\"noopener\">site de la CTS<\/a>.<\/p>\n<p class=\" wall-content\">Les trams circuleront <strong>toutes les 30\u00a0minutes<\/strong> entre 19h et 22h <strong>puis toutes les heures<\/strong> apr\u00e8s 2h30 du matin le 1er\u00a0janvier 2026.<\/p>\n<p class=\" wall-content\">La circulation reprendra le jeudi 1er\u00a0janvier 2026 d\u00e8s 5h00 avec les horaires r\u00e9duits de jours f\u00e9ri\u00e9s.<\/p>\n<p>Votre r\u00e9gion, votre actu !<\/p>\n<p>Recevez chaque jour les infos qui comptent pour vous.<\/p>\n<p>\t<a href=\"https:\/\/actu.fr\/newsletter\" class=\"ac-btn ac-btn--corner ac-btn--medium ac-btn--blue800\" target=\"_blank\" rel=\"noopener\">S&rsquo;incrire<\/a><br \/>\nLes\u00a0P +\u00a0R gardienn\u00e9s et gratuits<\/p>\n<p class=\" wall-content\">Les parkings relais suivants seront \u00e0 la demande de l\u2019<a href=\"https:\/\/actu.fr\/tag\/eurometropole-de-strasbourg\" target=\"_blank\" rel=\"noopener\">Eurom\u00e9tropole de Strasbourg<\/a> <strong>gratuits pour tous et surveill\u00e9s toute la nuit<\/strong>\u2009:<\/p>\n<p class=\" wall-content\"><strong>Baggersee<\/strong>, <strong>Ducs d\u2019Alsace<\/strong>, <strong>Elsau<\/strong>, <strong>Hoenheim Gare<\/strong>, P<strong>arc des Romains<\/strong>, <strong>Poteries<\/strong> et <strong>Kibitzenau<\/strong>.<\/p>\n<p class=\" wall-content\">Personnalisez votre actualit\u00e9 en ajoutant vos villes et m\u00e9dias en favori avec <a href=\"https:\/\/moncompte.actu.fr\" title=\"D\u00e9couvez Mon Actu\" rel=\"nofollow noopener\" data-trk=\"{&quot;cta&quot;:{&quot;action&quot;:&quot;https:\\\/\\\/moncompte.actu.fr&quot;,&quot;category&quot;:&quot;mon compte&quot;,&quot;from&quot;:&quot;article footer&quot;,&quot;name&quot;:&quot;Mon actu&quot;,&quot;type&quot;:&quot;cta&quot;}}\" target=\"_blank\">Mon Actu<\/a>.<\/p>\n","protected":false},"excerpt":{"rendered":"Par Thomas Blanc Publi\u00e9 le 22 d\u00e9c. 2025 \u00e0 7h02 Comme chaque ann\u00e9e, \u00e0 l\u2019occasion des f\u00eates de&hellip;\n","protected":false},"author":2,"featured_media":615278,"comment_status":"","ping_status":"","sticky":false,"template":"","format":"standard","meta":{"footnotes":""},"categories":[2820],"tags":[1111,11,7344,1777,674,1011,27,775,12,15830,25,104,640,2803],"class_list":{"0":"post-615277","1":"post","2":"type-post","3":"status-publish","4":"format-standard","5":"has-post-thumbnail","7":"category-strasbourg","8":"tag-actu","9":"tag-actualites","10":"tag-compagnie-des-transports-strasbourgeois-cts","11":"tag-eu","12":"tag-europe","13":"tag-fr","14":"tag-france","15":"tag-grand-est","16":"tag-news","17":"tag-noel","18":"tag-republique-francaise","19":"tag-societe","20":"tag-strasbourg","21":"tag-transport"},"share_on_mastodon":{"url":"https:\/\/pubeurope.com\/@fr\/115761862846002770","error":""},"_links":{"self":[{"href":"https:\/\/www.europesays.com\/fr\/wp-json\/wp\/v2\/posts\/615277","targetHints":{"allow":["GET"]}}],"collection":[{"href":"https:\/\/www.europesays.com\/fr\/wp-json\/wp\/v2\/posts"}],"about":[{"href":"https:\/\/www.europesays.com\/fr\/wp-json\/wp\/v2\/types\/post"}],"author":[{"embeddable":true,"href":"https:\/\/www.europesays.com\/fr\/wp-json\/wp\/v2\/users\/2"}],"replies":[{"embeddable":true,"href":"https:\/\/www.europesays.com\/fr\/wp-json\/wp\/v2\/comments?post=615277"}],"version-history":[{"count":0,"href":"https:\/\/www.europesays.com\/fr\/wp-json\/wp\/v2\/posts\/615277\/revisions"}],"wp:featuredmedia":[{"embeddable":true,"href":"https:\/\/www.europesays.com\/fr\/wp-json\/wp\/v2\/media\/615278"}],"wp:attachment":[{"href":"https:\/\/www.europesays.com\/fr\/wp-json\/wp\/v2\/media?parent=615277"}],"wp:term":[{"taxonomy":"category","embeddable":true,"href":"https:\/\/www.europesays.com\/fr\/wp-json\/wp\/v2\/categories?post=615277"},{"taxonomy":"post_tag","embeddable":true,"href":"https:\/\/www.europesays.com\/fr\/wp-json\/wp\/v2\/tags?post=615277"}],"curies":[{"name":"wp","href":"https:\/\/api.w.org\/{rel}","templated":true}]}}