{"id":615279,"date":"2025-12-22T06:43:17","date_gmt":"2025-12-22T06:43:17","guid":{"rendered":"https:\/\/www.europesays.com\/fr\/615279\/"},"modified":"2025-12-22T06:43:17","modified_gmt":"2025-12-22T06:43:17","slug":"apres-david-lisnard-le-senateur-henri-leroy-fustige-le-soutien-de-lr-a-christian-estrosi-pour-les-municipales-a-nice","status":"publish","type":"post","link":"https:\/\/www.europesays.com\/fr\/615279\/","title":{"rendered":"apr\u00e8s David Lisnard, le s\u00e9nateur Henri Leroy fustige le soutien de LR \u00e0 Christian Estrosi pour les municipales \u00e0 Nice"},"content":{"rendered":"<p class=\"fs-5 \"><a href=\"https:\/\/www.nicematin.com\/societe\/politique\/duel-estrosi-ciotti-a-nice-lr-n-aurait-pas-du-s-en-meler-estime-david-lisnard-qui-regrette-le-soutien-du-parti-au-maire-de-nice-10661713\" target=\"_blank\" rel=\"noopener\">Le maire LR de Cannes David Lisnard<\/a> n\u2019est pas le seul \u00e0 d\u00e9noncer le soutien des R\u00e9publicains au maire Horizons de Nice, Christian Estrosi, d\u00e9cid\u00e9 non pas par la commission nationale d\u2019investiture (CNI) mais par le seul bureau de celle-ci.<\/p>\n<p class=\"fs-5 \">Son voisin de Mandelieu, le<strong> s\u00e9nateur LR Henri Leroy<\/strong>, vient d\u2019en faire de m\u00eame. Mais il cible cette fois sa \u00ab meilleure ennemie \u00bb, la s\u00e9natrice LR Dominique Estrosi-Sassone, qui si\u00e8ge dans la majorit\u00e9 de Christian Estrosi au conseil municipal, d\u00e9sign\u00e9e comme chef de file LR pour Nice en vue des prochaines \u00e9lections municipales.<\/p>\n<p class=\"fs-5 \">\u00ab Cette fa\u00e7on de faire n\u2019est pas acceptable. Il n\u2019y a eu ni consultation du comit\u00e9 d\u00e9partemental des Alpes-Maritimes, ni \u00e9change formel avec les parlementaires du d\u00e9partement avant cette annonce. Or, on ne peut pas pr\u00e9tendre parler au nom d\u2019un territoire sans l\u2019avoir \u00e9cout\u00e9. \u00bb<\/p>\n<p>                                                                                <strong>\u00ab Nice a besoin d\u2019une droite claire \u00bb<\/strong><\/p>\n<p class=\"fs-5 \">Et le s\u00e9nateur azur\u00e9en d\u2019enfoncer le clou : \u00ab Nous refusons que notre famille politique serve de marchepied \u00e0 des combinaisons partisanes au profit d\u2019un maire dont le cap politique a chang\u00e9 au gr\u00e9 des circonstances : soutien affich\u00e9 \u00e0 Emmanuel Macron d\u00e8s 2017, d\u00e9part des R\u00e9publicains en 2021, puis ralliement \u00e0 Horizons (\u00c9douard Philippe) fin 2021. Cette inconstance en dit long : on ne b\u00e2tit pas l\u2019avenir de Nice sur des tergiversations. Nice a besoin d\u2019une droite claire, fid\u00e8le \u00e0 ses \u00e9lecteurs, respectueuse de ses militants, pas d\u2019une droite instrumentalis\u00e9e par des arrangements de circonstances. \u00bb<\/p>\n","protected":false},"excerpt":{"rendered":"Le maire LR de Cannes David Lisnard n\u2019est pas le seul \u00e0 d\u00e9noncer le soutien des R\u00e9publicains au&hellip;\n","protected":false},"author":2,"featured_media":615280,"comment_status":"","ping_status":"","sticky":false,"template":"","format":"standard","meta":{"footnotes":""},"categories":[2819],"tags":[1111,11,1777,674,1011,27,3434,12,2401,882,25],"class_list":{"0":"post-615279","1":"post","2":"type-post","3":"status-publish","4":"format-standard","5":"has-post-thumbnail","7":"category-nice","8":"tag-actu","9":"tag-actualites","10":"tag-eu","11":"tag-europe","12":"tag-fr","13":"tag-france","14":"tag-municipales-2026","15":"tag-news","16":"tag-nice","17":"tag-provence-alpes-cote-dazur","18":"tag-republique-francaise"},"share_on_mastodon":{"url":"https:\/\/pubeurope.com\/@fr\/115761866622747699","error":""},"_links":{"self":[{"href":"https:\/\/www.europesays.com\/fr\/wp-json\/wp\/v2\/posts\/615279","targetHints":{"allow":["GET"]}}],"collection":[{"href":"https:\/\/www.europesays.com\/fr\/wp-json\/wp\/v2\/posts"}],"about":[{"href":"https:\/\/www.europesays.com\/fr\/wp-json\/wp\/v2\/types\/post"}],"author":[{"embeddable":true,"href":"https:\/\/www.europesays.com\/fr\/wp-json\/wp\/v2\/users\/2"}],"replies":[{"embeddable":true,"href":"https:\/\/www.europesays.com\/fr\/wp-json\/wp\/v2\/comments?post=615279"}],"version-history":[{"count":0,"href":"https:\/\/www.europesays.com\/fr\/wp-json\/wp\/v2\/posts\/615279\/revisions"}],"wp:featuredmedia":[{"embeddable":true,"href":"https:\/\/www.europesays.com\/fr\/wp-json\/wp\/v2\/media\/615280"}],"wp:attachment":[{"href":"https:\/\/www.europesays.com\/fr\/wp-json\/wp\/v2\/media?parent=615279"}],"wp:term":[{"taxonomy":"category","embeddable":true,"href":"https:\/\/www.europesays.com\/fr\/wp-json\/wp\/v2\/categories?post=615279"},{"taxonomy":"post_tag","embeddable":true,"href":"https:\/\/www.europesays.com\/fr\/wp-json\/wp\/v2\/tags?post=615279"}],"curies":[{"name":"wp","href":"https:\/\/api.w.org\/{rel}","templated":true}]}}