{"id":615281,"date":"2025-12-22T06:44:15","date_gmt":"2025-12-22T06:44:15","guid":{"rendered":"https:\/\/www.europesays.com\/fr\/615281\/"},"modified":"2025-12-22T06:44:15","modified_gmt":"2025-12-22T06:44:15","slug":"la-minute-rouge-et-noir-faire-rimer-2026-avec-nice","status":"publish","type":"post","link":"https:\/\/www.europesays.com\/fr\/615281\/","title":{"rendered":"La minute Rouge et Noir\u00a0: Faire rimer 2026 avec Nice"},"content":{"rendered":"<p>Sans briller, les Aiglons ont su stopper la s\u00e9rie noire de neuf d\u00e9faites en se qualifiant difficilement ce dimanche face \u00e0 l&rsquo;AS Saint-Etienne (2-1) en 32e de finale de la Coupe de France. De quoi terminer 2025 sur un sourire et pourquoi pas faire rimer 2026 avec Nice.<\/p>\n<p>Si la Coupe de France offre souvent de belles histoires avec les petits poucets qui dominent les grands, parfois au d\u00e9triment des Aiglons d\u2019ailleurs, c\u2019est le petit poussif qui est pass\u00e9 ce dimanche par un trou de souris. Sans gourmandise et sans bonnet de No\u00ebl comme il est normalement de coutume pour la der&rsquo; de l&rsquo;ann\u00e9e \u00e0 l&rsquo;Allianz. Un stade silencieux, \u00e0 huis clos, en attendant peut-\u00eatre de retrouver de la voix en janvier dans le sillage de ces Aiglons qui ont trouv\u00e9 la voie en prenant tant de virages vers les 16e de finale.<\/p>\n<p>Victoire difficile mais soulagement \u00e9vident avant de partir en vacances et de tourner le dos \u00e0 cette ann\u00e9e \u00e9reintante sur tous les terrains et \u00e0 cette saison d\u00e9clinante depuis le mois d\u2019aout, d\u00e9marr\u00e9e avec l\u2019espoir de jouer la Ligue des Champions et qui aurait pu d\u00e9j\u00e0 refermer tout espoir de sourire si Saint-Etienne avait su concr\u00e9tiser ces occasions et ces erreurs d\u00e9fensives r\u00e9dhibitoires en Ligue 1 et en Europe. Mais heureusement dimanche c\u2019\u00e9tait un club de Ligue 2 pas beaucoup plus en confiance que les Aiglons et qui a donc laiss\u00e9 la qualif au Gym de Zoumana Diallo.<\/p>\n<p>Titulaire et buteur pour sa 1ere sous le maillot rouge et noir, l&rsquo;Alsacien de 20 ans s&rsquo;en souviendra. Et les dirigeants ni\u00e7ois aussi sans doute au moment de se pencher sur le mercato. Voil\u00e0 un attaquant qui marque et qui en montre plus en 10 minutes que Kevin Carlos en cinq mois. Un buteur rest\u00e9 sur le banc face aux Verts pour confirmer que le club cherche quand m\u00eame un renfort dans ce secteur qui devrait bien s\u2019appeler Elye Wahi.<\/p>\n<p>L&rsquo;ex-grand espoir de Montpellier, un peu perdu en Allemagne \u00e0 Francfort, a dit oui aux Aiglons et surtout a Franck Haise son ancien entraineur crois\u00e9 a Lens, qui doit se r\u00e9jouir de retrouver un jeune homme qui se dit tr\u00e8s motiv\u00e9 a l\u2019id\u00e9e de jouer le maintien ici. Tant mieux. C\u2019est l&rsquo;unique objectif fix\u00e9 par le revenant Jean-Pierre Rivere vendredi. Un pr\u00e9sident pr\u00e9sent et omnipr\u00e9sent d\u2019ailleurs dans cette Allianz Riviera vide. On n\u2019a vu que lui et sa chevelure argent\u00e9e en tribune puisque Maurice Cohen \u00e9tait retenu en Alsace pour des raisons personnelles. L\u2019effet \u00ab\u00a0JPR\u00a0\u00bb pour redonner un peu d\u2019air avant les f\u00eates. Stopper les d\u00e9faites et peut-\u00eatre faire rimer 2026 avec l\u2019ann\u00e9e de Nice&#8230;<\/p>\n","protected":false},"excerpt":{"rendered":"Sans briller, les Aiglons ont su stopper la s\u00e9rie noire de neuf d\u00e9faites en se qualifiant difficilement ce&hellip;\n","protected":false},"author":2,"featured_media":615282,"comment_status":"","ping_status":"","sticky":false,"template":"","format":"standard","meta":{"footnotes":""},"categories":[2819],"tags":[1111,11,1777,674,1011,27,12,2401,882,25],"class_list":{"0":"post-615281","1":"post","2":"type-post","3":"status-publish","4":"format-standard","5":"has-post-thumbnail","7":"category-nice","8":"tag-actu","9":"tag-actualites","10":"tag-eu","11":"tag-europe","12":"tag-fr","13":"tag-france","14":"tag-news","15":"tag-nice","16":"tag-provence-alpes-cote-dazur","17":"tag-republique-francaise"},"share_on_mastodon":{"url":"https:\/\/pubeurope.com\/@fr\/115761870497947853","error":""},"_links":{"self":[{"href":"https:\/\/www.europesays.com\/fr\/wp-json\/wp\/v2\/posts\/615281","targetHints":{"allow":["GET"]}}],"collection":[{"href":"https:\/\/www.europesays.com\/fr\/wp-json\/wp\/v2\/posts"}],"about":[{"href":"https:\/\/www.europesays.com\/fr\/wp-json\/wp\/v2\/types\/post"}],"author":[{"embeddable":true,"href":"https:\/\/www.europesays.com\/fr\/wp-json\/wp\/v2\/users\/2"}],"replies":[{"embeddable":true,"href":"https:\/\/www.europesays.com\/fr\/wp-json\/wp\/v2\/comments?post=615281"}],"version-history":[{"count":0,"href":"https:\/\/www.europesays.com\/fr\/wp-json\/wp\/v2\/posts\/615281\/revisions"}],"wp:featuredmedia":[{"embeddable":true,"href":"https:\/\/www.europesays.com\/fr\/wp-json\/wp\/v2\/media\/615282"}],"wp:attachment":[{"href":"https:\/\/www.europesays.com\/fr\/wp-json\/wp\/v2\/media?parent=615281"}],"wp:term":[{"taxonomy":"category","embeddable":true,"href":"https:\/\/www.europesays.com\/fr\/wp-json\/wp\/v2\/categories?post=615281"},{"taxonomy":"post_tag","embeddable":true,"href":"https:\/\/www.europesays.com\/fr\/wp-json\/wp\/v2\/tags?post=615281"}],"curies":[{"name":"wp","href":"https:\/\/api.w.org\/{rel}","templated":true}]}}