{"id":615283,"date":"2025-12-22T06:46:04","date_gmt":"2025-12-22T06:46:04","guid":{"rendered":"https:\/\/www.europesays.com\/fr\/615283\/"},"modified":"2025-12-22T06:46:04","modified_gmt":"2025-12-22T06:46:04","slug":"septembre-fut-la-decouverte-totale-un-premier-bilan-pour-cette-principale-de-college-de","status":"publish","type":"post","link":"https:\/\/www.europesays.com\/fr\/615283\/","title":{"rendered":"\u00ab\u00a0Septembre fut la d\u00e9couverte totale\u00a0\u00bb\u00a0: un premier bilan pour cette principale de coll\u00e8ge de"},"content":{"rendered":"<p>Quatre mois apr\u00e8s la rentr\u00e9e, Fr\u00e9d\u00e9rique Gossart a eu le temps de prendre ses marques, de s\u2019impr\u00e9gner du fonctionnement de l\u2019\u00e9tablissement, d\u2019observer et de rencontrer l\u2019ensemble des partenaires qui gravitent autour du coll\u00e8ge Allende.<\/p>\n<p>Nouvelle principale, elle dirige aujourd\u2019hui un \u00e9tablissement qui accueille 575\u00a0coll\u00e9giens, dont une Segpa et une Unit\u00e9 locale d\u2019inclusion scolaire. Rencontre.<\/p>\n<p><strong>? \u00c0 LIRE &#8230;<\/strong><\/p>\n<p>\u00a0<\/p>\n","protected":false},"excerpt":{"rendered":"Quatre mois apr\u00e8s la rentr\u00e9e, Fr\u00e9d\u00e9rique Gossart a eu le temps de prendre ses marques, de s\u2019impr\u00e9gner du&hellip;\n","protected":false},"author":2,"featured_media":615284,"comment_status":"","ping_status":"","sticky":false,"template":"","format":"standard","meta":{"footnotes":""},"categories":[2818],"tags":[1111,11,3783,1124,5975,1777,674,1011,27,3047,766,12,2636,39240,25,3272,395,13226],"class_list":{"0":"post-615283","1":"post","2":"type-post","3":"status-publish","4":"format-standard","5":"has-post-thumbnail","7":"category-nantes","8":"tag-actu","9":"tag-actualites","10":"tag-bilan","11":"tag-college","12":"tag-decouverte","13":"tag-eu","14":"tag-europe","15":"tag-fr","16":"tag-france","17":"tag-loire-atlantique","18":"tag-nantes","19":"tag-news","20":"tag-pays-de-la-loire","21":"tag-principale","22":"tag-republique-francaise","23":"tag-saint-nazaire","24":"tag-septembre","25":"tag-totale"},"share_on_mastodon":{"url":"https:\/\/pubeurope.com\/@fr\/115761878456091667","error":""},"_links":{"self":[{"href":"https:\/\/www.europesays.com\/fr\/wp-json\/wp\/v2\/posts\/615283","targetHints":{"allow":["GET"]}}],"collection":[{"href":"https:\/\/www.europesays.com\/fr\/wp-json\/wp\/v2\/posts"}],"about":[{"href":"https:\/\/www.europesays.com\/fr\/wp-json\/wp\/v2\/types\/post"}],"author":[{"embeddable":true,"href":"https:\/\/www.europesays.com\/fr\/wp-json\/wp\/v2\/users\/2"}],"replies":[{"embeddable":true,"href":"https:\/\/www.europesays.com\/fr\/wp-json\/wp\/v2\/comments?post=615283"}],"version-history":[{"count":0,"href":"https:\/\/www.europesays.com\/fr\/wp-json\/wp\/v2\/posts\/615283\/revisions"}],"wp:featuredmedia":[{"embeddable":true,"href":"https:\/\/www.europesays.com\/fr\/wp-json\/wp\/v2\/media\/615284"}],"wp:attachment":[{"href":"https:\/\/www.europesays.com\/fr\/wp-json\/wp\/v2\/media?parent=615283"}],"wp:term":[{"taxonomy":"category","embeddable":true,"href":"https:\/\/www.europesays.com\/fr\/wp-json\/wp\/v2\/categories?post=615283"},{"taxonomy":"post_tag","embeddable":true,"href":"https:\/\/www.europesays.com\/fr\/wp-json\/wp\/v2\/tags?post=615283"}],"curies":[{"name":"wp","href":"https:\/\/api.w.org\/{rel}","templated":true}]}}