{"id":615291,"date":"2025-12-22T06:50:11","date_gmt":"2025-12-22T06:50:11","guid":{"rendered":"https:\/\/www.europesays.com\/fr\/615291\/"},"modified":"2025-12-22T06:50:11","modified_gmt":"2025-12-22T06:50:11","slug":"le-dispositif-prevu-pour-2-mois-va-perdurer","status":"publish","type":"post","link":"https:\/\/www.europesays.com\/fr\/615291\/","title":{"rendered":"le dispositif pr\u00e9vu pour 2 mois, va perdurer"},"content":{"rendered":"<p>                    Par<br \/>\n        <strong><br \/>\n            <a href=\"https:\/\/actu.fr\/auteur\/lucie-2\" title=\"Consulter tous les articles de Lucie Fraisse\" target=\"_blank\" rel=\"noopener\">Lucie Fraisse<\/a><br \/>\n                    <\/strong><\/p>\n<p>        Publi\u00e9 le<\/p>\n<p>            22 d\u00e9c. 2025 \u00e0 7h12        <\/p>\n<p>Mieux orienter les patients \u00e0 leur arriv\u00e9e aux urgences adultes du <a href=\"https:\/\/actu.fr\/tag\/chu-de-toulouse\" target=\"_blank\" rel=\"noopener\">CHU de Toulouse<\/a>, que ce soit \u00e0 <strong>Purpan ou \u00e0 Rangueil<\/strong>. Depuis le d\u00e9but du mois de novembre\u00a02025, l\u2019accueil des patients est renforc\u00e9 avec un infirmier d\u2019accueil et d\u2019orientation en plus ce qui permet de r\u00e9orienter les patients qui ne rel\u00e8vent pas des urgences vers la m\u00e9decine de ville.<\/p>\n<p>Une nouvelle organisation \u00ab\u2009bien accept\u00e9e\u2009\u00bb par les patients<\/p>\n<p class=\" wall-content\">Une nouvelle organisation qui \u00ab\u2009se passe plut\u00f4t bien, selon le professeur Sandrine Charpentier, cheffe du p\u00f4le urgences du CHU de Toulouse.\u2009On remet les patients dans les fili\u00e8res adapt\u00e9es \u00e0 leur \u00e9tat de sant\u00e9.\u2009\u00bb<\/p>\n<p class=\" wall-content\">Sur les sites de<strong> Purpan et Rangueil<\/strong>, une centaine de patients est ainsi r\u00e9orient\u00e9e chaque jour vers la m\u00e9decine de ville, contre une cinquantaine avant la mise en place du dispositif.<\/p>\n<p class=\" wall-content\">\u00ab\u2009Le service n\u2019est pas ferm\u00e9, <strong>on peut continuer \u00e0 venir aux urgences<\/strong>, insiste le professeur Charpentier. Et les patients acceptent tr\u00e8s bien cette nouvelle organisation.\u2009\u00bb<\/p>\n<p>Le dispositif prolong\u00e9<\/p>\n<p class=\" wall-content\">Initialement, <a href=\"https:\/\/actu.fr\/occitanie\/toulouse_31555\/chu-de-toulouse-en-manque-de-medecins-les-urgences-contraintes-d-adapter-leur-fonctionnement_63302283.html\" target=\"_blank\" rel=\"noopener\">cette nouvelle organisation \u00e9tait pr\u00e9vue pour durer deux mois<\/a>, en raison d\u2019une tension temporaire sur les effectifs m\u00e9dicaux d\u2019urgence. Sur la centaine de m\u00e9decins n\u00e9cessaires au bon fonctionnement des urgences et du Samu,<strong> il en manquait quasiment un quart.<\/strong><\/p>\n<p class=\" wall-content\">Des recrutements doivent arriver en janvier et f\u00e9vrier, mais pour autant, cette nouvelle organisation doit perdurer.<\/p>\n<p>Votre r\u00e9gion, votre actu !<\/p>\n<p>Recevez chaque jour les infos qui comptent pour vous.<\/p>\n<p>\t<a href=\"https:\/\/actu.fr\/newsletter\" class=\"ac-btn ac-btn--corner ac-btn--medium ac-btn--blue800\" target=\"_blank\" rel=\"noopener\">S&rsquo;incrire<\/a><\/p>\n<p class=\" wall-content\">\u00ab\u2009C\u2019est <strong>du bon sens<\/strong>, argue le professeur Sandrine Charpentier. \u00c7a nous oblige tous \u00e0 retravailler tous ensemble l\u2019offre de soins non programm\u00e9s, avec les cliniques, les m\u00e9decins lib\u00e9raux, les centres de soin non programm\u00e9s\u2026\u2009\u00bb<\/p>\n<p class=\" wall-content\">Une r\u00e9organisation n\u00e9cessaire, notamment en cette p\u00e9riode o\u00f9 les virus de l\u2019hiver circulent fortement. Depuis quelques jours, le port du masque est obligatoire pour les patients et leurs accompagnateurs qui arrivent aux urgences.<\/p>\n<p class=\" wall-content\">Personnalisez votre actualit\u00e9 en ajoutant vos villes et m\u00e9dias en favori avec <a href=\"https:\/\/moncompte.actu.fr\" title=\"D\u00e9couvez Mon Actu\" rel=\"nofollow noopener\" data-trk=\"{&quot;cta&quot;:{&quot;action&quot;:&quot;https:\\\/\\\/moncompte.actu.fr&quot;,&quot;category&quot;:&quot;mon compte&quot;,&quot;from&quot;:&quot;article footer&quot;,&quot;name&quot;:&quot;Mon actu&quot;,&quot;type&quot;:&quot;cta&quot;}}\" target=\"_blank\">Mon Actu<\/a>.<\/p>\n","protected":false},"excerpt":{"rendered":"Par Lucie Fraisse Publi\u00e9 le 22 d\u00e9c. 2025 \u00e0 7h12 Mieux orienter les patients \u00e0 leur arriv\u00e9e aux&hellip;\n","protected":false},"author":2,"featured_media":615292,"comment_status":"","ping_status":"","sticky":false,"template":"","format":"standard","meta":{"footnotes":""},"categories":[2816],"tags":[1111,11,2630,1777,674,1011,27,12,2680,25,104,2312,6444],"class_list":{"0":"post-615291","1":"post","2":"type-post","3":"status-publish","4":"format-standard","5":"has-post-thumbnail","7":"category-toulouse","8":"tag-actu","9":"tag-actualites","10":"tag-chu-de-toulouse","11":"tag-eu","12":"tag-europe","13":"tag-fr","14":"tag-france","15":"tag-news","16":"tag-occitanie","17":"tag-republique-francaise","18":"tag-societe","19":"tag-toulouse","20":"tag-urgences"},"share_on_mastodon":{"url":"https:\/\/pubeurope.com\/@fr\/115761894195603561","error":""},"_links":{"self":[{"href":"https:\/\/www.europesays.com\/fr\/wp-json\/wp\/v2\/posts\/615291","targetHints":{"allow":["GET"]}}],"collection":[{"href":"https:\/\/www.europesays.com\/fr\/wp-json\/wp\/v2\/posts"}],"about":[{"href":"https:\/\/www.europesays.com\/fr\/wp-json\/wp\/v2\/types\/post"}],"author":[{"embeddable":true,"href":"https:\/\/www.europesays.com\/fr\/wp-json\/wp\/v2\/users\/2"}],"replies":[{"embeddable":true,"href":"https:\/\/www.europesays.com\/fr\/wp-json\/wp\/v2\/comments?post=615291"}],"version-history":[{"count":0,"href":"https:\/\/www.europesays.com\/fr\/wp-json\/wp\/v2\/posts\/615291\/revisions"}],"wp:featuredmedia":[{"embeddable":true,"href":"https:\/\/www.europesays.com\/fr\/wp-json\/wp\/v2\/media\/615292"}],"wp:attachment":[{"href":"https:\/\/www.europesays.com\/fr\/wp-json\/wp\/v2\/media?parent=615291"}],"wp:term":[{"taxonomy":"category","embeddable":true,"href":"https:\/\/www.europesays.com\/fr\/wp-json\/wp\/v2\/categories?post=615291"},{"taxonomy":"post_tag","embeddable":true,"href":"https:\/\/www.europesays.com\/fr\/wp-json\/wp\/v2\/tags?post=615291"}],"curies":[{"name":"wp","href":"https:\/\/api.w.org\/{rel}","templated":true}]}}