{"id":615299,"date":"2025-12-22T06:56:11","date_gmt":"2025-12-22T06:56:11","guid":{"rendered":"https:\/\/www.europesays.com\/fr\/615299\/"},"modified":"2025-12-22T06:56:11","modified_gmt":"2025-12-22T06:56:11","slug":"ni-un-audit-ni-un-jugement-sur-la-qualite-de-la-gestion-selon-jean-michel-aulas","status":"publish","type":"post","link":"https:\/\/www.europesays.com\/fr\/615299\/","title":{"rendered":"\u00ab\u00a0Ni un audit, ni un jugement sur la qualit\u00e9 de la gestion\u00a0\u00bb selon Jean-Michel Aulas"},"content":{"rendered":"<p itemprop=\"description\"><strong>Qui pourra enfin d\u00e9partager <a href=\"https:\/\/www.lyonmag.com\/profil-personnalite-lyonnaise\/8\/jean-michel-aulas\" target=\"_blank\" rel=\"noopener\">Jean-Michel Aulas<\/a> et les \u00e9cologistes sur la question de la gestion de la M\u00e9tropole de Lyon ?<\/strong><\/p>\n<p>Le candidat \u00e0 l&rsquo;\u00e9lection municipale lyonnaise affirme que <a href=\"https:\/\/www.lyonmag.com\/profil-personnalite-lyonnaise\/518\/bruno-bernard\" target=\"_blank\" rel=\"noopener\">Bruno Bernard<\/a> et son \u00e9quipe ont r\u00e9alis\u00e9 un mandat cataclysmique, ponctu\u00e9 d&rsquo;un budget 2026 qu&rsquo;il juge insinc\u00e8re. Tandis que les Verts lui r\u00e9torquent que <a href=\"https:\/\/www.lyonmag.com\/article\/149044\/fitch-ratings-confirme-la-note-a-de-la-metropole-de-lyon\" target=\"_blank\" rel=\"noopener\">Fitch Ratings vient de confirmer la note A+ de la collectivit\u00e9<\/a>, la meilleure possible.<\/p>\n<p>Mais pour Jean-Michel Aulas, ce n&rsquo;est pas un argument recevable : \u00ab\u00a0J\u2019ai pass\u00e9 ma vie \u00e0 piloter des organisations not\u00e9es par les march\u00e9s, les banques et les agences. Je sais ce que mesure une note. L\u2019avis de Fitch n\u2019est ni un audit ni un jugement sur la qualit\u00e9 de la gestion : il analyse exclusivement les recettes et la capacit\u00e9 \u00e0 rembourser la dette. Il ne dit rien de la sinc\u00e9rit\u00e9 des d\u00e9penses, des engagements hors bilan, ni de projections financi\u00e8res s\u00e9rieuses\u00a0\u00bb.<\/p>\n<p>Selon l&rsquo;ancien pr\u00e9sident de l&rsquo;OL, les recettes relev\u00e9es de la M\u00e9tropole \u00ab\u00a0reposent surtout sur la hausse de la CFE et des DMTO, autrement dit, une pression fiscale accrue pour rester dans les clous. Et augmenter les imp\u00f4ts pour tenir la note, ce n\u2019est pas gouverner. C\u2019est masquer les faiblesses\u00a0\u00bb.<\/p>\n<p>Celui qui r\u00e9clame un audit ind\u00e9pendant pour clarifier le d\u00e9bat \u00e0 l&rsquo;approche des scrutins de mars prochain conclut en estimant que \u00ab\u00a0l\u2019autoglorification est facile. La bonne gestion, elle, se prouve\u00a0\u00bb. Et visiblement, la note de Fitch Ratings ne trouvera pas gr\u00e2ce \u00e0 ses yeux.<\/p>\n","protected":false},"excerpt":{"rendered":"Qui pourra enfin d\u00e9partager Jean-Michel Aulas et les \u00e9cologistes sur la question de la gestion de la M\u00e9tropole&hellip;\n","protected":false},"author":2,"featured_media":615300,"comment_status":"","ping_status":"","sticky":false,"template":"","format":"standard","meta":{"footnotes":""},"categories":[1889],"tags":[1111,11,2813,2190,2430,1109,251,1112,2811,1777,674,118,1011,27,1922,1110,1114,2428,2810,12,241,316,25,2812,517,800],"class_list":{"0":"post-615299","1":"post","2":"type-post","3":"status-publish","4":"format-standard","5":"has-post-thumbnail","7":"category-lyon","8":"tag-actu","9":"tag-actualites","10":"tag-article","11":"tag-asvel","12":"tag-auvergne-rhone-alpes","13":"tag-breves","14":"tag-culture","15":"tag-depeches","16":"tag-economique","17":"tag-eu","18":"tag-europe","19":"tag-faits-divers","20":"tag-fr","21":"tag-france","22":"tag-info","23":"tag-informations","24":"tag-infos","25":"tag-lyon","26":"tag-lyonmag","27":"tag-news","28":"tag-ol","29":"tag-politique","30":"tag-republique-francaise","31":"tag-sociale","32":"tag-sport","33":"tag-transports"},"share_on_mastodon":{"url":"https:\/\/pubeurope.com\/@fr\/115761917760727676","error":""},"_links":{"self":[{"href":"https:\/\/www.europesays.com\/fr\/wp-json\/wp\/v2\/posts\/615299","targetHints":{"allow":["GET"]}}],"collection":[{"href":"https:\/\/www.europesays.com\/fr\/wp-json\/wp\/v2\/posts"}],"about":[{"href":"https:\/\/www.europesays.com\/fr\/wp-json\/wp\/v2\/types\/post"}],"author":[{"embeddable":true,"href":"https:\/\/www.europesays.com\/fr\/wp-json\/wp\/v2\/users\/2"}],"replies":[{"embeddable":true,"href":"https:\/\/www.europesays.com\/fr\/wp-json\/wp\/v2\/comments?post=615299"}],"version-history":[{"count":0,"href":"https:\/\/www.europesays.com\/fr\/wp-json\/wp\/v2\/posts\/615299\/revisions"}],"wp:featuredmedia":[{"embeddable":true,"href":"https:\/\/www.europesays.com\/fr\/wp-json\/wp\/v2\/media\/615300"}],"wp:attachment":[{"href":"https:\/\/www.europesays.com\/fr\/wp-json\/wp\/v2\/media?parent=615299"}],"wp:term":[{"taxonomy":"category","embeddable":true,"href":"https:\/\/www.europesays.com\/fr\/wp-json\/wp\/v2\/categories?post=615299"},{"taxonomy":"post_tag","embeddable":true,"href":"https:\/\/www.europesays.com\/fr\/wp-json\/wp\/v2\/tags?post=615299"}],"curies":[{"name":"wp","href":"https:\/\/api.w.org\/{rel}","templated":true}]}}