{"id":61530,"date":"2025-04-29T10:14:12","date_gmt":"2025-04-29T10:14:12","guid":{"rendered":"https:\/\/www.europesays.com\/fr\/61530\/"},"modified":"2025-04-29T10:14:12","modified_gmt":"2025-04-29T10:14:12","slug":"trois-morts-dans-des-attaques-de-drones-mutuelles-avec-la-russie","status":"publish","type":"post","link":"https:\/\/www.europesays.com\/fr\/61530\/","title":{"rendered":"trois morts dans des attaques de drones mutuelles avec la Russie"},"content":{"rendered":"<p><strong>LE POINT SUR LA SITUATION &#8211;<\/strong> \u00abC\u2019est la Russie qui doit cesser le feu et ne pas bloquer les efforts de paix du pr\u00e9sident am\u00e9ricain Trump\u00bb, a d\u00e9clar\u00e9 le chef de l\u2019administration pr\u00e9sidentielle ukrainienne.<\/p>\n<p class=\"fig-paragraph\">Dans la nuit de lundi \u00e0 mardi, des attaques mutuelles entre l\u2019Ukraine et la Russie ont provoqu\u00e9 la mort d\u2019au moins trois personnes, dont une fillette de 12 ans.<\/p>\n<p class=\"fig-paragraph\">De son c\u00f4t\u00e9, Emmanuel Macron a d\u00e9clar\u00e9 \u00abaccro\u00eetre la pression sur la Russie\u00bb dans \u00ables huit \u00e0 dix jours prochains\u00bb, lors d\u2019une interview au Magazine\u00a0<a href=\"https:\/\/www.parismatch.com\/actu\/politique\/exclusif-emmanuel-macron-nous-avons-reussi-grace-a-cet-entretien-au-vatican-a-remettre-la-pression-sur-la-russie-250692\" target=\"_blank\" rel=\"nofollow noopener\" data-gtm-custom-categorie=\"navigation\" data-gtm-custom-action=\"crossclick\" data-gtm-custom-label=\"Contextuel\" data-gtm-event=\"customEventSPE\">Paris Match<\/a> . Le Figaro fait le point.<\/p>\n<p>Trois morts dans des attaques de drones mutuelles<\/p>\n<p class=\"fig-paragraph\">L&rsquo;Ukraine et la Russie se sont attaqu\u00e9s mutuellement dans la nuit de lundi \u00e0 mardi avec des\u00a0<a href=\"http:\/\/www.lefigaro.fr\/international\/guerre-en-ukraine-la-coree-du-nord-amorce-une-production-massive-de-drones-explosifs-20241115\" target=\"_blank\" data-fig-type=\"NewsFlash\" rel=\"noopener\" data-gtm-custom-categorie=\"navigation\" data-gtm-custom-action=\"crossclick\" data-gtm-custom-label=\"Contextuel\" data-gtm-event=\"customEventSPE\" data-fig-domain=\"LEFIGARO\">drones explosifs<\/a>, faisant au moins trois morts, apr\u00e8s plus de trois ans d&rsquo;invasion russe qui a fait des dizaines de milliers de victimes. Ces attaques interviennent en pleine effervescence diplomatique, le\u00a0<a href=\"http:\/\/www.lefigaro.fr\/international\/je-dirige-le-pays-et-le-monde-donald-trump-s-amuse-beaucoup-depuis-son-retour-a-la-maison-blanche-20250428\" target=\"_blank\" data-fig-type=\"NewsFlash\" rel=\"noopener\" data-gtm-custom-categorie=\"navigation\" data-gtm-custom-action=\"crossclick\" data-gtm-custom-label=\"Contextuel\" data-gtm-event=\"customEventSPE\" data-fig-domain=\"LEFIGARO\">pr\u00e9sident am\u00e9ricain Donald Trump<\/a>\u00a0voulant mettre fin au plus vite aux hostilit\u00e9s d\u00e9clench\u00e9es par Moscou, au moment o\u00f9 Kiev a accus\u00e9 le Kremlin de \u00abbloquer\u00bb les efforts du locataire de la Maison Blanche.<\/p>\n<p class=\"fig-paragraph\">\u00abUn seul ordre de Poutine et les tirs pourraient s&rsquo;arr\u00eater\u00bb, a martel\u00e9 ce mardi le chef de l&rsquo;administration pr\u00e9sidentielle ukrainienne, Andri\u00ef Iermak, sur Telegram. \u00abC&rsquo;est la Russie qui a commenc\u00e9 la guerre. C&rsquo;est elle qui doit cesser le feu et ne pas bloquer les efforts de paix du pr\u00e9sident am\u00e9ricain Trump, que l&rsquo;Ukraine soutient\u00bb, a-t-il ajout\u00e9.<\/p>\n<p class=\"fig-paragraph\">En attendant un \u00e9ventuel arr\u00eat des combats pour mettre fin \u00e0 l&rsquo;invasion russe, les frappes se poursuivent. Une attaque ukrainienne de drone a tu\u00e9 deux civils et bless\u00e9 trois autres, dont un \u00abgrave\u00bb, dans la r\u00e9gion russe de Belgorod, frontali\u00e8re de l&rsquo;Ukraine, selon le gouverneur Viatcheslav Gladkov.<\/p>\n<p>Une fillette de 12 ans tu\u00e9e<\/p>\n<p class=\"fig-paragraph\">En Ukraine, le gouverneur de la r\u00e9gion de Dnipropetrovsk Sergui\u00ef Lissiak a fait \u00e9tat sur Telegram d&rsquo;\u00abune nouvelle attaque massive aux drones\u00bb pr\u00e9cisant qu&rsquo;une fillette de 12 ans \u00e9tait morte et qu&rsquo;une enfant de six ans, ainsi que deux adultes, avaient \u00e9t\u00e9 bless\u00e9s. Selon les services de secours, \u00ables enfants se sont retrouv\u00e9s coinc\u00e9s sous les d\u00e9combres\u00bb lorsqu\u2019un drone a frapp\u00e9 une habitation dans le district de Samarivski.<\/p>\n<p class=\"fig-paragraph\">L\u2019enfant de 12 ans \u00abest morte en route pour l\u2019h\u00f4pital\u00bb tandis que l\u2019autre fillette a \u00e9t\u00e9 prise en charge par des m\u00e9decins, selon cette m\u00eame source, qui pr\u00e9cise que \u00ableurs parents ont aussi \u00e9t\u00e9 bless\u00e9s mais ont refus\u00e9 d\u2019\u00eatre hospitalis\u00e9s\u00bb.<\/p>\n<p>Macron annonce \u00abaccro\u00eetre la pression sur la Russie\u00bb dans \u00ables huit \u00e0 dix jours prochains\u00bb<\/p>\n<p class=\"fig-paragraph\">\u00abDans les huit \u00e0 dix jours prochains,\u00a0<a href=\"http:\/\/www.lefigaro.fr\/international\/apres-le-mini-sommet-diplomatique-au-vatican-macron-annonce-accroitre-la-pression-sur-la-russie-dans-les-huit-a-dix-jours-prochains-20250428\" target=\"_blank\" data-fig-type=\"NewsFlash\" rel=\"noopener\" data-gtm-custom-categorie=\"navigation\" data-gtm-custom-action=\"crossclick\" data-gtm-custom-label=\"Contextuel\" data-gtm-event=\"customEventSPE\" data-fig-domain=\"LEFIGARO\">nous allons accro\u00eetre la pression sur la Russie<\/a> \u00bb, a affirm\u00e9 lundi Emmanuel Macron dans un entretien publi\u00e9 par le magazine Paris Match, estimant avoir \u00abconvaincu les Am\u00e9ricains de la possibilit\u00e9 d\u2019une escalade des menaces, et potentiellement de sanctions\u00bb contre Moscou.<\/p>\n<p class=\"fig-paragraph\">\u00abLes quinze prochains jours vont \u00eatre cl\u00e9s pour essayer de mettre en \u0153uvre ce cessez-le-feu\u00bb voulu par les \u00c9tats-Unis, accept\u00e9 par l\u2019Ukraine et d\u00e9fendu par les Europ\u00e9ens, mais auquel la Russie n\u2019a pas encore souscrit, a insist\u00e9 le pr\u00e9sident fran\u00e7ais apr\u00e8s la rencontre entre ses homologues am\u00e9ricain Donald Trump et ukrainien Volodymyr Zelensky, samedi au Vatican.<\/p>\n","protected":false},"excerpt":{"rendered":"LE POINT SUR LA SITUATION &#8211; \u00abC\u2019est la Russie qui doit cesser le feu et ne pas bloquer&hellip;\n","protected":false},"author":2,"featured_media":61531,"comment_status":"","ping_status":"","sticky":false,"template":"","format":"standard","meta":{"footnotes":""},"categories":[1591],"tags":[259,11,260,2024,1073,1887,131,14,261,12,262,1885,1886,132],"class_list":{"0":"post-61530","1":"post","2":"type-post","3":"status-publish","4":"format-standard","5":"has-post-thumbnail","7":"category-russie","8":"tag-actualite-internationale","9":"tag-actualites","10":"tag-affaires-etrangeres","11":"tag-drones","12":"tag-emmanuel-macron","13":"tag-federation-de-russie","14":"tag-guerre-en-ukraine","15":"tag-international","16":"tag-ministere-des-affaires-etrangeres","17":"tag-news","18":"tag-politique-etrangere","19":"tag-russia","20":"tag-russian-federation","21":"tag-russie"},"share_on_mastodon":{"url":"https:\/\/pubeurope.com\/@fr\/114420728737086735","error":""},"_links":{"self":[{"href":"https:\/\/www.europesays.com\/fr\/wp-json\/wp\/v2\/posts\/61530","targetHints":{"allow":["GET"]}}],"collection":[{"href":"https:\/\/www.europesays.com\/fr\/wp-json\/wp\/v2\/posts"}],"about":[{"href":"https:\/\/www.europesays.com\/fr\/wp-json\/wp\/v2\/types\/post"}],"author":[{"embeddable":true,"href":"https:\/\/www.europesays.com\/fr\/wp-json\/wp\/v2\/users\/2"}],"replies":[{"embeddable":true,"href":"https:\/\/www.europesays.com\/fr\/wp-json\/wp\/v2\/comments?post=61530"}],"version-history":[{"count":0,"href":"https:\/\/www.europesays.com\/fr\/wp-json\/wp\/v2\/posts\/61530\/revisions"}],"wp:featuredmedia":[{"embeddable":true,"href":"https:\/\/www.europesays.com\/fr\/wp-json\/wp\/v2\/media\/61531"}],"wp:attachment":[{"href":"https:\/\/www.europesays.com\/fr\/wp-json\/wp\/v2\/media?parent=61530"}],"wp:term":[{"taxonomy":"category","embeddable":true,"href":"https:\/\/www.europesays.com\/fr\/wp-json\/wp\/v2\/categories?post=61530"},{"taxonomy":"post_tag","embeddable":true,"href":"https:\/\/www.europesays.com\/fr\/wp-json\/wp\/v2\/tags?post=61530"}],"curies":[{"name":"wp","href":"https:\/\/api.w.org\/{rel}","templated":true}]}}