{"id":615315,"date":"2025-12-22T07:06:15","date_gmt":"2025-12-22T07:06:15","guid":{"rendered":"https:\/\/www.europesays.com\/fr\/615315\/"},"modified":"2025-12-22T07:06:15","modified_gmt":"2025-12-22T07:06:15","slug":"les-pourparlers-en-floride-ont-ete-constructifs-mais-sans-percee-significative","status":"publish","type":"post","link":"https:\/\/www.europesays.com\/fr\/615315\/","title":{"rendered":"Les pourparlers en Floride ont \u00e9t\u00e9 \u00ab\u00a0constructifs\u00a0\u00bb mais sans perc\u00e9e significative\u2026"},"content":{"rendered":"<p>Les Russes \u00e9galement pr\u00e9sents en Floride<\/p>\n<p>La partie am\u00e9ricaine a \u00e9galement re\u00e7u \u00e0 Miami l\u2019\u00e9missaire russe Kirill Dmitriev, lequel a aussi salu\u00e9 dimanche le caract\u00e8re constructif des \u00e9changes.<\/p>\n<p>Toutefois, le conseiller diplomatique du Kremlin, Iouri Ouchakov, a fait savoir qu\u2019une hypoth\u00e9tique rencontre Russie\/Etats-Unis\/Ukraine n\u2019\u00e9tait \u00ab\u00a0pas en cours de pr\u00e9paration\u00a0\u00bb, alors que Kiev avait \u00e9voqu\u00e9 une proposition de Washington en ce sens.<\/p>\n<p>Des pourparlers \u00ab\u00a0constructifs\u00a0\u00bb en Floride<\/p>\n<p>Les Etats-Unis et l\u2019Ukraine ont salu\u00e9 dimanche des \u00e9changes \u00ab\u00a0productifs et constructifs\u00a0\u00bb entre \u00e9missaires des deux pays r\u00e9unis \u00e0 Miami, en pr\u00e9sence de n\u00e9gociateurs europ\u00e9ens, en vue de mettre fin \u00e0 la guerre en Ukraine.<\/p>\n<p>M\u00eame si ce cycle de pourparlers n\u2019a produit aucune perc\u00e9e significative, toutes les parties ont tenu \u00e0 se montrer positives. \u00ab\u00a0Au cours des trois derniers jours en Floride, la d\u00e9l\u00e9gation ukrainienne a tenu une s\u00e9rie de r\u00e9unions productives et constructives avec ses partenaires am\u00e9ricains et europ\u00e9ens\u00a0\u00bb ont ainsi \u00e9crit sur X Steve Witkoff, fid\u00e8le de Donald Trump et ordonnateur de ces discussions, et Roustem Oumerov, n\u00e9gociateur en chef de Kiev.<\/p>\n<p>Am\u00e9ricains, Ukrainiens et Europ\u00e9ens sont depuis vendredi dans la m\u00e9gapole baln\u00e9aire de Miami, sous l\u2019\u00e9gide de Steve Witkoff et de Jared Kushner, le gendre du pr\u00e9sident Trump. Leur r\u00e9union s\u2019est focalis\u00e9e selon eux sur l\u2019\u00e9laboration et l\u2019harmonisation des positions sur \u00ab\u00a0quatre documents cl\u00e9s\u00a0\u00bb\u00a0: un \u00ab\u00a0plan en 20 points\u00a0\u00bb, un \u00ab\u00a0cadre multilat\u00e9ral de garantie de s\u00e9curit\u00e9\u00a0\u00bb, un \u00ab\u00a0cadre am\u00e9ricain de garantie de s\u00e9curit\u00e9 pour l\u2019Ukraine\u00a0\u00bb et un \u00ab\u00a0plan \u00e9conomique et de prosp\u00e9rit\u00e9\u00a0\u00bb.<\/p>\n<p>Bienvenue dans ce nouveau Live<\/p>\n<p>Bonjour \u00e0 toutes et \u00e0 tous. Comme chaque jour, la r\u00e9daction de 20 Minutes est mobilis\u00e9e pour vous donner l\u2019ensemble des informations sur le conflit entre Kiev et Moscou. Si sur le terrain les combats se poursuivent, dans le m\u00eame temps, la diplomatie \u2013 avec \u00e0 la man\u0153uvre les Etats-Unis \u2013 marche \u00e0 plein r\u00e9gime pour tenter de trouver un chemin vers la paix.<\/p>\n","protected":false},"excerpt":{"rendered":"Les Russes \u00e9galement pr\u00e9sents en Floride La partie am\u00e9ricaine a \u00e9galement re\u00e7u \u00e0 Miami l\u2019\u00e9missaire russe Kirill Dmitriev,&hellip;\n","protected":false},"author":2,"featured_media":615316,"comment_status":"","ping_status":"","sticky":false,"template":"","format":"standard","meta":{"footnotes":""},"categories":[1590],"tags":[47,11,75,73,1777,674,131,74,12,132,220,555,133,135,134],"class_list":{"0":"post-615315","1":"post","2":"type-post","3":"status-publish","4":"format-standard","5":"has-post-thumbnail","7":"category-ukraine","8":"tag-actualite","9":"tag-actualites","10":"tag-donald-trump","11":"tag-etats-unis","12":"tag-eu","13":"tag-europe","14":"tag-guerre-en-ukraine","15":"tag-monde","16":"tag-news","17":"tag-russie","18":"tag-ukraine","19":"tag-union-europeenne-ue","20":"tag-video","21":"tag-vladimir-poutine","22":"tag-volodymyr-zelensky"},"share_on_mastodon":{"url":"https:\/\/pubeurope.com\/@fr\/115761957058359560","error":""},"_links":{"self":[{"href":"https:\/\/www.europesays.com\/fr\/wp-json\/wp\/v2\/posts\/615315","targetHints":{"allow":["GET"]}}],"collection":[{"href":"https:\/\/www.europesays.com\/fr\/wp-json\/wp\/v2\/posts"}],"about":[{"href":"https:\/\/www.europesays.com\/fr\/wp-json\/wp\/v2\/types\/post"}],"author":[{"embeddable":true,"href":"https:\/\/www.europesays.com\/fr\/wp-json\/wp\/v2\/users\/2"}],"replies":[{"embeddable":true,"href":"https:\/\/www.europesays.com\/fr\/wp-json\/wp\/v2\/comments?post=615315"}],"version-history":[{"count":0,"href":"https:\/\/www.europesays.com\/fr\/wp-json\/wp\/v2\/posts\/615315\/revisions"}],"wp:featuredmedia":[{"embeddable":true,"href":"https:\/\/www.europesays.com\/fr\/wp-json\/wp\/v2\/media\/615316"}],"wp:attachment":[{"href":"https:\/\/www.europesays.com\/fr\/wp-json\/wp\/v2\/media?parent=615315"}],"wp:term":[{"taxonomy":"category","embeddable":true,"href":"https:\/\/www.europesays.com\/fr\/wp-json\/wp\/v2\/categories?post=615315"},{"taxonomy":"post_tag","embeddable":true,"href":"https:\/\/www.europesays.com\/fr\/wp-json\/wp\/v2\/tags?post=615315"}],"curies":[{"name":"wp","href":"https:\/\/api.w.org\/{rel}","templated":true}]}}