{"id":615323,"date":"2025-12-22T07:10:18","date_gmt":"2025-12-22T07:10:18","guid":{"rendered":"https:\/\/www.europesays.com\/fr\/615323\/"},"modified":"2025-12-22T07:10:18","modified_gmt":"2025-12-22T07:10:18","slug":"les-valeurs-a-suivre-a-paris-et-en-europe-actualise-22-12-2025-a-0800","status":"publish","type":"post","link":"https:\/\/www.europesays.com\/fr\/615323\/","title":{"rendered":"Les valeurs \u00e0 suivre \u00e0 Paris et en Europe (actualis\u00e9) &#8211; 22\/12\/2025 \u00e0 08:00"},"content":{"rendered":"<p>\n (Actualis\u00e9 avec Ipsen, Eiffage, Edenred, Nanobiotix et Lisi)\n<\/p>\n<p>\n *\n<\/p>\n<p>\n Variation des futures sur indice CAC 40  0#FCE:\n<\/p>\n<p>\n *\n<\/p>\n<p>\n Variation des futures sur indice Stoxx 600  0#FXXP:\n<\/p>\n<p>\n *\n<\/p>\n<p>\n Valeurs qui se traitent ex-dividende  .EX.PA\n<\/p>\n<p>\n *\n<\/p>\n<p>\n Le point sur les march\u00e9s europ\u00e9ens  .EUFR\n<\/p>\n<p>\n Les valeurs \u00e0 suivre<br \/>\nlundi \u00e0 la Bourse de Paris et en Europe :\n<\/p>\n<p>\n * CR\u00c9DIT AGRICOLE<br \/>\n <a href=\"https:\/\/www.boursorama.com\/cours\/1rPACA\/\" target=\"_blank\" rel=\"noopener\"><br \/>\n  CAGR.PA<br \/>\n <\/a><br \/>\n a confi\u00e9 \u00e0 Kepler Cheuvreux la<br \/>\nmise en oeuvre d\u2019un contrat de liquidit\u00e9.\n<\/p>\n<p>\n * ICADE<br \/>\n <a href=\"https:\/\/www.boursorama.com\/cours\/1rPICAD\/\" target=\"_blank\" rel=\"noopener\"><br \/>\n  ICAD.PA<br \/>\n <\/a><br \/>\n a finalis\u00e9 la cession du parc d\u2019activit\u00e9s<br \/>\nLe Mauvin \u00e0 Sogaris.\n<\/p>\n<p>\n *\n<\/p>\n<p>\n IPSEN\n<\/p>\n<p>\n <a href=\"https:\/\/www.boursorama.com\/cours\/1rPIPN\/\" target=\"_blank\" rel=\"noopener\"><br \/>\n  IPN.PA<br \/>\n <\/a><br \/>\n a annonc\u00e9 lundi la signature d\u2019un accord exclusif<br \/>\nde licence conf\u00e9rant au groupe les droits mondiaux, en dehors de<br \/>\nla Grande Chine, pour le conjugu\u00e9 anticorps-m\u00e9dicament SIM0613<br \/>\nd\u00e9velopp\u00e9 par Simcere Zaiming  2095.HK .\n<\/p>\n<p>\n * EIFFAGE<br \/>\n <a href=\"https:\/\/www.boursorama.com\/cours\/1rPFGR\/\" target=\"_blank\" rel=\"noopener\"><br \/>\n  FOUG.PA<br \/>\n <\/a>\n<\/p>\n<p>\n entre officiellement\n<\/p>\n<p>\n au CAC 40<br \/>\n <a href=\"https:\/\/www.boursorama.com\/cours\/1rPCAC\/\" target=\"_blank\" rel=\"noopener\"><br \/>\n  .FCHI<br \/>\n <\/a><br \/>\n , indice phare de la Bourse de Paris,<br \/>\ntandis que EDENRED<br \/>\n <a href=\"https:\/\/www.boursorama.com\/cours\/1rPEDEN\/\" target=\"_blank\" rel=\"noopener\"><br \/>\n  EDEN.PA<br \/>\n <\/a><br \/>\n en est exclu.\n<\/p>\n<p>\n NANOBIOTIX<br \/>\n <a href=\"https:\/\/www.boursorama.com\/cours\/1rPNANO\/\" target=\"_blank\" rel=\"noopener\"><br \/>\n  NANOB.PA<br \/>\n <\/a><br \/>\n et LISI<br \/>\n <a href=\"https:\/\/www.boursorama.com\/cours\/1rPFII\/\" target=\"_blank\" rel=\"noopener\"><br \/>\n  GFII.PA<br \/>\n <\/a><br \/>\n entrent pour<br \/>\nleur part au SBF 120<br \/>\n <a href=\"https:\/\/www.boursorama.com\/cours\/1rPPX4\/\" target=\"_blank\" rel=\"noopener\"><br \/>\n  .SBF120<br \/>\n <\/a><br \/>\n .\n<\/p>\n<p>\n L&rsquo;AGENDA FRANCE &amp; INTERNATIONAL \u00c0 7 JOURS:  L8N3XO119\n<\/p>\n<p>\n (R\u00e9dig\u00e9 par Mara V\u00eelcu et Augustin Turpin)<\/p>\n","protected":false},"excerpt":{"rendered":"(Actualis\u00e9 avec Ipsen, Eiffage, Edenred, Nanobiotix et Lisi) * Variation des futures sur indice CAC 40 0#FCE: *&hellip;\n","protected":false},"author":2,"featured_media":607076,"comment_status":"","ping_status":"","sticky":false,"template":"","format":"standard","meta":{"footnotes":""},"categories":[1586],"tags":[400,11,398,408,405,1777,674,1011,27,403,402,399,404,12,25,401,406,407],"class_list":{"0":"post-615323","1":"post","2":"type-post","3":"status-publish","4":"format-standard","5":"has-post-thumbnail","7":"category-europe","8":"tag-action-cac-40","9":"tag-actualites","10":"tag-bourse-de-paris","11":"tag-boursorama","12":"tag-cotations","13":"tag-eu","14":"tag-europe","15":"tag-fr","16":"tag-france","17":"tag-indices-devises","18":"tag-investir","19":"tag-investissement","20":"tag-marche-boursier","21":"tag-news","22":"tag-republique-francaise","23":"tag-sicav","24":"tag-trackers","25":"tag-warrants"},"share_on_mastodon":{"url":"https:\/\/pubeurope.com\/@fr\/115761972843895053","error":""},"_links":{"self":[{"href":"https:\/\/www.europesays.com\/fr\/wp-json\/wp\/v2\/posts\/615323","targetHints":{"allow":["GET"]}}],"collection":[{"href":"https:\/\/www.europesays.com\/fr\/wp-json\/wp\/v2\/posts"}],"about":[{"href":"https:\/\/www.europesays.com\/fr\/wp-json\/wp\/v2\/types\/post"}],"author":[{"embeddable":true,"href":"https:\/\/www.europesays.com\/fr\/wp-json\/wp\/v2\/users\/2"}],"replies":[{"embeddable":true,"href":"https:\/\/www.europesays.com\/fr\/wp-json\/wp\/v2\/comments?post=615323"}],"version-history":[{"count":0,"href":"https:\/\/www.europesays.com\/fr\/wp-json\/wp\/v2\/posts\/615323\/revisions"}],"wp:featuredmedia":[{"embeddable":true,"href":"https:\/\/www.europesays.com\/fr\/wp-json\/wp\/v2\/media\/607076"}],"wp:attachment":[{"href":"https:\/\/www.europesays.com\/fr\/wp-json\/wp\/v2\/media?parent=615323"}],"wp:term":[{"taxonomy":"category","embeddable":true,"href":"https:\/\/www.europesays.com\/fr\/wp-json\/wp\/v2\/categories?post=615323"},{"taxonomy":"post_tag","embeddable":true,"href":"https:\/\/www.europesays.com\/fr\/wp-json\/wp\/v2\/tags?post=615323"}],"curies":[{"name":"wp","href":"https:\/\/api.w.org\/{rel}","templated":true}]}}